{"id":244485,"date":"2025-07-12T08:28:13","date_gmt":"2025-07-12T08:28:13","guid":{"rendered":"https:\/\/www.europesays.com\/fr\/244485\/"},"modified":"2025-07-12T08:28:13","modified_gmt":"2025-07-12T08:28:13","slug":"historique-independantistes-et-non-independantistes-signent-un-accord-pour-la-nouvelle-caledonie","status":"publish","type":"post","link":"https:\/\/www.europesays.com\/fr\/244485\/","title":{"rendered":"\u00ab\u00a0Historique\u00a0\u00bb\u00a0: ind\u00e9pendantistes et non ind\u00e9pendantistes signent un accord pour la Nouvelle-Cal\u00e9donie"},"content":{"rendered":"<p class=\"paragraph text_align_left lp-f-body-02\">\u00c0 17 000 km de Noum\u00e9a, enferm\u00e9es dans un h\u00f4tel de Bougival (Yvelines) depuis plus d\u2019une semaine, les d\u00e9l\u00e9gations repr\u00e9sentants les forces politiques de Nouvelle-Cal\u00e9donie sont parvenues \u00e0 faire <a href=\"https:\/\/www.leparisien.fr\/politique\/nouvelle-caledonie-les-negociations-sur-lavenir-institutionnel-sachevent-sans-accord-08-05-2025-M2TIBE3EW5DRNBB32JPANIKKPU.php\" target=\"_blank\" rel=\"noreferrer noopener\">ce qu\u2019elles n\u2019ont jamais touch\u00e9 du doigt depuis un an<\/a>. Dans la soir\u00e9e de vendredi, elles ont act\u00e9 un nouvel accord \u00ab historique \u00bb sur l\u2019avenir de l\u2019archipel, ravag\u00e9 <a href=\"https:\/\/www.leparisien.fr\/economie\/nous-sommes-en-mode-survie-leconomie-de-la-nouvelle-caledonie-au-bord-du-gouffre-20-09-2024-NPZKIZ77AFBLZBUZBDWIGEWLYY.php\" target=\"_blank\" rel=\"noreferrer noopener\">par des violences insurrectionnelles en mai 2024<\/a>, avant de le signer officiellement ce samedi matin \u00e0 6h58 autour de Manuel Valls. <\/p>\n<p class=\"paragraph text_align_left lp-f-body-02\">Tous s\u2019engagent \u00e0 \u00ab pr\u00e9senter \u00e0 et d\u00e9fendre le texte \u00bb pour trouver une solution \u00ab p\u00e9renne \u00bb, \u00ab offrir \u00e0 la Nouvelle-Cal\u00e9donie un avenir de paix et de prosp\u00e9rit\u00e9 \u00bb et \u00ab instaurer une nouvelle \u00e8re de stabilit\u00e9 \u00bb. L\u2019ensemble des parties prenantes devrait \u00eatre re\u00e7u cet apr\u00e8s-midi par Emmanuel Macron \u00e0 l\u2019Elys\u00e9e.<\/p>\n<p class=\"paragraph text_align_left lp-f-body-02\">Cette signature marque l\u2019aboutissement d\u2019un conflit larv\u00e9 entre les ind\u00e9pendantistes et le gouvernement sur le \u00ab d\u00e9gel du corps \u00e9lectoral \u00bb cal\u00e9donien, dont les ind\u00e9pendantistes n\u2019ont jamais voulu. Depuis, l\u2019\u00e9conomie locale est \u00e0 terre et l\u2019absence de compromis sur le futur institutionnel du Caillou emp\u00eachait le d\u00e9but de la reconstruction.<\/p>\n<p class=\"paragraph text_align_left lp-f-body-02\">Selon le document d\u2019une dizaine de pages formalisant ce compromis politique, d\u00e9crit par une source pr\u00e9sente pendant les n\u00e9gociations, la Nouvelle-Cal\u00e9donie passerait sous le statut \u00ab sui generis \u00bb actant pour l\u2019archipel \u00ab une nouvelle page de son histoire \u00bb. Autrement dit, la Nouvelle-Cal\u00e9donie deviendrait \u00ab un \u00c9tat int\u00e9gr\u00e9 \u00e0 la France \u00bb, interpr\u00e8te une source loyaliste (non-ind\u00e9pendantiste). Une formulation suffisamment floue pour donner \u00ab un sacr\u00e9 mal de cr\u00e2ne aux constitutionnalistes \u00bb et convenir \u00e0 l\u2019ensemble des participants.<\/p>\n<p class=\"paragraph text_align_left lp-f-body-02\">\u00ab On laisse aussi la possibilit\u00e9 au congr\u00e8s cal\u00e9donien de modifier ce statut dans les ann\u00e9es \u00e0 venir, poursuit la m\u00eame source. On a \u00e9t\u00e9 aux confins de l\u2019autonomie. On a \u00e9t\u00e9 jusqu\u2019\u00e0 la limite du lagon avant d\u2019atteindre la haute mer. \u00bb Les \u00e9lections provinciales, qui devaient se tenir \u00e0 la fin de l\u2019ann\u00e9e, seraient quant \u00e0 elles une nouvelle fois report\u00e9e en \u00ab mai et juin \u00bb 2026.<\/p>\n<p>\u00ab Attention au petit grain de sable dans la derni\u00e8re ligne droite \u00bb<\/p>\n<p class=\"paragraph text_align_left lp-f-body-02\">Jusqu\u2019au bout, rien n\u2019\u00e9tait acquis tant les positions des ind\u00e9pendantistes et des non-ind\u00e9pendantistes les plus radicaux \u00e9taient \u00e9loign\u00e9es. Les acteurs des n\u00e9gociations ne pipaient mot, de peur de voir leurs discussions voler en \u00e9clat.<\/p>\n<p class=\"paragraph text_align_left lp-f-body-02\">\u00ab Attention au petit grain de sable dans la derni\u00e8re ligne droite \u00bb, s\u2019inqui\u00e9tait encore une des parties ce vendredi soir. \u00ab Dans les derniers 100 m, \u00e7a peut finir dans le mur \u00bb, soufflait un autre. \u00ab Les points d\u2019\u00e9quilibre sont toujours en discussion. Puis, les d\u00e9l\u00e9gations qui n\u2019ont pas le mandat de leurs instances politiques devront les consulter avant une signature \u00e9ventuelle des grands principes \u00bb, expliquait Roch Wamytan, l\u2019ancien chef du FLNKS.<\/p>\n<p class=\"paragraph text_align_left lp-f-body-02\">En mai 2025, le ministre d\u2019\u00c9tat des Outre-Mer, <a href=\"https:\/\/www.leparisien.fr\/politique\/manuel-valls\/\" target=\"_blank\" rel=\"noreferrer noopener\">Manuel Valls<\/a>, s\u2019\u00e9tait d\u00e9j\u00e0 cass\u00e9 les dents sur l\u2019intransigeance des loyalistes, qui craignaient de voir l\u2019ind\u00e9pendance de l\u2019archipel se mat\u00e9rialiser par le projet mis sur la table par le gouvernement. Mais le ministre avait de tout de m\u00eame r\u00e9ussi \u00e0 entamer une premi\u00e8re phase de discussion au sein d\u2019une classe politique cal\u00e9donienne \u00e0 vif.<\/p>\n<p>Une semaine de r\u00e9unions, d\u2019entretiens bilat\u00e9raux et\u2026 de parties de belotes<\/p>\n<p class=\"paragraph text_align_left lp-f-body-02\">Le dialogue a repris \u00e0 Paris \u00e0 partir du 2 juillet, sous l\u2019impulsion d\u2019Emmanuel Macron, lors d\u2019un sommet organis\u00e9 \u00e0 l\u2019\u00c9lys\u00e9e sur l\u2019avenir du Caillou. Il s\u2019est donc poursuivi dans un h\u00f4tel de Bougival, au milieu des touristes, pendant plus d\u2019une semaine, o\u00f9 les r\u00e9unions, les entretiens bilat\u00e9raux et les parties de belotes comme de ping-pong se sont encha\u00een\u00e9s pendant des jours sous l\u2019\u0153il, entre autres, de Manuel Valls, d\u2019\u00c9ric Thiers, conseiller du Premier ministre, et de Patrice Faure, le directeur de cabinet d\u2019Emmanuel Macron (et Haut-commissaire de la R\u00e9publique en Nouvelle-Cal\u00e9donie). \u00ab Une chose a \u00e9t\u00e9 remise au clair, c\u2019est l\u2019alignement de l\u2019ex\u00e9cutif sur le sujet. C\u2019est le ministre qui a men\u00e9 la danse avec l\u2019appui de l\u2019\u00c9lys\u00e9e, assure un proche de Valls, qui en priv\u00e9, n\u2019a jamais adopt\u00e9 la m\u00eame ligne qu\u2019Emmanuel Macron sur la Nouvelle-Cal\u00e9donie. Il n\u2019y a pas eu de dissonance et \u00e7a a permis de traiter le fond. \u00bb<\/p>\n<p class=\"paragraph text_align_left lp-f-body-02\">Clo\u00eetr\u00e9s, les n\u00e9gociateurs ont peu \u00e0 peu r\u00e9ussi \u00e0 mettre leurs d\u00e9saccords de c\u00f4t\u00e9 en se montrant \u00ab cr\u00e9atifs \u00bb et en \u00e9vitant les mots qui f\u00e2chent, dans un \u00e9tablissement habitu\u00e9 \u00e0 recevoir des s\u00e9minaires. \u00ab Certains ont fait des petites balades ou sont all\u00e9s au resto parce qu\u2019on n\u2019en pouvait plus de manger \u00e0 l\u2019h\u00f4tel \u00bb, raconte un participant. M\u00eame Manuel Valls a pratiqu\u00e9 le tennis de table. \u00ab Il a un petit revers lift\u00e9 que pas mal de d\u00e9l\u00e9gations ont pu t\u00e2ter \u00bb, s\u2019amuse un proche.<\/p>\n<p class=\"paragraph text_align_left lp-f-body-02\">Le pr\u00e9sident du FLNKS, Christian Tein, qui \u00e9tait d\u00e9tenu en m\u00e9tropole <a href=\"https:\/\/www.leparisien.fr\/politique\/emeutes-en-nouvelle-caledonie-au-printemps-2024-le-leader-independantiste-kanak-christian-tein-remis-en-liberte-12-06-2025-WUWDHKKRUVB4NI7EYQF2JQIS5Y.php\" target=\"_blank\" rel=\"noreferrer noopener\">avant d\u2019\u00eatre rel\u00e2ch\u00e9<\/a>, n\u2019\u00e9tait pas physiquement dans les n\u00e9gociations mais s\u2019en tenait inform\u00e9 depuis la commune des Yvelines. Ce samedi, c\u2019est apr\u00e8s la validation d\u2019un ultime bureau politique du FLNKS que ce compromis a pu officiellement voir le jour, chacun des participants acceptant de poser ensemble pour une photo de famille. Trente-sept ans apr\u00e8s les accords de Matignon Nouvelle-Cal\u00e9donie qui avaient permis le r\u00e9tablissement de la paix civile.<\/p>\n","protected":false},"excerpt":{"rendered":"\u00c0 17 000 km de Noum\u00e9a, enferm\u00e9es dans un h\u00f4tel de Bougival (Yvelines) depuis plus d\u2019une semaine, les&hellip;\n","protected":false},"author":2,"featured_media":244486,"comment_status":"","ping_status":"","sticky":false,"template":"","format":"standard","meta":{"footnotes":""},"categories":[4],"tags":[11,1011,27,12,316,25],"class_list":{"0":"post-244485","1":"post","2":"type-post","3":"status-publish","4":"format-standard","5":"has-post-thumbnail","7":"category-france","8":"tag-actualites","9":"tag-fr","10":"tag-france","11":"tag-news","12":"tag-politique","13":"tag-republique-francaise"},"share_on_mastodon":{"url":"https:\/\/pubeurope.com\/@fr\/114839322849557751","error":""},"_links":{"self":[{"href":"https:\/\/www.europesays.com\/fr\/wp-json\/wp\/v2\/posts\/244485","targetHints":{"allow":["GET"]}}],"collection":[{"href":"https:\/\/www.europesays.com\/fr\/wp-json\/wp\/v2\/posts"}],"about":[{"href":"https:\/\/www.europesays.com\/fr\/wp-json\/wp\/v2\/types\/post"}],"author":[{"embeddable":true,"href":"https:\/\/www.europesays.com\/fr\/wp-json\/wp\/v2\/users\/2"}],"replies":[{"embeddable":true,"href":"https:\/\/www.europesays.com\/fr\/wp-json\/wp\/v2\/comments?post=244485"}],"version-history":[{"count":0,"href":"https:\/\/www.europesays.com\/fr\/wp-json\/wp\/v2\/posts\/244485\/revisions"}],"wp:featuredmedia":[{"embeddable":true,"href":"https:\/\/www.europesays.com\/fr\/wp-json\/wp\/v2\/media\/244486"}],"wp:attachment":[{"href":"https:\/\/www.europesays.com\/fr\/wp-json\/wp\/v2\/media?parent=244485"}],"wp:term":[{"taxonomy":"category","embeddable":true,"href":"https:\/\/www.europesays.com\/fr\/wp-json\/wp\/v2\/categories?post=244485"},{"taxonomy":"post_tag","embeddable":true,"href":"https:\/\/www.europesays.com\/fr\/wp-json\/wp\/v2\/tags?post=244485"}],"curies":[{"name":"wp","href":"https:\/\/api.w.org\/{rel}","templated":true}]}}