{"id":244491,"date":"2025-07-12T08:33:13","date_gmt":"2025-07-12T08:33:13","guid":{"rendered":"https:\/\/www.europesays.com\/fr\/244491\/"},"modified":"2025-07-12T08:33:13","modified_gmt":"2025-07-12T08:33:13","slug":"football-des-joueurs-de-las-nancy-lorraine-ce-samedi-a-une-guinguette-du-parc-olry-pour-la-bonne-cause","status":"publish","type":"post","link":"https:\/\/www.europesays.com\/fr\/244491\/","title":{"rendered":"Football. Des joueurs de l\u2019AS Nancy Lorraine ce samedi \u00e0 une guinguette du Parc Olry pour la bonne cause"},"content":{"rendered":"<p>C\u2019est la mode des guinguettes en ce moment, \u00e0 Nancy et dans beaucoup d\u2019autres villes de France. Mais l\u00e0, on vous parle l\u00e0 d\u2019une guinguette d\u2019un autre genre, une guinguette de la solidarit\u00e9 qui ouvre ses portes \u00e0 diff\u00e9rentes associations afin de r\u00e9cup\u00e9rer des fonds pour la bonne cause.<\/p>\n<p>Cette guinguette, situ\u00e9e au Parc Olry de Nancy, sera anim\u00e9e ce samedi apr\u00e8s-midi par l\u2019association \u00ab\u00a0Tout en cooleurs\u00a0\u00bb \u00e0 travers des olympiades. <a href=\"https:\/\/www.estrepublicain.fr\/sport\/2025\/06\/25\/as-nancy-lorraine-le-point-sur-l-effectif-apres-la-premiere-signature-et-les-annonces-de-depart\" target=\"_blank\" rel=\"noopener\">Quelques joueurs de l\u2019ASNL<\/a> ont d\u2019ores et d\u00e9j\u00e0 donn\u00e9 leur accord pour participer \u00e0 cette belle action populaire\u00a0: Martin Sourzac, Bakari Camara, Cazim Suljic et Zakaria Fdaouch.<\/p>\n<p>Les footballeurs nanc\u00e9iens seront de la partie ce samedi apr\u00e8s-midi au Parc Olry de Nancy. En esp\u00e9rant que le plus de monde possible vienne, au m\u00eame endroit, passer un bon moment, pour la bonne cause.<\/p>\n","protected":false},"excerpt":{"rendered":"C\u2019est la mode des guinguettes en ce moment, \u00e0 Nancy et dans beaucoup d\u2019autres villes de France. Mais&hellip;\n","protected":false},"author":2,"featured_media":244492,"comment_status":"","ping_status":"","sticky":false,"template":"","format":"standard","meta":{"footnotes":""},"categories":[9635],"tags":[1111,11,3703,1704,1777,674,63,1011,27,775,1702,1703,12,25,517,1700],"class_list":{"0":"post-244491","1":"post","2":"type-post","3":"status-publish","4":"format-standard","5":"has-post-thumbnail","7":"category-nancy","8":"tag-actu","9":"tag-actualites","10":"tag-asnl","11":"tag-edition-nancy-et-agglomeration","12":"tag-eu","13":"tag-europe","14":"tag-football","15":"tag-fr","16":"tag-france","17":"tag-grand-est","18":"tag-nancy","19":"tag-nancy-ville-54b","20":"tag-news","21":"tag-republique-francaise","22":"tag-sport","23":"tag-sport-lorrain"},"share_on_mastodon":{"url":"https:\/\/pubeurope.com\/@fr\/114839342453444958","error":""},"_links":{"self":[{"href":"https:\/\/www.europesays.com\/fr\/wp-json\/wp\/v2\/posts\/244491","targetHints":{"allow":["GET"]}}],"collection":[{"href":"https:\/\/www.europesays.com\/fr\/wp-json\/wp\/v2\/posts"}],"about":[{"href":"https:\/\/www.europesays.com\/fr\/wp-json\/wp\/v2\/types\/post"}],"author":[{"embeddable":true,"href":"https:\/\/www.europesays.com\/fr\/wp-json\/wp\/v2\/users\/2"}],"replies":[{"embeddable":true,"href":"https:\/\/www.europesays.com\/fr\/wp-json\/wp\/v2\/comments?post=244491"}],"version-history":[{"count":0,"href":"https:\/\/www.europesays.com\/fr\/wp-json\/wp\/v2\/posts\/244491\/revisions"}],"wp:featuredmedia":[{"embeddable":true,"href":"https:\/\/www.europesays.com\/fr\/wp-json\/wp\/v2\/media\/244492"}],"wp:attachment":[{"href":"https:\/\/www.europesays.com\/fr\/wp-json\/wp\/v2\/media?parent=244491"}],"wp:term":[{"taxonomy":"category","embeddable":true,"href":"https:\/\/www.europesays.com\/fr\/wp-json\/wp\/v2\/categories?post=244491"},{"taxonomy":"post_tag","embeddable":true,"href":"https:\/\/www.europesays.com\/fr\/wp-json\/wp\/v2\/tags?post=244491"}],"curies":[{"name":"wp","href":"https:\/\/api.w.org\/{rel}","templated":true}]}}