{"id":244505,"date":"2025-07-12T08:43:09","date_gmt":"2025-07-12T08:43:09","guid":{"rendered":"https:\/\/www.europesays.com\/fr\/244505\/"},"modified":"2025-07-12T08:43:09","modified_gmt":"2025-07-12T08:43:09","slug":"envoyez-nous-vos-photos-et-videos","status":"publish","type":"post","link":"https:\/\/www.europesays.com\/fr\/244505\/","title":{"rendered":"envoyez nous vos photos et vid\u00e9os"},"content":{"rendered":"<p>            Par<br \/>\n        <strong><br \/>\n            <a href=\"https:\/\/actu.fr\/auteur\/brian-legoff\" title=\"Consulter tous les articles de Brian Le Goff\" rel=\"nofollow noopener\" target=\"_blank\">Brian Le Goff<\/a><br \/>\n        <\/strong><\/p>\n<p>        Publi\u00e9 le<\/p>\n<p>            12 juil. 2025 \u00e0 10h26        <\/p>\n<p><strong>Caravane, coureurs, attente, ambiance, repas, f\u00eate, belles histoires\u2026<\/strong> Le <a href=\"https:\/\/actu.fr\/evenements\/tour-de-france\/tour-de-france-2025-decouvrez-la-huitieme-etape-entre-saint-meen-le-grand-et-laval_62557085.html\" rel=\"nofollow noopener\" target=\"_blank\">Tour de France<\/a> est de retour en <a href=\"https:\/\/actu.fr\/bretagne\/\" rel=\"nofollow noopener\" target=\"_blank\">Bretagne<\/a> en 2025 apr\u00e8s quatre ans d\u2019absence.<\/p>\n<p class=\" wall-content\"><strong>D\u00e8s vendredi, pour l\u2019\u00e9tape 7<\/strong> entre <a href=\"https:\/\/actu.fr\/bretagne\/saint-malo_35288\/coulisses-village-coureurs-caravane-suivez-le-depart-de-la-7e-etape-du-tour-a-saint-malo_62899052.html\" rel=\"nofollow noopener\" target=\"_blank\">Saint-Malo<\/a> et <a href=\"https:\/\/actu.fr\/bretagne\/guerledan_22158\/tour-de-france-2025-dans-les-cotes-damor-la-fete-bat-deja-son-plein-a-larrivee-de-letape_62902444.html\" rel=\"nofollow noopener\" target=\"_blank\">M\u00fbr-de-Bretagne<\/a>, le public \u00e9tait venu en nombre.<\/p>\n<p class=\" wall-content\">Ce sera encore le cas <strong>ce samedi 12\u00a0juillet,<\/strong> entre Saint-M\u00e9en-le-Grand, <a href=\"https:\/\/actu.fr\/bretagne\/saint-meen-le-grand_35297\/tour-de-france-2025-qui-etait-louison-bobet-a-qui-l-etape-8-rend-hommage-samedi-12-juillet_62878371.html\" rel=\"nofollow noopener\" target=\"_blank\">ville natale du premier triple vainqueur de la Grande boucle Louison Bobet<\/a>, et Laval, en Mayenne. Une \u00e9tape majoritairement br\u00e9tillienne.<\/p>\n<p>Comment nous envoyer vos photos et vid\u00e9os\u2009?<\/p>\n<p class=\" wall-content\">Et parce que nous sommes s\u00fbrs que vous serez beaucoup \u00e0 \u00eatre pr\u00e9sents sur le bord de la route, <a href=\"https:\/\/actu.fr\/bretagne\/saint-meen-le-grand_35297\/tour-de-france-2025-qui-etait-louison-bobet-a-qui-l-etape-8-rend-hommage-samedi-12-juillet_62878371.html\" rel=\"nofollow noopener\" target=\"_blank\">actu Rennes <\/a><strong>vous invite \u00e0 partager vos photos et vid\u00e9os<\/strong> de l\u2019ambiance autour de vous.<\/p>\n<p class=\" wall-content\">Pour cela, plusieurs moyens\u2009:<\/p>\n<p>Vid\u00e9os : en ce moment sur Actu<\/p>\n<ul class=\" wall-content\">\n<li>sur<strong> nos r\u00e9seaux sociaux<\/strong> <a href=\"https:\/\/www.facebook.com\/Rennes24\/\" rel=\"nofollow noopener\" target=\"_blank\">Facebook<\/a>, <a href=\"https:\/\/www.instagram.com\/actu_rennes\/\" rel=\"nofollow noopener\" target=\"_blank\">Instagram<\/a>, <a href=\"https:\/\/x.com\/Rennes24\" rel=\"nofollow\">X<\/a>\u2009;<\/li>\n<li>sur notre adresse mail <strong><a href=\"https:\/\/actu.fr\/cdn-cgi\/l\/email-protection\" class=\"__cf_email__\" data-cfemail=\"b4c6d1d0d5d7c0dddbda9ac6d1dadad1c7f4d5d7c0c19ad2c6\" rel=\"nofollow noopener\" target=\"_blank\">[email\u00a0protected]<\/a><\/strong>\u2009;<\/li>\n<li>via <strong>WhatsApp au 07\u200964\u200972\u200912\u200970<\/strong>.<\/li>\n<\/ul>\n<p class=\" wall-content\">Nous essayerons d\u2019en <strong>publier un maximum<\/strong> sur nos r\u00e9seaux sociaux et actu Rennes.<\/p>\n<p class=\" wall-content\">Suivez toute l\u2019actualit\u00e9 de vos villes et m\u00e9dias favoris en vous inscrivant \u00e0 <a href=\"https:\/\/moncompte.actu.fr\" title=\"D\u00e9couvez Mon Actu\" rel=\"nofollow noopener\" data-trk=\"{&quot;cta&quot;:{&quot;action&quot;:&quot;https:\\\/\\\/moncompte.actu.fr&quot;,&quot;category&quot;:&quot;mon compte&quot;,&quot;from&quot;:&quot;article footer&quot;,&quot;name&quot;:&quot;Mon actu&quot;,&quot;type&quot;:&quot;cta&quot;}}\" target=\"_blank\">Mon Actu<\/a>.<\/p>\n<ul class=\"ac-article-tag wall-content\">\n<li><a href=\"https:\/\/actu.fr\/tag\/tour-de-france\" data-trk=\"{&quot;cta&quot;:{&quot;action&quot;:&quot;Tour de France&quot;,&quot;category&quot;:&quot;tag&quot;,&quot;from&quot;:&quot;article footer&quot;,&quot;name&quot;:&quot;Tour de France&quot;,&quot;type&quot;:&quot;cta&quot;}}\" rel=\"nofollow noopener\" target=\"_blank\">#Tour de France<\/a><\/li>\n<li><a href=\"https:\/\/actu.fr\/tag\/tour-de-france-2025\" data-trk=\"{&quot;cta&quot;:{&quot;action&quot;:&quot;Tour de France 2025&quot;,&quot;category&quot;:&quot;tag&quot;,&quot;from&quot;:&quot;article footer&quot;,&quot;name&quot;:&quot;Tour de France 2025&quot;,&quot;type&quot;:&quot;cta&quot;}}\" rel=\"nofollow noopener\" target=\"_blank\">#Tour de France 2025<\/a><\/li>\n<\/ul>\n<p>                    <script async src=\"\/\/www.instagram.com\/embed.js\"><\/script><\/p>\n","protected":false},"excerpt":{"rendered":"Par Brian Le Goff Publi\u00e9 le 12 juil. 2025 \u00e0 10h26 Caravane, coureurs, attente, ambiance, repas, f\u00eate, belles&hellip;\n","protected":false},"author":2,"featured_media":244506,"comment_status":"","ping_status":"","sticky":false,"template":"","format":"standard","meta":{"footnotes":""},"categories":[2821],"tags":[1111,11,829,1777,674,3696,1011,27,12,584,25,210,2116],"class_list":{"0":"post-244505","1":"post","2":"type-post","3":"status-publish","4":"format-standard","5":"has-post-thumbnail","7":"category-rennes","8":"tag-actu","9":"tag-actualites","10":"tag-bretagne","11":"tag-eu","12":"tag-europe","13":"tag-evenements","14":"tag-fr","15":"tag-france","16":"tag-news","17":"tag-rennes","18":"tag-republique-francaise","19":"tag-tour-de-france","20":"tag-tour-de-france-2025"},"share_on_mastodon":{"url":"https:\/\/pubeurope.com\/@fr\/114839382087367860","error":""},"_links":{"self":[{"href":"https:\/\/www.europesays.com\/fr\/wp-json\/wp\/v2\/posts\/244505","targetHints":{"allow":["GET"]}}],"collection":[{"href":"https:\/\/www.europesays.com\/fr\/wp-json\/wp\/v2\/posts"}],"about":[{"href":"https:\/\/www.europesays.com\/fr\/wp-json\/wp\/v2\/types\/post"}],"author":[{"embeddable":true,"href":"https:\/\/www.europesays.com\/fr\/wp-json\/wp\/v2\/users\/2"}],"replies":[{"embeddable":true,"href":"https:\/\/www.europesays.com\/fr\/wp-json\/wp\/v2\/comments?post=244505"}],"version-history":[{"count":0,"href":"https:\/\/www.europesays.com\/fr\/wp-json\/wp\/v2\/posts\/244505\/revisions"}],"wp:featuredmedia":[{"embeddable":true,"href":"https:\/\/www.europesays.com\/fr\/wp-json\/wp\/v2\/media\/244506"}],"wp:attachment":[{"href":"https:\/\/www.europesays.com\/fr\/wp-json\/wp\/v2\/media?parent=244505"}],"wp:term":[{"taxonomy":"category","embeddable":true,"href":"https:\/\/www.europesays.com\/fr\/wp-json\/wp\/v2\/categories?post=244505"},{"taxonomy":"post_tag","embeddable":true,"href":"https:\/\/www.europesays.com\/fr\/wp-json\/wp\/v2\/tags?post=244505"}],"curies":[{"name":"wp","href":"https:\/\/api.w.org\/{rel}","templated":true}]}}