{"id":244507,"date":"2025-07-12T08:44:15","date_gmt":"2025-07-12T08:44:15","guid":{"rendered":"https:\/\/www.europesays.com\/fr\/244507\/"},"modified":"2025-07-12T08:44:15","modified_gmt":"2025-07-12T08:44:15","slug":"mulhouse-coworking-cafe-boutique-les-compotes-un-futur-tiers-lieu-a-la-societe-industrielle","status":"publish","type":"post","link":"https:\/\/www.europesays.com\/fr\/244507\/","title":{"rendered":"Mulhouse. Coworking, caf\u00e9, boutique\u2026 Les Compotes, un futur tiers-lieu \u00e0 la soci\u00e9t\u00e9 industrielle"},"content":{"rendered":"<p>Rencontrer, partager, apprendre, d\u00e9couvrir, cr\u00e9er, consommer, patienter, travailler\u2026 Pas simple de d\u00e9crire le concept des Compotes puisque ses objectifs se d\u00e9clinent presque \u00e0 l\u2019infini. \u00ab\u00a0Peut-\u00eatre en le nommant lieu de ressources\u00a0?\u00a0\u00bb, estime Marie-Elisabeth North, sa cofondatrice, par ailleurs directrice de l\u2019agence de communication 360\u00b0 North depuis sept ans. \u00ab\u00a0Les Compotes, c\u2019est tout simplement parce qu\u2019il y a plein de choses dedans et parce que c\u2019est bon. Ce n\u2019est pas plus compliqu\u00e9 que \u00e7a\u00a0\u00bb, sourit-elle.<\/p>\n<p>    &#13;<br \/>\n    &#13;<br \/>\n    &#13;<br \/>\n    <a href=\"https:\/\/cdn-s-www.lalsace.fr\/images\/8551d9eb-3b17-4260-8d87-122a0a8d4223\/NW_raw\/espace-de-coworking-cafe-boutique-de-produits-locaux-lieu-de-rencontre-a-strasbourg-le-tiers-lieu-les-compostes-a-ouvert-fin-juillet-2021-photo-archives-laurent-rea-1752242942.jpg\" title=\"Espace de coworking, caf\u00e9, boutique de produits locaux, lieu de rencontre\u2026 \u00c0 Strasbourg, le tiers-lieu Les Compostes a ouvert fin juillet\u00a02021. \u00a0 Photo archives Laurent R\u00e9a\" class=\"chocolat-image GA-tracking\" data-ga_type=\"click\" data-ga_category=\"D\u00e9tail\" data-ga_action=\"zoomer\" data-ga_label=\"aggrandir image\" target=\"_blank\" rel=\"noopener\">&#13;<br \/>\n        <img src=\"https:\/\/www.europesays.com\/fr\/wp-content\/uploads\/2025\/07\/espace-de-coworking-cafe-boutique-de-produits-locaux-lieu-de-rencontre-a-strasbourg-le-tiers-lieu-le.jpeg\"   alt=\"Espace de coworking, caf\u00e9, boutique de produits locaux, lieu de rencontre\u2026 \u00c0 Strasbourg, le tiers-lieu Les Compostes a ouvert fin juillet\u00a02021. \u00a0 Photo archives Laurent R\u00e9a\" fetchpriority=\"high\" decoding=\"async\" data-mobile=\"NW_listA_M|1752242942\" data-base=\"NW_listA|1752242942\"\/>&#13;<br \/>\n    <\/a>&#13;<\/p>\n<p> Espace de coworking, caf\u00e9, boutique de produits locaux, lieu de rencontre\u2026 \u00c0 Strasbourg, le tiers-lieu Les Compostes a ouvert fin juillet\u00a02021. \u00a0 Photo archives Laurent R\u00e9a <\/p>\n<p>  Marie-Elisabeth North\u00a0: \u00ab\u00a0Un lieu hybride bas\u00e9 sur le partage, l\u2019entraide et la coop\u00e9ration\u00a0\u00bb<\/p>\n<p>L\u2019entrepreneuse a b\u00e2ti son projet, pour sa majeure partie, durant la crise sanitaire, avec le sentiment d\u2019isolement massif qu\u2019elle a provoqu\u00e9 et que la jeune femme a fortement per\u00e7u autour d\u2019elle. \u00ab\u00a0En m\u2019inspirant de ce que j\u2019ai pu voir \u00e0 l\u2019\u00e9tranger, notamment au Canada ou en Angleterre, en y imbriquant mes valeurs les plus ch\u00e8res, l\u2019ensemble a pris petit \u00e0 petit corps dans mon esprit\u00a0\u00bb, explique celle qui r\u00eave d\u2019un \u00ab\u00a0lieu qui permette de rendre visible les actions de ceux qui le fr\u00e9quentent pour se tirer les uns les autres vers le haut.\u00a0Un lieu hybride bas\u00e9 sur le partage, l\u2019entraide et la coop\u00e9ration\u00a0\u00bb.<\/p>\n<p>    &#13;<br \/>\n    &#13;<br \/>\n    &#13;<br \/>\n    <a href=\"https:\/\/cdn-s-www.lalsace.fr\/images\/d5552362-5ff1-471c-bd80-02230ba3a2ad\/NW_raw\/depuis-la-terrasse-situee-dans-la-cour-interieure-de-la-societe-industrielle-on-peut-voir-la-gare-de-mulhouse-laquelle-se-trouve-a-deux-pas-des-compotes-photo-elisa-meyer-1752242945.jpg\" title=\"Depuis la terrasse situ\u00e9e dans la cour int\u00e9rieure de la soci\u00e9t\u00e9 industrielle, on peut voir la gare de Mulhouse, laquelle se trouve \u00e0 deux pas des Compotes. \u00a0 Photo Elisa Meyer\" class=\"chocolat-image GA-tracking\" data-ga_type=\"click\" data-ga_category=\"D\u00e9tail\" data-ga_action=\"zoomer\" data-ga_label=\"aggrandir image\" target=\"_blank\" rel=\"noopener\">&#13;<br \/>\n        <img src=\"https:\/\/www.europesays.com\/fr\/wp-content\/uploads\/2025\/07\/depuis-la-terrasse-situee-dans-la-cour-interieure-de-la-societe-industrielle-on-peut-voir-la-gare-de.jpeg\"   alt=\"Depuis la terrasse situ\u00e9e dans la cour int\u00e9rieure de la soci\u00e9t\u00e9 industrielle, on peut voir la gare de Mulhouse, laquelle se trouve \u00e0 deux pas des Compotes. \u00a0 Photo Elisa Meyer\" fetchpriority=\"high\" decoding=\"async\" data-mobile=\"NW_listA_M|1752242945\" data-base=\"NW_listA|1752242945\"\/>&#13;<br \/>\n    <\/a>&#13;<\/p>\n<p> Depuis la terrasse situ\u00e9e dans la cour int\u00e9rieure de la soci\u00e9t\u00e9 industrielle, on peut voir la gare de Mulhouse, laquelle se trouve \u00e0 deux pas des Compotes. \u00a0 Photo Elisa Meyer <\/p>\n<p>  Rassembler des savoirs et des savoir-faire<\/p>\n<p>\u00ab\u00a0Que l\u2019on soit une femme qui allaite son b\u00e9b\u00e9, un \u00e9tudiant \u00e9tranger ayant des difficult\u00e9s \u00e0 s\u2019int\u00e9grer, un voyageur en transit \u00e0 Mulhouse [la gare se situe \u00e0 un saut de puce], une grand-m\u00e8re qui souhaite tricoter ou proposer un atelier r\u00e9current, une personne \u00e0 la recherche d\u2019une information lambda, un groupe d\u2019amis d\u00e9sirant partager un verre, un professionnel \u00e0 la recherche d\u2019un lieu calme pour se connecter et travailler depuis son ordinateur, un artiste int\u00e9ress\u00e9 par la possibilit\u00e9 d\u2019exposer, une famille ayant envie de s\u2019attabler autour d\u2019un jeu de soci\u00e9t\u00e9, chacun trouvera la r\u00e9ponse \u00e0 son besoin chez nous. Et ceci, de mani\u00e8re spontan\u00e9e. Notre priorit\u00e9, c\u2019est d\u2019offrir un lieu de vie, un lieu qui bouge, un lieu qui offre l\u2019opportunit\u00e9 de mettre en relation des personnes qui ne se rencontreraient pas forc\u00e9ment ailleurs. In fine, et <a href=\"https:\/\/www.dna.fr\/economie\/2021\/07\/28\/un-tiers-lieu-hybride-ouvre-ses-portes-a-neudorf\" target=\"_blank\" rel=\"noopener\">je l\u2019ai beaucoup observ\u00e9 \u00e0 Strasbourg<\/a>, c\u2019est \u00e9galement la possibilit\u00e9 de renforcer des comp\u00e9tences, de rassembler des savoirs et des savoir-faire, pour cr\u00e9er \u00e0 plusieurs un truc dans lequel on ne se serait jamais lanc\u00e9 seul\u00a0! C\u2019est \u00e7a l\u2019ADN des Compotes.\u00a0\u00bb<\/p>\n<p>    &#13;<br \/>\n    &#13;<br \/>\n    &#13;<br \/>\n    <a href=\"https:\/\/cdn-s-www.lalsace.fr\/images\/f5326e89-ef24-4a2a-bd65-0a4b6b5c6d95\/NW_raw\/l-espace-de-coworking-et-ses-18-postes-de-travail-tel-qu-il-est-propose-par-les-compotes-dans-le-quartier-du-neudorf-a-strasbourg-photo-archives-sebastien-north-1752242942.jpg\" title=\"L\u2019espace de coworking et ses 18 postes de travail tel qu\u2019il est propos\u00e9 par Les Compotes dans le quartier du Neudorf, \u00e0 Strasbourg. \u00a0 Photo archives S\u00e9bastien North\" class=\"chocolat-image GA-tracking\" data-ga_type=\"click\" data-ga_category=\"D\u00e9tail\" data-ga_action=\"zoomer\" data-ga_label=\"aggrandir image\" target=\"_blank\" rel=\"noopener\">&#13;<br \/>\n        <img src=\"https:\/\/www.europesays.com\/fr\/wp-content\/uploads\/2025\/07\/l-espace-de-coworking-et-ses-18-postes-de-travail-tel-qu-il-est-propose-par-les-compotes-dans-le-qua.jpeg\"   alt=\"L\u2019espace de coworking et ses 18 postes de travail tel qu\u2019il est propos\u00e9 par Les Compotes dans le quartier du Neudorf, \u00e0 Strasbourg. \u00a0 Photo archives S\u00e9bastien North\" fetchpriority=\"high\" decoding=\"async\" data-mobile=\"NW_listA_M|1752242942\" data-base=\"NW_listA|1752242942\"\/>&#13;<br \/>\n    <\/a>&#13;<\/p>\n<p> L\u2019espace de coworking et ses 18 postes de travail tel qu\u2019il est propos\u00e9 par Les Compotes dans le quartier du Neudorf, \u00e0 Strasbourg. \u00a0 Photo archives S\u00e9bastien North <\/p>\n<p>  Des locaux privatisables<\/p>\n<p>Notons \u00e9galement que la location des bureaux (ind\u00e9pendants du \u00ab\u00a0lieu de vie\u00a0\u00bb) fait partie int\u00e9grante des services propos\u00e9s par Les Compotes. \u00ab\u00a0\u00c0 l\u2019heure, \u00e0 la journ\u00e9e ou au mois, tout est possible. De plus, l\u2019\u00e9tablissement peut \u00e9galement \u00eatre privatisable dans son int\u00e9gralit\u00e9, dans le cadre d\u2019une f\u00eate familiale, professionnelle,\u00a0etc.\u00a0\u00bb Enfin, Les Compotes, \u00e7a peut \u00e9galement servir de vitrine \u00e0 un commer\u00e7ant ou une association dans le cadre d\u2019une <a href=\"https:\/\/www.dna.fr\/economie\/2025\/06\/05\/un-pop-up-store-de-jouets-d-occasion-s-installe-aux-compotes-pendant-un-mois\" target=\"_parent\" rel=\"nofollow noopener\">vente \u00e9ph\u00e9m\u00e8re<\/a>.<\/p>\n<p>Si la visite des locaux d\u2019un peu plus de 200\u00a0m\u00b2, en ce d\u00e9but du mois de juillet, ne permet pas encore de se repr\u00e9senter la version am\u00e9nag\u00e9e du tiers-lieu, les explications de Marie-Elisabeth North facilitent la visualisation des espaces dans leur mouture finale. \u00ab\u00a0Une ouverture de la fa\u00e7ade [c\u00f4t\u00e9 square de la Bourse], sur l\u2019une des baies vitr\u00e9es existantes, doit \u00eatre entreprise pour permettre un acc\u00e8s direct et ind\u00e9pendant \u00e0 l\u2019espace int\u00e9rieur. Ensuite, d\u2019importants travaux d\u2019\u00e9lectricit\u00e9 sont n\u00e9cessaires, notamment pour permettre l\u2019alimentation de notre bar qui sera dispos\u00e9 en milieu de salle, align\u00e9 sur le c\u00f4t\u00e9 le plus long de la pi\u00e8ce. Ce positionnement le rendra accessible quelle que soit la place \u00e0 laquelle on est install\u00e9. Les plafonds vont \u00e9galement \u00eatre refaits. Globalement, il s\u2019agit vraiment de rendre le lieu adapt\u00e9 \u00e0 l\u2019usage d\u2019un \u00e9tablissement recevant du public.\u00a0\u00bb<\/p>\n<p>    &#13;<br \/>\n    &#13;<br \/>\n    &#13;<br \/>\n    <a href=\"https:\/\/cdn-s-www.lalsace.fr\/images\/a718474d-620d-439e-81e4-69304971a9db\/NW_raw\/le-plan-selon-lequel-les-locaux-seront-amenages-a-terme-dans-les-locaux-de-la-societe-industrielle-de-mulhouse-(sim)-dr-1752242945.jpg\" title=\"Le plan selon lequel les locaux seront am\u00e9nag\u00e9s, \u00e0 terme, dans les locaux de la Soci\u00e9t\u00e9 industrielle de Mulhouse (SIM). DR\" class=\"chocolat-image GA-tracking\" data-ga_type=\"click\" data-ga_category=\"D\u00e9tail\" data-ga_action=\"zoomer\" data-ga_label=\"aggrandir image\" target=\"_blank\" rel=\"noopener\">&#13;<br \/>\n        <img src=\"https:\/\/www.europesays.com\/fr\/wp-content\/uploads\/2025\/07\/le-plan-selon-lequel-les-locaux-seront-amenages-a-terme-dans-les-locaux-de-la-societe-industrielle-d.jpeg\"   alt=\"Le plan selon lequel les locaux seront am\u00e9nag\u00e9s, \u00e0 terme, dans les locaux de la Soci\u00e9t\u00e9 industrielle de Mulhouse (SIM). DR\" fetchpriority=\"high\" decoding=\"async\" data-mobile=\"NW_listA_M|1752242945\" data-base=\"NW_listA|1752242945\"\/>&#13;<br \/>\n    <\/a>&#13;<\/p>\n<p> Le plan selon lequel les locaux seront am\u00e9nag\u00e9s, \u00e0 terme, dans les locaux de la Soci\u00e9t\u00e9 industrielle de Mulhouse (SIM). DR <\/p>\n<p>  Un budget consid\u00e9rable et un pari<\/p>\n<p>Le budget\u00a0? \u00ab\u00a0Je devrais avoir peur parce qu\u2019il est cons\u00e9quent\u00a0: 300\u00a0000\u00a0euros. Fort heureusement, gr\u00e2ce aux diff\u00e9rentes subventions sollicit\u00e9es, l\u2019enveloppe globale est d\u00e9j\u00e0 financ\u00e9e \u00e0 hauteur de 60\u00a0% [France Active, La Nef, la Banque populaire et du Fonds europ\u00e9en de d\u00e9veloppement r\u00e9gional, NDLR]. Pour autant, le reste \u00e0 charge reste important. C\u2019est un risque. Un pari auquel je crois. Une dynamique r\u00e9jouissante s\u2019est cr\u00e9\u00e9e \u00e0 Mulhouse gr\u00e2ce aux Ateliers du commerce qui permettent de mettre en valeur les initiatives des commer\u00e7ants et artisans. On sent que <a href=\"https:\/\/www.lalsace.fr\/economie\/2024\/12\/18\/deux-projets-courts-circuits-recompenses\" target=\"_blank\" rel=\"noopener\">les \u00e9lus se saisissent de cet enjeu<\/a> qui va forc\u00e9ment de pair avec l\u2019ambitieux projet intitul\u00e9 Mulhouse se transforme, qui vise notamment \u00e0 renforcer l\u2019attractivit\u00e9 de la ville.\u00a0\u00bb<\/p>\n<p>Tout est \u00e0 faire, tout est \u00e0 inventer. Marie-Elisabeth North le sait d\u2019exp\u00e9rience. \u00ab\u00a0C\u2019est un lieu qui va se construire avec le temps, avec ceux qui le font. Et <a href=\"https:\/\/www.dna.fr\/societe\/2023\/05\/24\/a-neudorf-les-compotes-se-developpent-et-se-diversifient\" target=\"_blank\" rel=\"noopener\">qui va s\u2019ajuster aux besoins<\/a> qui \u00e9mergent et qui se cr\u00e9eront.\u00a0\u00bb Pour le lancement des Compotes, l\u2019ouverture est pr\u00e9vue de 8\u00a0h \u00e0 18\u00a0h, du lundi au vendredi, mais \u00e9galement les jours f\u00e9ri\u00e9s. \u00ab\u00a0Cependant, il n\u2019est pas exclu que les horaires soient \u00e9tendus au samedi, en soir\u00e9e, le dimanche. Cela se construira en fonction des demandes, des besoins.\u00a0\u00bb<\/p>\n<p>                                            <img class=\"placeholder-svg\" loading=\"lazy\" decoding=\"async\" src=\"https:\/\/cdn-files.prsmedia.fr\/files\/REDAC\/images\/svg\/placeholders\/youtube.svg\" alt=\"Youtube PlaceHolder\"\/>               <\/p>\n<p>Ce contenu est bloqu\u00e9 car vous n&rsquo;avez pas accept\u00e9 les cookies et autres traceurs.<\/p>\n<p>En cliquant sur \u00ab J\u2019accepte \u00bb, les cookies et autres traceurs seront d\u00e9pos\u00e9s et vous pourrez visualiser les contenus  (<a href=\"\" class=\"consentModule_policy\" target=\"_blank\" title=\"Consulter la politique de protection des donn\u00e9es du fournisseur\">plus d&rsquo;informations<\/a>).<\/p>\n<p>En cliquant sur \u00ab J\u2019accepte tous les cookies \u00bb, vous autorisez des d\u00e9p\u00f4ts de cookies et autres traceurs pour le stockage de vos donn\u00e9es sur nos sites et applications \u00e0 des fins de personnalisation et de ciblage publicitaire.<\/p>\n<p class=\"consentModule_secondaryText\">Vous gardez la possibilit\u00e9 de retirer votre consentement \u00e0 tout moment en consultant notre <a href=\"https:\/\/www.lalsace.fr\/protection-des-donnees\" target=\"_blank\" title=\"Consulter notre politique de protection des donn\u00e9es\" rel=\"noopener\">politique de protection des donn\u00e9es<\/a>. <br \/>&#13;<br \/>\n            <a href=\"https:\/\/www.lalsace.fr\/culture-loisirs\/2025\/07\/12\/javascript:Didomi.notice.show()\" class=\"consentModule_cmp\" target=\"_blank\" rel=\"noopener\">G\u00e9rer mes choix<\/a>&#13;\n        <\/p>\n<p>&#13;<br \/>\n                        J&rsquo;accepte&#13;<br \/>\n            J&rsquo;accepte tous les cookies&#13;\n        <\/p>\n<p>  Conseil en recherche de financements<\/p>\n<p>\u00c0 l\u2019issue de ce nouveau challenge, Marie-Elisabeth North, qui se r\u00e9jouit de redevenir Mulhousienne (elle r\u00e9side actuellement \u00e0 Strasbourg), n\u2019exclut pas de d\u00e9velopper son activit\u00e9 dans le domaine du conseil en \u00ab\u00a0recherche de subventions\u00a0\u00bb aupr\u00e8s des entrepreneurs cherchant des financements pour leur(s) projets(s). \u00ab\u00a0\u00c7a peut sembler fastidieux mais, pourtant, quand on commence \u00e0 s\u2019y conna\u00eetre un peu, c\u2019est un moyen non n\u00e9gligeable pour trouver des fonds et multiplier les chances de faire aboutir son projet. Si je peux devenir facilitatrice pour d\u2019autres entrepreneurs, ce sera une grande satisfaction personnelle\u00a0\u00bb, conclut-elle sereinement.<\/p>\n<p class=\"insetTitle\">Un \u00e9tablissement \u00ab\u00a0dog friendly\u00a0\u00bb et accessible aux personnes \u00e0 mobilit\u00e9 r\u00e9duite<\/p>\n<p>Quand Marie-Elisabeth North, cofondatrice des Compotes, \u00e9voque un lieu d\u2019accueil pour tous, elle pense aussi aux animaux. Les personnes accompagn\u00e9es de leur compagnon \u00e0 quatre pattes (sauf chien cat\u00e9goris\u00e9,\u00a0etc.) seront les bienvenues. Ce qui vaudra au tiers-lieu le qualificatif d\u2019\u00e9tablissement dog friendly  (adapt\u00e9 aux chiens). Comment aurait-il pu en \u00eatre autrement alors que Tonic, son chien, la suit partout o\u00f9 elle va\u00a0?<\/p>\n<p>Les Compotes seront \u00e9galement accessibles aux personnes \u00e0 mobilit\u00e9 r\u00e9duite. D\u2019ailleurs, l\u2019entrepreneuse le pr\u00e9cise\u00a0: \u00ab\u00a0Tout le mobilier sera achet\u00e9 en conscience, ce qui est d\u00e9j\u00e0 le cas \u00e0 Strasbourg.\u00a0\u00bb \u00c0 ce titre, elle invite les personnes porteuses d\u2019un projet dans ce champ-l\u00e0 \u00e0 la contacter. \u00ab\u00a0Nous sommes bien entendu ouverts aux collaborations visant la promotion et le d\u00e9veloppement d\u2019actions en faveur du handicap.\u00a0\u00bb<\/p>\n","protected":false},"excerpt":{"rendered":"Rencontrer, partager, apprendre, d\u00e9couvrir, cr\u00e9er, consommer, patienter, travailler\u2026 Pas simple de d\u00e9crire le concept des Compotes puisque ses&hellip;\n","protected":false},"author":2,"featured_media":244508,"comment_status":"","ping_status":"","sticky":false,"template":"","format":"standard","meta":{"footnotes":""},"categories":[2820],"tags":[1111,11,1477,4406,6211,130,1687,33,1636,1777,674,2271,107,1011,27,775,1943,6225,1634,12,5486,25,1635,801,104,640,216],"class_list":{"0":"post-244507","1":"post","2":"type-post","3":"status-publish","4":"format-standard","5":"has-post-thumbnail","7":"category-strasbourg","8":"tag-actu","9":"tag-actualites","10":"tag-artisanat","11":"tag-commerce-et-services","12":"tag-conference","13":"tag-consommation","14":"tag-culture-loisirs","15":"tag-economie","16":"tag-edition-mulhouse-thann","17":"tag-eu","18":"tag-europe","19":"tag-exposition-arts-plastiques","20":"tag-fil-info","21":"tag-fr","22":"tag-france","23":"tag-grand-est","24":"tag-handicap","25":"tag-la-matinale","26":"tag-mulhouse","27":"tag-news","28":"tag-rencontre","29":"tag-republique-francaise","30":"tag-secteur-de-mulhouse","31":"tag-social","32":"tag-societe","33":"tag-strasbourg","34":"tag-vie-des-entreprises"},"share_on_mastodon":{"url":"https:\/\/pubeurope.com\/@fr\/114839386115131902","error":""},"_links":{"self":[{"href":"https:\/\/www.europesays.com\/fr\/wp-json\/wp\/v2\/posts\/244507","targetHints":{"allow":["GET"]}}],"collection":[{"href":"https:\/\/www.europesays.com\/fr\/wp-json\/wp\/v2\/posts"}],"about":[{"href":"https:\/\/www.europesays.com\/fr\/wp-json\/wp\/v2\/types\/post"}],"author":[{"embeddable":true,"href":"https:\/\/www.europesays.com\/fr\/wp-json\/wp\/v2\/users\/2"}],"replies":[{"embeddable":true,"href":"https:\/\/www.europesays.com\/fr\/wp-json\/wp\/v2\/comments?post=244507"}],"version-history":[{"count":0,"href":"https:\/\/www.europesays.com\/fr\/wp-json\/wp\/v2\/posts\/244507\/revisions"}],"wp:featuredmedia":[{"embeddable":true,"href":"https:\/\/www.europesays.com\/fr\/wp-json\/wp\/v2\/media\/244508"}],"wp:attachment":[{"href":"https:\/\/www.europesays.com\/fr\/wp-json\/wp\/v2\/media?parent=244507"}],"wp:term":[{"taxonomy":"category","embeddable":true,"href":"https:\/\/www.europesays.com\/fr\/wp-json\/wp\/v2\/categories?post=244507"},{"taxonomy":"post_tag","embeddable":true,"href":"https:\/\/www.europesays.com\/fr\/wp-json\/wp\/v2\/tags?post=244507"}],"curies":[{"name":"wp","href":"https:\/\/api.w.org\/{rel}","templated":true}]}}