{"id":244509,"date":"2025-07-12T08:45:26","date_gmt":"2025-07-12T08:45:26","guid":{"rendered":"https:\/\/www.europesays.com\/fr\/244509\/"},"modified":"2025-07-12T08:45:26","modified_gmt":"2025-07-12T08:45:26","slug":"une-licence-de-luniversite-de-strasbourg-en-azerbaidjan-fait-scandale","status":"publish","type":"post","link":"https:\/\/www.europesays.com\/fr\/244509\/","title":{"rendered":"Une licence de l&rsquo;Universit\u00e9 de Strasbourg en Azerba\u00efdjan fait scandale"},"content":{"rendered":"<p class=\"wp-block-post-excerpt__excerpt\">L\u2019Universit\u00e9 de Strasbourg a d\u00e9cid\u00e9 d\u2019\u00e9tendre son partenariat avec l\u2019Universit\u00e9 franco-azerba\u00efdjanaise de Bakou pour une nouvelle licence de chimie. Remous au conseil d\u2019administration, o\u00f9 certains \u00e9lus demandent la fin de ce partenariat devenu g\u00eanant. <\/p>\n<p>Camille Curnier<\/p>\n<p>Publi\u00e9 le 12 juillet 2025\u00a0\u00a0\u00b7\u00a0\u00a0<\/p>\n<p>Imprim\u00e9 le 12 juillet 2025 \u00e0 10h45\u00a0\u00a0\u00b7\u00a0\u00a0<\/p>\n<p>\t\t\t\t\t3\u00a0minutes\n<\/p>\n<p class=\"has-black-color has-text-color has-link-color wp-elements-6a5e7153910972bc167bd2fc742a3185\">\u00ab\u00a0L\u2019Universit\u00e9 de Strasbourg met en avant ses valeurs humanistes mais quand il s\u2019agit de les appliquer, elle les \u00e9crase en collaborant avec une dictature\u00a0\u00bb, d\u00e9nonce Pierre Gilliot, \u00e9lu d\u2019opposition (Refonder) au conseil d\u2019administration de l\u2019universit\u00e9.<\/p>\n<p>Mardi 8 juillet 2025, le conseil d\u2019administration de l\u2019Universit\u00e9 de Strasbourg (Unistra) s\u2019est prononc\u00e9 en faveur de la cr\u00e9ation d\u2019une licence de chimie en partenariat avec l\u2019universit\u00e9 franco-azerba\u00efdjanaise de Bakou (Ufaz) avec 16 voix pour, mais 15 contre et 5 abstentions.<\/p>\n<p><a href=\"https:\/\/www.rue89strasbourg.com\/abonnement\/paiement?sub=3&amp;discount=ete2025\" target=\"_blank\" rel=\"noopener\"><img loading=\"lazy\" decoding=\"async\" width=\"970\" height=\"250\" src=\"https:\/\/www.europesays.com\/fr\/wp-content\/uploads\/2025\/07\/bannie\u0300re-site-desktop-anime\u0301e.gif\" alt=\"\" class=\"wp-image-350811\" style=\"width:792px;height:auto\"\/><\/a><\/p>\n<p><a href=\"https:\/\/www.rue89strasbourg.com\/abonnement\/paiement?sub=3&amp;discount=ete2025\" target=\"_blank\" rel=\"noopener\"><img loading=\"lazy\" decoding=\"async\" width=\"300\" height=\"300\" src=\"https:\/\/www.europesays.com\/fr\/wp-content\/uploads\/2025\/07\/bannie\u0300re-pub-mobile-anime\u0301e.gif\" alt=\"\" class=\"wp-image-350815\"\/><\/a><\/p>\n<p>\u00ab\u00a0Un passage en force et un flou r\u00e9glementaire\u00a0\u00bb <\/p>\n<p>Cette d\u00e9cision intervient alors que la commission de la formation et de la vie universitaire (CFVU), instance charg\u00e9e d\u2019\u00e9valuer et valider les dipl\u00f4mes avant leur officialisation, s\u2019\u00e9tait prononc\u00e9e contre ce partenariat le 1er juillet par 26 voix contre 9. Pierre Gilliot exprime son incompr\u00e9hension\u00a0:<\/p>\n<blockquote class=\"wp-block-quote is-layout-flow wp-block-quote-is-layout-flow\">\n<p>\u00ab\u00a0Presque 75 % des \u00e9lus ont dit non\u00a0! La pr\u00e9sidence de l\u2019Unistra a pr\u00e9f\u00e9r\u00e9 s\u2019asseoir sur cette d\u00e9cision de la CFVU. Avec d\u2019autres \u00e9lus, nous allons saisir le tribunal administratif pour faire annuler cette d\u00e9lib\u00e9ration. C\u2019est insupportable de voir la CFVU ainsi \u00e9cras\u00e9e.\u00a0\u00bb<\/p>\n<\/blockquote>\n<p>De son c\u00f4t\u00e9, l\u2019Universit\u00e9 de Strasbourg r\u00e9pond \u00e0 Rue89 Strasbourg que \u00ab\u00a0la convention de partenariat ayant conduit \u00e0 la cr\u00e9ation de la nouvelle licence a bien \u00e9t\u00e9 soumise au vote du CFVU et du conseil d\u2019administration en juillet 2024\u00a0\u00bb. Le vote de juillet 2025, assure l\u2019Unistra, ne portait que sur la \u00ab\u00a0maquette p\u00e9dagogique et technique\u00a0\u00bb du dipl\u00f4me et qu\u2019il ne s\u2019agissait pas \u00ab\u00a0de remettre en cause le cursus des 30 \u00e9tudiants azerba\u00efdjanais d\u00e9j\u00e0 engag\u00e9s dans une ann\u00e9e pr\u00e9paratoire\u00a0\u00bb.<\/p>\n<p>Mais cette lecture des faits est loin de convaincre les opposants. \u00ab\u00a0L\u2019an dernier, les conseils ont certes d\u00e9cid\u00e9 de poursuivre les \u00e9changes avec l\u2019Ufaz, mais nous \u00e9lus, avions d\u00e9j\u00e0 protest\u00e9. <a href=\"https:\/\/www.rue89strasbourg.com\/grandes-manoeuvres-presidence-universite-strasbourg-335886\" target=\"_blank\" rel=\"noopener\">Depuis, l\u2019ex\u00e9cutif \u00e0 la t\u00eate de l\u2019Unistra a chang\u00e9,<\/a> c\u2019est un point important\u00a0\u00bb, souligne Matthieu Schneider, du groupe Au Pluriel, dans l\u2019opposition mais \u00e9galement ancien vice-pr\u00e9sident. Selon lui, cette licence n\u2019a \u00e9t\u00e9 lanc\u00e9e qu\u2019\u00e0 titre exp\u00e9rimental, ce qui justifie de reconsid\u00e9rer la cr\u00e9ation d\u2019une L1 cette ann\u00e9e.<\/p>\n<p>La nouvelle d\u00e9lib\u00e9ration est d\u00e9nonc\u00e9e comme un \u00ab\u00a0passage en force\u00a0\u00bb par l\u2019opposition. \u00ab\u00a0Soit le conseil d\u2019administration est consult\u00e9, soit il ne l\u2019est pas. Il n\u2019y a aucun sens \u00e0 y si\u00e9ger si tout est d\u00e9j\u00e0 d\u00e9cid\u00e9\u00a0\u00bb, poursuit Matthieu Schneider.<\/p>\n<p><img loading=\"lazy\" decoding=\"async\" width=\"792\" height=\"445\" src=\"https:\/\/www.europesays.com\/fr\/wp-content\/uploads\/2025\/07\/logo-ufaz-792x445.jpg\" alt=\"\" class=\"wp-image-350860\"  \/> L\u2019entr\u00e9e de l\u2019Ufaz arbore le logo de l\u2019Universit\u00e9 de Strasbourg.Photo\u00a0: capture d\u2019\u00e9cran<\/p>\n<p>Les repr\u00e9sentants de l\u2019Association f\u00e9d\u00e9rative g\u00e9n\u00e9rale des \u00e9tudiants de Strasbourg (Afges) se sont abstenus lors du vote du 8 juillet. M\u00eame si l\u2019association est oppos\u00e9e par principe \u00e0 ce partenariat, indique la premi\u00e8re vice-pr\u00e9sidente Clara Fran\u00e7ois dans un communiqu\u00e9\u00a0: \u00ab\u00a0Nous avons choisi de nous abstenir, refusant de p\u00e9naliser directement des \u00e9tudiants pour une d\u00e9cision institutionnelle qu\u2019ils ne ma\u00eetrisent pas.\u00a0\u00bb<\/p>\n<p>\t\tUn partenariat autour de la p\u00e9trochimie<\/p>\n<p>Lisez la suite pour 1\u20ac seulement<\/p>\n<ul class=\"wp-block-list\">\n<li class=\"align-start flex list-none mb-2 has-medium-font-size\">Acc\u00e9dez \u00e0 nos enqu\u00eates et r\u00e9v\u00e9lations exclusives<\/li>\n<li class=\"align-start flex list-none mb-2 has-medium-font-size\">Soutenez une r\u00e9daction locale qui appartient \u00e0 ses journalistes<\/li>\n<li class=\"align-start flex list-none mb-2 has-medium-font-size\">Maintenez une vigie citoyenne sur les pouvoirs locaux<\/li>\n<\/ul>\n<p class=\"has-text-align-right\"><strong><a href=\"https:\/\/www.rue89strasbourg.com\/abonnement\" data-type=\"page\" data-id=\"0\" target=\"_blank\" rel=\"noopener\">Je m\u2019abonne\u00a0 <\/a><\/strong><\/p>\n<p>\t\t\t<a href=\"https:\/\/www.rue89strasbourg.com\/\" class=\"custom-logo-link\" rel=\"home noopener\" target=\"_blank\"><img loading=\"lazy\" decoding=\"async\" width=\"290\" height=\"62\" src=\"https:\/\/www.europesays.com\/fr\/wp-content\/uploads\/2025\/04\/1743975279_388_logo.png\" class=\"custom-logo\" alt=\"Rue89 Strasbourg Enqu\u00eates et informations locales\"  \/><\/a><\/p>\n<p>\n\t\t\t\tAbonnez-vous maintenant pour suivre l\u2019actualit\u00e9 locale.\t\t\t<\/p>\n<p class=\"font-bold font-serif-heading mb-2 text-4xl\">\n\t\t\t\t\t\tL\u2019investigation locale \u00e0 port\u00e9e de main.\n\t\t\t\t\t<\/p>\n<p>\n\t\t\t\t\t\tAbonnez-vous et profitez d\u2019un acc\u00e8s illimit\u00e9 \u00e0 Rue89 Strasbourg. Annulez quand vous voulez.\n\t\t\t\t\t<\/p>\n<p class=\"xl:text-sm\">\n\t\t\t\t\tD\u00e9j\u00e0 abonn\u00e9\u00a0?<br \/>\n\t\t\t\t\t<a class=\"border border-transparent text-center transition-colors duration-instant focus:border-info focus:rounded focus:shadow-focus cursor-pointer text-black hover:text-gray-700 active:bg-black-700 font-semibold inline-block\" href=\"https:\/\/www.rue89strasbourg.com\/user\/connexion?redirect=\/licence-azerbaidjan-unistra-350520\" target=\"_blank\" rel=\"noopener\">Connectez-vous<\/a>\t\t\t\t<\/p>\n<p>\n\t\t\t\tChoisissez votre formule\u00a0:\n\t\t\t<\/p>\n<p>\t\t\t\tFermer<\/p>\n","protected":false},"excerpt":{"rendered":"L\u2019Universit\u00e9 de Strasbourg a d\u00e9cid\u00e9 d\u2019\u00e9tendre son partenariat avec l\u2019Universit\u00e9 franco-azerba\u00efdjanaise de Bakou pour une nouvelle licence de&hellip;\n","protected":false},"author":2,"featured_media":244510,"comment_status":"","ping_status":"","sticky":false,"template":"","format":"standard","meta":{"footnotes":""},"categories":[2820],"tags":[1111,11,15149,1777,674,1011,27,6536,775,38420,12,38421,25,640,30161],"class_list":{"0":"post-244509","1":"post","2":"type-post","3":"status-publish","4":"format-standard","5":"has-post-thumbnail","7":"category-strasbourg","8":"tag-actu","9":"tag-actualites","10":"tag-azerbaidjan","11":"tag-eu","12":"tag-europe","13":"tag-fr","14":"tag-france","15":"tag-frederique-berrod","16":"tag-grand-est","17":"tag-mathieu-schneider","18":"tag-news","19":"tag-pierre-gilliot","20":"tag-republique-francaise","21":"tag-strasbourg","22":"tag-universite-de-strasbourg"},"share_on_mastodon":{"url":"https:\/\/pubeurope.com\/@fr\/114839389818570830","error":""},"_links":{"self":[{"href":"https:\/\/www.europesays.com\/fr\/wp-json\/wp\/v2\/posts\/244509","targetHints":{"allow":["GET"]}}],"collection":[{"href":"https:\/\/www.europesays.com\/fr\/wp-json\/wp\/v2\/posts"}],"about":[{"href":"https:\/\/www.europesays.com\/fr\/wp-json\/wp\/v2\/types\/post"}],"author":[{"embeddable":true,"href":"https:\/\/www.europesays.com\/fr\/wp-json\/wp\/v2\/users\/2"}],"replies":[{"embeddable":true,"href":"https:\/\/www.europesays.com\/fr\/wp-json\/wp\/v2\/comments?post=244509"}],"version-history":[{"count":0,"href":"https:\/\/www.europesays.com\/fr\/wp-json\/wp\/v2\/posts\/244509\/revisions"}],"wp:featuredmedia":[{"embeddable":true,"href":"https:\/\/www.europesays.com\/fr\/wp-json\/wp\/v2\/media\/244510"}],"wp:attachment":[{"href":"https:\/\/www.europesays.com\/fr\/wp-json\/wp\/v2\/media?parent=244509"}],"wp:term":[{"taxonomy":"category","embeddable":true,"href":"https:\/\/www.europesays.com\/fr\/wp-json\/wp\/v2\/categories?post=244509"},{"taxonomy":"post_tag","embeddable":true,"href":"https:\/\/www.europesays.com\/fr\/wp-json\/wp\/v2\/tags?post=244509"}],"curies":[{"name":"wp","href":"https:\/\/api.w.org\/{rel}","templated":true}]}}