{"id":244519,"date":"2025-07-12T08:50:31","date_gmt":"2025-07-12T08:50:31","guid":{"rendered":"https:\/\/www.europesays.com\/fr\/244519\/"},"modified":"2025-07-12T08:50:31","modified_gmt":"2025-07-12T08:50:31","slug":"la-collection-de-monnaies-rares-dun-diplomate-portugais-retrouvee-dans-un-grenier-a-bordeaux","status":"publish","type":"post","link":"https:\/\/www.europesays.com\/fr\/244519\/","title":{"rendered":"La collection de monnaies rares d\u2019un diplomate portugais retrouv\u00e9e dans un grenier \u00e0 Bordeaux"},"content":{"rendered":"<p class=\"wp-block-post-excerpt__excerpt\">Identifi\u00e9e en 2022, la collection r\u00e9v\u00e8le au fil des expertises des pi\u00e8ces rares, parfois uniques, notamment un exceptionnel ensemble de dollars chinois. Son propri\u00e9taire, l\u2019ambassadeur Jo\u00e3o Rodrigues Sim\u00f5es Affra a pass\u00e9 ses derniers jours dans une maison de la m\u00e9tropole bordelaise o\u00f9 ce tr\u00e9sor a \u00e9t\u00e9 retrouv\u00e9. <\/p>\n<p><a href=\"https:\/\/rue89bordeaux.com\/category\/kiosque-abonne\/\" rel=\"tag nofollow noopener\" target=\"_blank\">\u00c9dition abonn\u00e9s<\/a>, <a href=\"https:\/\/rue89bordeaux.com\/category\/exclusivite\/\" rel=\"tag nofollow noopener\" target=\"_blank\">Exclusivit\u00e9<\/a><\/p>\n<p>Walid Salem<\/p>\n<p>Publi\u00e9 le 10 juillet 2025\u00a0\u00a0\u00b7\u00a0\u00a0<\/p>\n<p>Imprim\u00e9 le 12 juillet 2025 \u00e0 10h50\u00a0\u00a0\u00b7\u00a0\u00a0<\/p>\n<p>\t\t\t\t\t4\u00a0minutes\n<\/p>\n<p>C\u2019est dans une maison de la m\u00e9tropole bordelaise, qu\u2019un pan oubli\u00e9 de l\u2019histoire diplomatique et mon\u00e9taire a refait surface. En explorant, durant trois ans, les archives familiales de Jo\u00e3o Rodrigues Sim\u00f5es Affra, ancien ambassadeur du Portugal, ses descendants sont tomb\u00e9s sur un tr\u00e9sor\u202f: des monnaies anciennes, certaines extr\u00eamement rares, toutes soigneusement conserv\u00e9es, et dont la plupart n\u2019avaient jamais \u00e9t\u00e9 d\u00e9voil\u00e9es au grand public.<\/p>\n<p>Le premier ensemble identifi\u00e9 remonte \u00e0 2022, gr\u00e2ce \u00e0 une journ\u00e9e d\u2019estimations gratuites d\u00e9di\u00e9e aux arts de Chine organis\u00e9e par le <a href=\"https:\/\/fabienrobaldo.fr\/\" target=\"_blank\" rel=\"noreferrer noopener nofollow\">cabinet bordelais de Fabien Robaldo<\/a>, expert de tableaux et d\u2019objets d\u2019art. Si, g\u00e9n\u00e9ralement, \u00ab\u00a0\u00e0 peine 2% des expertises r\u00e9v\u00e8lent des objets de valeurs\u00a0\u00bb, ce jour-l\u00e0, ce sont quelques porcelaines chinoises pr\u00e9cieuses qui sont soumises \u00e0 une estimation :<\/p>\n<blockquote class=\"wp-block-quote is-layout-flow wp-block-quote-is-layout-flow\">\n<p>\u00ab\u00a0J\u2019ai pos\u00e9 la question de la provenance de ces lots et de l\u2019histoire qu\u2019il y avait autour, explique Fabien Robaldo. J\u2019ai alors appris que cet ambassadeur \u00e9tait en poste \u00e0 Shanghai entre 1945 et 1950. J\u2019ai alors demand\u00e9 si, \u00e0 tout hasard, il y avait des pi\u00e8ces de monnaie de cette \u00e9poque\u2026\u00a0\u00bb<\/p>\n<\/blockquote>\n<p>\t\t\u00ab\u00a0Un v\u00e9ritable collectionneur\u00a0\u00bb<\/p>\n<p>Ainsi, les descendants rapportent au fur et \u00e0 mesure des petites boites retrouv\u00e9es dans les vieux rangements de cette maison familiale \u2013 \u00ab\u00a0conserv\u00e9s dans des paquets de Malboro !\u00a0\u00bb \u2013, o\u00f9 l\u2019ambassadeur, n\u00e9 \u00e0 Lisbonne en 1906, est venu passer les derniers jours de sa vie dans les ann\u00e9es 1970. D\u2019abord dans les tiroirs d\u2019un bureau, d\u2019autres pi\u00e8ces sont d\u00e9nich\u00e9es dans les cartons poussi\u00e9reux du grenier.<\/p>\n<p>Rue89 Bordeaux a besoin de vos dons<\/p>\n<p>Mille mercis \u00e0 nos 131 donateurs ! Gr\u00e2ce \u00e0 vous, nous avons atteint notre objectif initial de 10\u202f000\u202f\u20ac. Ce soutien va nous permettre de renflouer notre tr\u00e9sorerie, apr\u00e8s le d\u00e9sengagement en 2025 d\u2019un annonceur important \u2013 Bordeaux M\u00e9tropole \u2013 et de r\u00e9gler nos factures en attente.<br \/>Cependant, la cagnotte reste ouverte jusqu\u2019\u00e0 fin septembre afin de vous laisser l\u2019occasion de continuer \u00e0 soutenir votre m\u00e9dia ind\u00e9pendant. Chaque don est d\u00e9ductible des imp\u00f4ts \u00e0 hauteur de 66\u202f%. En recevoir davantage nous permettra de consolider nos finances, d\u2019envisager une rentr\u00e9e sereine, et surtout, d\u2019enrichir nos contenus et de renforcer notre r\u00e9daction.<\/p>\n<p><\/p>\n<p class=\"has-primary-color has-text-color\">\n\t\t\t<strong> Cet article fait partie de l\u2019\u00e9dition abonn\u00e9s.<\/strong><br \/>\n\t\t\t| D\u00e9j\u00e0 abonn\u00e9\u00a0?<br \/>\n\t\t\t<a href=\"https:\/\/rue89bordeaux.com\/user\/login\/\" data-type=\"page\" data-id=\"26256\" rel=\"nofollow noopener\" target=\"_blank\">Connectez-vous<\/a>\n\t\t<\/p>\n<p>Abonnez-vous maintenant pour poursuivre votre lecture<\/p>\n<p><img loading=\"lazy\" decoding=\"async\" width=\"607\" height=\"480\" src=\"https:\/\/www.europesays.com\/fr\/wp-content\/uploads\/2025\/04\/1744387698_768_04-paywall.png\" alt=\"Abonnez-vous\" class=\"wp-image-128438\" style=\"aspect-ratio:1.2645833333333334;width:281px;height:auto\"  \/><\/p>\n<p>\t\t\t<a href=\"https:\/\/rue89bordeaux.com\/\" class=\"custom-logo-link\" rel=\"home nofollow noopener\" target=\"_blank\"><img loading=\"lazy\" decoding=\"async\" width=\"290\" height=\"49\" src=\"https:\/\/www.europesays.com\/fr\/wp-content\/uploads\/2025\/04\/logo.png\" class=\"custom-logo\" alt=\"Rue89Bordeaux Enqu\u00eates et informations de proximit\u00e9\"  \/><\/a><\/p>\n<p>\n\t\t\t\tAbonnez-vous maintenant pour suivre l\u2019actualit\u00e9 locale.\t\t\t<\/p>\n<p class=\"font-bold font-serif-heading mb-2 text-4xl\">\n\t\t\t\t\t\tL\u2019investigation locale \u00e0 port\u00e9e de main.\n\t\t\t\t\t<\/p>\n<p>\n\t\t\t\t\t\tAbonnez-vous et profitez d\u2019un acc\u00e8s illimit\u00e9 \u00e0 Rue89Bordeaux. Annulez quand vous voulez.\n\t\t\t\t\t<\/p>\n<p class=\"xl:text-sm\">\n\t\t\t\t\tD\u00e9j\u00e0 abonn\u00e9\u00a0?<br \/>\n\t\t\t\t\t<a class=\"border border-transparent text-center transition-colors duration-instant focus:border-info focus:rounded focus:shadow-focus cursor-pointer text-black hover:text-gray-700 active:bg-black-700 font-semibold inline-block\" href=\"https:\/\/rue89bordeaux.com\/user\/login\/?redirect=\/2025\/07\/la-collection-de-monnaies-rares-dun-diplomate-portugais-retrouvee-dans-un-grenier-a-bordeaux\/\" rel=\"nofollow noopener\" target=\"_blank\">Connectez-vous<\/a>\t\t\t\t<\/p>\n<p>\n\t\t\t\tChoisissez votre formule\u00a0:\n\t\t\t<\/p>\n<p>\t\t\t\tFermer<\/p>\n","protected":false},"excerpt":{"rendered":"Identifi\u00e9e en 2022, la collection r\u00e9v\u00e8le au fil des expertises des pi\u00e8ces rares, parfois uniques, notamment un exceptionnel&hellip;\n","protected":false},"author":2,"featured_media":244520,"comment_status":"","ping_status":"","sticky":false,"template":"","format":"standard","meta":{"footnotes":""},"categories":[2817],"tags":[1111,11,3734,1997,251,1777,674,1011,27,12,2219,2551,25],"class_list":{"0":"post-244519","1":"post","2":"type-post","3":"status-publish","4":"format-standard","5":"has-post-thumbnail","7":"category-bordeaux","8":"tag-actu","9":"tag-actualites","10":"tag-art","11":"tag-bordeaux","12":"tag-culture","13":"tag-eu","14":"tag-europe","15":"tag-fr","16":"tag-france","17":"tag-news","18":"tag-nouvelle-aquitaine","19":"tag-patrimoine","20":"tag-republique-francaise"},"share_on_mastodon":{"url":"https:\/\/pubeurope.com\/@fr\/114839409540128485","error":""},"_links":{"self":[{"href":"https:\/\/www.europesays.com\/fr\/wp-json\/wp\/v2\/posts\/244519","targetHints":{"allow":["GET"]}}],"collection":[{"href":"https:\/\/www.europesays.com\/fr\/wp-json\/wp\/v2\/posts"}],"about":[{"href":"https:\/\/www.europesays.com\/fr\/wp-json\/wp\/v2\/types\/post"}],"author":[{"embeddable":true,"href":"https:\/\/www.europesays.com\/fr\/wp-json\/wp\/v2\/users\/2"}],"replies":[{"embeddable":true,"href":"https:\/\/www.europesays.com\/fr\/wp-json\/wp\/v2\/comments?post=244519"}],"version-history":[{"count":0,"href":"https:\/\/www.europesays.com\/fr\/wp-json\/wp\/v2\/posts\/244519\/revisions"}],"wp:featuredmedia":[{"embeddable":true,"href":"https:\/\/www.europesays.com\/fr\/wp-json\/wp\/v2\/media\/244520"}],"wp:attachment":[{"href":"https:\/\/www.europesays.com\/fr\/wp-json\/wp\/v2\/media?parent=244519"}],"wp:term":[{"taxonomy":"category","embeddable":true,"href":"https:\/\/www.europesays.com\/fr\/wp-json\/wp\/v2\/categories?post=244519"},{"taxonomy":"post_tag","embeddable":true,"href":"https:\/\/www.europesays.com\/fr\/wp-json\/wp\/v2\/tags?post=244519"}],"curies":[{"name":"wp","href":"https:\/\/api.w.org\/{rel}","templated":true}]}}