{"id":244525,"date":"2025-07-12T08:53:15","date_gmt":"2025-07-12T08:53:15","guid":{"rendered":"https:\/\/www.europesays.com\/fr\/244525\/"},"modified":"2025-07-12T08:53:15","modified_gmt":"2025-07-12T08:53:15","slug":"sortir-a-toulouse-voici-11-expos-a-ne-pas-manquer-durant-les-vacances-dete","status":"publish","type":"post","link":"https:\/\/www.europesays.com\/fr\/244525\/","title":{"rendered":"Sortir \u00e0 Toulouse. Voici 11 expos \u00e0 ne pas manquer durant les vacances d&rsquo;\u00e9t\u00e9"},"content":{"rendered":"<p>            Par<br \/>\n        <strong><br \/>\n            <a href=\"https:\/\/actu.fr\/auteur\/gabriel-kenedi\" title=\"Consulter tous les articles de Gabriel Kenedi\" target=\"_blank\" rel=\"noopener\">Gabriel Kenedi<\/a><br \/>\n        <\/strong><\/p>\n<p>        Publi\u00e9 le<\/p>\n<p>            12 juil. 2025 \u00e0 10h32        <\/p>\n<p>Des bijoux extraordinaires, des expos tr\u00e8s color\u00e9es, une expo immersive, de l\u2019art urbain, du v\u00e9lo\u2026 Cet \u00e9t\u00e9, les mus\u00e9es de Toulouse restent bien actifs et certains d\u2019entre eux proposent des expositions remarquables, \u00e0 d\u00e9couvrir durant la p\u00e9riode estivale ! La r\u00e9daction <a href=\"https:\/\/actu.fr\/toulouse\/loisirs-culture\" target=\"_blank\" rel=\"noopener\">d\u2019Actu Toulouse<\/a> vous propose une s\u00e9lection de <strong>11 expositions<\/strong> \u00e0 ne pas manquer cet \u00e9t\u00e9 dans la Ville rose.\u00a0 Suivez le guide !\u00a0<\/p>\n<p>#1. Mickalene Thomas aux Abattoirs<br \/>\n    <img   decoding=\"async\" loading=\"lazy\" src=\"https:\/\/www.europesays.com\/fr\/wp-content\/uploads\/2025\/07\/expo-mickalene-thomas-2025-portrait-1-960x640.jpg\" alt=\"Mickalene Thomas a son expo aux Abattoirs. \" width=\"960\" height=\"640\"\/><br \/>\n    Mickalene Thomas a son expo aux Abattoirs. (\u00a9Fran\u00e7ois Dischinger)<\/p>\n<p class=\" wall-content\">Si Jean-Charles de Castelbajac y cr\u00e9era l\u2019\u00e9v\u00e9nement en fin d\u2019ann\u00e9e avec une exposition\/carte blanche tr\u00e8s attendue, il y a de belles \u0153uvres \u00e0 ne pas manquer ces prochaines semaines aux Abattoirs ! Une expo d\u00e9di\u00e9e \u00e0 l\u2019artiste <strong>Mickalene Thomas<\/strong> est \u00e0 d\u00e9couvrir depuis le 13 juin et jusqu\u2019au 9 novembre.\u00a0<\/p>\n<p class=\" wall-content\">L\u2019exposition pr\u00e9sente plus de deux d\u00e9cennies de la carri\u00e8re de Mickalene Thomas \u00e0 travers la pr\u00e9sentation d\u2019\u0153uvres vibrantes c\u00e9l\u00e9brant l\u2019amour et la puissance des femmes noires. Peintures, collages, photographies, vid\u00e9os et installations constituent une exploration sans pr\u00e9c\u00e9dent de son travail, qui met r\u00e9solument en avant le pouvoir, l\u2019amour et la f\u00e9minit\u00e9 noirs.<\/p>\n<p>Jusqu\u2019au 9 novembre aux Abattoirs. Du mercredi au dimanche de 11h \u00e0 19h. Nocturne le jeudi jusqu\u2019\u00e0 20h. Infos et tarifs sur le site des <a href=\"https:\/\/www.lesabattoirs.org\/\" target=\"_blank\" rel=\"noopener\">Abattoirs<\/a>.\u00a0#2. Des bijoux extraordinaires au mus\u00e9e Bemberg<br \/>\n    <img   decoding=\"async\" loading=\"lazy\" src=\"https:\/\/www.europesays.com\/fr\/wp-content\/uploads\/2025\/07\/34159-638816136234324876-960x640.jpg\" alt=\"L'expo Bemberg. \" width=\"960\" height=\"640\"\/><br \/>\n    L\u2019expo Bemberg accueille une exposition exceptionnelle sur les bijoux de la Renaissance. (\u00a9DR)<\/p>\n<p class=\" wall-content\">Rouvert depuis 2024 apr\u00e8s plusieurs ann\u00e9es de travaux, le mus\u00e9e de la Fondation Bemberg pr\u00e9sente jusqu\u2019au 27 juillet 2025 une exposition in\u00e9dite :<strong> \u00ab\u00a0D\u2019or et d\u2019\u00e9clat. Le bijou \u00e0 la Renaissance\u00a0\u00bb<\/strong>. Cette exposition est la premi\u00e8re consacr\u00e9e aux bijoux de la Renaissance, quarante ans apr\u00e8s celle que lui avait d\u00e9di\u00e9e le Victoria and Albert Museum de Londres en 1980. Quatre d\u00e9cennies plus tard, ce projet constitue donc une \u00e9tape importante pour faire \u00e9tat des avanc\u00e9es de la recherche et pr\u00e9senter au public un champ moins connu de l\u2019histoire de l\u2019ornement pr\u00e9cieux et des arts d\u00e9coratifs de la Renaissance.<\/p>\n<p class=\" wall-content\">Une expo bien pens\u00e9e \u00e0 voir jusqu\u2019\u00e0 fin juillet !\u00a0<\/p>\n<p>Jusqu\u2019au 27 juillet, au mus\u00e9e de la Fondation Bemberg. \u00a0Mus\u00e9e ouvert tous les jours de 10h \u00e0 18h. Nocturne tous les premiers mardis du mois, de 18h \u00e0 20h. Infos et tarifs <a href=\"https:\/\/www.fondation-bemberg.fr\/visiter\/horaires-et-tarifs\" target=\"_blank\" rel=\"noopener\">sur le site de la Fondation Bemberg<\/a>.\u00a0#3. Comme des moutons au Quai des Savoirs<br \/>\n    <img   decoding=\"async\" loading=\"lazy\" src=\"https:\/\/www.europesays.com\/fr\/wp-content\/uploads\/2025\/07\/quai-des-savoirs-960x640.jpeg\" alt=\"Le quai des savoirs propose une exposition sur la foule.\" width=\"960\" height=\"640\"\/><br \/>\n    Le quai des savoirs propose une exposition sur la foule. (\u00a9R Moretto)<\/p>\n<p class=\" wall-content\">Voil\u00e0 une exposition particuli\u00e8rement originale sur <strong>les ph\u00e9nom\u00e8nes de foule<\/strong>, \u00e0 voir au Quai des Savoirs. Elle s\u2019articule autour de trois grandes th\u00e9matiques : foules compactes, foules pi\u00e9tonnes et foules num\u00e9riques. Comptez une foule, frayez-vous un chemin dans une foule, faites \u00e9vacuer une pi\u00e8ce de la fa\u00e7on la plus optimale\u2026 Quelle densit\u00e9 de population est dangereuse ? Cette exposition interactive questionne nos habitudes et nos comportements. Nous sommes la foule, mais sommes-nous des moutons pour autant ?\u00a0 Une expo \u00e0 d\u00e9couvrir jusqu\u2019au 2 novembre.\u00a0<\/p>\n<p>Jusqu\u2019au 2 novembre, au Quai des Savoirs. Du mardi au dimanhce, de 10h \u00e0 18h. Infos et tarifs <a href=\"https:\/\/quaidessavoirs.toulouse-metropole.fr\/\" target=\"_blank\" rel=\"noopener\">sur le site du mus\u00e9e<\/a>.\u00a0#4. Claude Monet au Bazacle<br \/>\n    <img   decoding=\"async\" loading=\"lazy\" src=\"https:\/\/www.europesays.com\/fr\/wp-content\/uploads\/2025\/07\/expo-monet-toulouse-edf-bazacle-960x640.jpg\" alt=\"Monet\" width=\"960\" height=\"640\"\/><br \/>\n    Monet (\u00a9G.K\/ Actu Toulouse)<\/p>\n<p class=\" wall-content\">Une expo immersive autour du c\u00e9l\u00e8bre peintre <strong>Claude Monet<\/strong> \u00e0 Toulouse ? C\u2019est ce que proposent les Espaces EDF Bazacle, durant tout l\u2019\u00e9t\u00e9. Dans cette expo, vous ne trouverez aucune \u0153uvre originale de Monet. L\u00e0 n\u2019est pas le but. Les organisateurs de cette exposition ont cr\u00e9\u00e9, \u00e0 grand renfort de technologie, une salle immersive o\u00f9 sont projet\u00e9es des \u0153uvres et des images sur 360 degr\u00e9s, y compris au sol. En option, on peut prolonger l\u2019exp\u00e9rience avec un casque de r\u00e9alit\u00e9 virtuelle.\u00a0<\/p>\n<p>\u00a0Monet : The Immersive Experience\u00a0\u00bb. Tarifs : 19,90\u20ac (tarif normal) \u00e0 26,90\u20ac (tarif VIP) pour un adulte ; 10,90 \u00e0 17,90\u20ac (VIP) pour un enfant (jusqu\u2019\u00e0 12 ans). Aux Espaces EDF Bazacle (11 quai Saint-Pierre, \u00e0 Toulouse). Plus d\u2019infos<a href=\"https:\/\/www.monetexpo.fr\/\" target=\"_blank\" rel=\"noopener\">\u00a0sur le site de l\u2019expo<\/a>.\u00a0#5. Lay Up, une expo d\u2019art urbain<br \/>\n    <img   decoding=\"async\" loading=\"lazy\" src=\"https:\/\/www.europesays.com\/fr\/wp-content\/uploads\/2025\/07\/la-nouvelle-edition-de-layup-une-expo-xxl-dart-urbain-se-deroulera-du-2-mai-au-23-juin-2024-dans-les.png\" alt=\"La nouvelle \u00e9dition de Layup, une expo XXL d\u2019art urbain, se d\u00e9roulera du 2 mai au 23 juin 2024 dans les anciens locaux de Orange pr\u00e8s du m\u00e9tro Saint-Michel \u00e0 Toulouse \" width=\"960\" height=\"640\"\/><br \/>\n    Lay Up s\u2019expose jusq\u2019au 13 juillet (\u00a9Mar\u00e9va Laville \/ Actu Toulouse \/ archives)<\/p>\n<p class=\" wall-content\">Il ne reste plus que jusqu\u2019au 13 juillet pour assister \u00e0 l\u2019expo de <strong>street-art<\/strong> Lay Up. 47 artistes investissent le lieu de 3 500 m\u00b2 pour pr\u00e9senter des \u0153uvres in\u00e9dites qui red\u00e9finissent compl\u00e8tement l\u2019atmosph\u00e8re de ces anciens locaux qui appartenaient jadis \u00e0 Orange.\u00a0<\/p>\n<p>Jusqu\u2019au 13 juillet. Mercredi de 14h \u00e0 19h, jeudi et vendredi de 17h \u00e0 22h, samedi de 11h \u00e0 23h et dimanche de 11h \u00e0 19h. Participation libre.\u00a0<\/p>\n<p>#6. V\u00e9lo en folie au mus\u00e9e Paul Dupuy\u00a0<\/p>\n<p class=\" wall-content\">Alors que le Tour de France s\u2019appr\u00eate \u00e0 passer deux jours \u00e0 Toulouse, on vous conseille d\u2019aller au <strong>mus\u00e9e Paul Dupuy<\/strong> qui pr\u00e9sente sa nouvelle expo : \u00ab\u00a0\u00c0 toute vitesse ! L\u2019\u00e2ge d\u2019or de la bicyclette\u00a0\u00bb. Plongez dans l\u2019univers passionnant du v\u00e9lo\u2026 sans mouiller le maillot !<\/p>\n<p class=\" wall-content\">\u00ab\u00a0\u00c0 partir de sa riche collection d\u2019affiches publicitaires, le mus\u00e9e des Arts Pr\u00e9cieux Paul-Dupuy pr\u00e9sente une \u00e9vocation de l\u2019\u00e2ge d\u2019or de la bicyclette, entre 1890 et 1930, marqu\u00e9 par les innovations techniques, la concurrence commerciale entre pays, les \u00e9volutions soci\u00e9tales, la naissance des courses cyclistes\u2026 Cette exposition, organis\u00e9e \u00e0 l\u2019occasion du passage du Tour de France \u00e0 Toulouse le 16 juillet prochain, sera \u00e9galement d\u00e9clin\u00e9e en version hors-les-murs dans l\u2019espace public.\u00a0\u00bb<\/p>\n<p>Du 8 juillet au 31 ao\u00fbt 2025, au mus\u00e9e des arts pr\u00e9cieux Paul Dupuy. Infos et tarifs <a href=\"https:\/\/museepauldupuy.toulouse.fr\/exposition-a-toute-vitesse-lage-dor-de-la-bicyclette\/\" target=\"_blank\" rel=\"noopener\">sur le site du mus\u00e9e.\u00a0<\/a>#7. Ana\u00efs Tondeur \u00e0 la Galerie du Ch\u00e2teau d\u2019Eau\u00a0<\/p>\n<p class=\" wall-content\">Ana\u00efs Tondeur, artiste engag\u00e9e dans une nouvelle forme d\u2019art politique associe des proc\u00e9d\u00e9s analogiques du d\u00e9but de l\u2019histoire de la photographie \u00e0 des pratiques \u00e9cologiques. Dans cette d\u00e9marche, elle explore de nouvelles fa\u00e7ons de raconter le monde, porteuses de transformations de notre relation aux autres, au vivant et aux grands cycles de la terre.<\/p>\n<p class=\" wall-content\">Cette <strong>expo photo<\/strong> est \u00e0 voir \u00e0 la Galerie du Ch\u00e2teau d\u2019eau (qui a temporairement d\u00e9m\u00e9nag\u00e9 au 58, all\u00e9es Charles de Fitte, \u00e0 Toulouse).\u00a0<\/p>\n<p class=\" wall-content\">Jusqu\u2019au 31 ao\u00fbt. Plus d\u2019infos et tarifs <a href=\"https:\/\/chateaudeau.toulouse.fr\/\" target=\"_blank\" rel=\"noopener\">sur le site de la Galerie<\/a>.\u00a0<\/p>\n<p>#8. Silex and the City au Mus\u00e9um<\/p>\n<p class=\" wall-content\">Cr\u00e9\u00e9e en 2009, la s\u00e9rie de bandes dessin\u00e9es Silex and the City est d\u00e9sormais incontournable. \u00c0 travers une galerie de personnages hauts en couleur, le dessinateur Jul pose un regard empli d\u2019humour et de fantaisie sur la Pr\u00e9histoire. Apr\u00e8s avoir \u00e9t\u00e9 pr\u00e9sent\u00e9e au Mus\u00e9e de l\u2019Homme, l\u2019exposition Silex and the city s\u2019installe au c\u0153ur des collections permanentes du Mus\u00e9um de Toulouse. Une v\u00e9ritable invitation \u00e0 entrer dans la bulle de l\u2019artiste : un monde o\u00f9 l\u2019art du dessin se lie \u00e9troitement \u00e0 la science, et en particulier \u00e0 la pr\u00e9histoire, pour d\u00e9couvrir, \u00e9tape par \u00e9tape, les coulisses de la cr\u00e9ation de la bande dessin\u00e9e.<\/p>\n<p>Jusqu\u2019au dimanche 12 octobre 2025, au Mus\u00e9um. Inclus <a href=\"https:\/\/museum.toulouse-metropole.fr\/exposition-silex-and-the-city\/\" target=\"_blank\" rel=\"noopener\">dans le billet d\u2019entr\u00e9e<\/a>.\u00a0#9. Le tatouage carc\u00e9ral est \u00e0 d\u00e9couvrir au Castelet<br \/>\n    <img   decoding=\"async\" loading=\"lazy\" src=\"https:\/\/www.europesays.com\/fr\/wp-content\/uploads\/2025\/07\/img-1458-960x640.jpg\" alt=\"Les tatouages dans l'univers carc\u00e9ral, toute une histoire ! \" width=\"960\" height=\"640\"\/><br \/>\n    Les tatouages dans l\u2019univers carc\u00e9ral, toute une histoire ! (\u00a9L\u00e9a Afonso \/ Actu Toulouse)<\/p>\n<p class=\" wall-content\">Au Castelet, plongez dans l\u2019histoire du<strong> tatouage carc\u00e9ral<\/strong> \u00e0 travers une exposition m\u00ealant approches anthropologiques, historique et artistique. Pr\u00e9sent\u00e9e au Castelet, ancienne prison reconvertie en espace culturel. L\u2019entr\u00e9e est gratuite.<\/p>\n<p>Tatouages et prisons : des murs sur la peau. Jusqu\u2019au 31 ao\u00fbt 2025, au Castelet. Entr\u00e9e gratuite. Plus d\u2019infos sur le site <a href=\"https:\/\/metropole.toulouse.fr\/agenda\/tatouages-et-prisons-des-murs-sur-la-peau\" target=\"_blank\" rel=\"noopener\">Toulouse Mairie M\u00e9tropole<\/a>.#10. Air France s\u2019expose \u00e0 L\u2019Envol des Pionniers\u00a0<br \/>\n    <img   decoding=\"async\" loading=\"lazy\" src=\"https:\/\/www.europesays.com\/fr\/wp-content\/uploads\/2025\/07\/ep-af-7-960x640.jpg\" alt=\"ette nouvelle exposition de L\u2019Envol des Pionniers retrace l\u2019histoire d\u2019Air France. (\" width=\"960\" height=\"640\"\/><br \/>\n    ette nouvelle exposition de L\u2019Envol des Pionniers retrace l\u2019histoire d\u2019Air France. ( (\u00a9Lucie Jodot \/ actu Toulouse)<\/p>\n<p class=\" wall-content\">Cette exposition vous emm\u00e8ne dans l\u2019histoire de la compagnie a\u00e9rienne fran\u00e7aise Air France, mettant en avant plus de 170 objets originaux. Les artefacts retracent l\u2019\u00e9volution de l\u2019entreprise et son impact sur l\u2019aviation mondiale, offrant une perspective riche sur son h\u00e9ritage et sur la ville de Toulouse.\u00a0<\/p>\n<p>#11. Sortie de bo\u00eete(s). Tr\u00e9sors des r\u00e9serves (Mus\u00e9e Saint-Raymond)<\/p>\n<p class=\" wall-content\">Cette exposition offre une immersion dans les riches collections du Mus\u00e9e Saint-Raymond, pr\u00e9sentant des objets rares, tr\u00e8s peu expos\u00e9s. Les pi\u00e8ces couvrent une p\u00e9riode allant de l\u2019\u00e2ge du Bronze \u00e0 l\u2019\u00e9poque Moderne et proviennent de diverses r\u00e9gions, notamment la r\u00e9gion toulousaine, l\u2019Europe occidentale et m\u00e9diterran\u00e9enne, l\u2019\u00c9gypte, et m\u00eame le Caucase russe.<\/p>\n<p class=\" wall-content\">L\u2019exposition est ouverte du mardi au dimanche, de 10h \u00e0 18h. L\u2019acc\u00e8s est inclus dans le billet d\u2019entr\u00e9e au mus\u00e9e.<\/p>\n<p>Jusqu\u2019au 2 novembre 2025. Plus d\u2019infos sur\u00a0le site du mus\u00e9e Saint-Raymond.<\/p>\n<p class=\" wall-content\">Suivez toute l\u2019actualit\u00e9 de vos villes et m\u00e9dias favoris en vous inscrivant \u00e0 <a href=\"https:\/\/moncompte.actu.fr\" title=\"D\u00e9couvez Mon Actu\" rel=\"nofollow noopener\" data-trk=\"{&quot;cta&quot;:{&quot;action&quot;:&quot;https:\\\/\\\/moncompte.actu.fr&quot;,&quot;category&quot;:&quot;mon compte&quot;,&quot;from&quot;:&quot;article footer&quot;,&quot;name&quot;:&quot;Mon actu&quot;,&quot;type&quot;:&quot;cta&quot;}}\" target=\"_blank\">Mon Actu<\/a>.<\/p>\n<ul class=\"ac-article-tag wall-content\">\n<li><a href=\"https:\/\/actu.fr\/tag\/musee-des-abattoirs\" data-trk=\"{&quot;cta&quot;:{&quot;action&quot;:&quot;mus\\u00e9e des Abattoirs&quot;,&quot;category&quot;:&quot;tag&quot;,&quot;from&quot;:&quot;article footer&quot;,&quot;name&quot;:&quot;mus\\u00e9e des Abattoirs&quot;,&quot;type&quot;:&quot;cta&quot;}}\" target=\"_blank\" rel=\"noopener\">#mus\u00e9e des Abattoirs<\/a><\/li>\n<li><a href=\"https:\/\/actu.fr\/tag\/sortir-a-toulouse\" data-trk=\"{&quot;cta&quot;:{&quot;action&quot;:&quot;Sortir \\u00e0 Toulouse&quot;,&quot;category&quot;:&quot;tag&quot;,&quot;from&quot;:&quot;article footer&quot;,&quot;name&quot;:&quot;Sortir \\u00e0 Toulouse&quot;,&quot;type&quot;:&quot;cta&quot;}}\" target=\"_blank\" rel=\"noopener\">#Sortir \u00e0 Toulouse<\/a><\/li>\n<\/ul>\n","protected":false},"excerpt":{"rendered":"Par Gabriel Kenedi Publi\u00e9 le 12 juil. 2025 \u00e0 10h32 Des bijoux extraordinaires, des expos tr\u00e8s color\u00e9es, une&hellip;\n","protected":false},"author":2,"featured_media":244526,"comment_status":"","ping_status":"","sticky":false,"template":"","format":"standard","meta":{"footnotes":""},"categories":[2816],"tags":[1111,11,1777,674,1349,1011,27,1652,7643,12,2680,25,1341,2312],"class_list":{"0":"post-244525","1":"post","2":"type-post","3":"status-publish","4":"format-standard","5":"has-post-thumbnail","7":"category-toulouse","8":"tag-actu","9":"tag-actualites","10":"tag-eu","11":"tag-europe","12":"tag-expositions","13":"tag-fr","14":"tag-france","15":"tag-loisirs-culture","16":"tag-musee-des-abattoirs","17":"tag-news","18":"tag-occitanie","19":"tag-republique-francaise","20":"tag-sortir-a-toulouse","21":"tag-toulouse"},"share_on_mastodon":{"url":"https:\/\/pubeurope.com\/@fr\/114839421529055438","error":""},"_links":{"self":[{"href":"https:\/\/www.europesays.com\/fr\/wp-json\/wp\/v2\/posts\/244525","targetHints":{"allow":["GET"]}}],"collection":[{"href":"https:\/\/www.europesays.com\/fr\/wp-json\/wp\/v2\/posts"}],"about":[{"href":"https:\/\/www.europesays.com\/fr\/wp-json\/wp\/v2\/types\/post"}],"author":[{"embeddable":true,"href":"https:\/\/www.europesays.com\/fr\/wp-json\/wp\/v2\/users\/2"}],"replies":[{"embeddable":true,"href":"https:\/\/www.europesays.com\/fr\/wp-json\/wp\/v2\/comments?post=244525"}],"version-history":[{"count":0,"href":"https:\/\/www.europesays.com\/fr\/wp-json\/wp\/v2\/posts\/244525\/revisions"}],"wp:featuredmedia":[{"embeddable":true,"href":"https:\/\/www.europesays.com\/fr\/wp-json\/wp\/v2\/media\/244526"}],"wp:attachment":[{"href":"https:\/\/www.europesays.com\/fr\/wp-json\/wp\/v2\/media?parent=244525"}],"wp:term":[{"taxonomy":"category","embeddable":true,"href":"https:\/\/www.europesays.com\/fr\/wp-json\/wp\/v2\/categories?post=244525"},{"taxonomy":"post_tag","embeddable":true,"href":"https:\/\/www.europesays.com\/fr\/wp-json\/wp\/v2\/tags?post=244525"}],"curies":[{"name":"wp","href":"https:\/\/api.w.org\/{rel}","templated":true}]}}