{"id":24453,"date":"2025-04-14T14:28:27","date_gmt":"2025-04-14T14:28:27","guid":{"rendered":"https:\/\/www.europesays.com\/fr\/24453\/"},"modified":"2025-04-14T14:28:27","modified_gmt":"2025-04-14T14:28:27","slug":"ces-nantais-qui-delaissent-leur-ville-pour-la-douceur-angevine","status":"publish","type":"post","link":"https:\/\/www.europesays.com\/fr\/24453\/","title":{"rendered":"ces Nantais qui d\u00e9laissent leur ville pour la douceur angevine"},"content":{"rendered":"<p>S\u00e9curit\u00e9, tranquillit\u00e9, circulation&#8230; Plusieurs crit\u00e8res les poussent \u00e0 fuir l\u2019agitation de la sixi\u00e8me ville de France pour sa voisine des Pays de la Loire.<\/p>\n<p class=\"fig-paragraph\">\u00abPlus mon petit Lir\u00e9 que le mont Palatin, Et plus que l\u2019air marin la douceur angevine\u00bb \u00e9crivait en son temps le po\u00e8te\u00a0<a href=\"http:\/\/www.lefigaro.fr\/sciences\/joachim-du-bellay-ou-le-mystere-du-cavalier-de-notre-dame-de-paris-20250124\" target=\"_blank\" data-fig-type=\"Article\" rel=\"noopener\" data-gtm-custom-categorie=\"navigation\" data-gtm-custom-action=\"crossclick\" data-gtm-custom-label=\"Contextuel\" data-gtm-event=\"customEventSPE\" data-fig-domain=\"LEFIGARO\">Joachim du Bellay<\/a>, n\u00e9\u00a0<a href=\"http:\/\/www.lefigaro.fr\/voyages\/guides\/en-anjou-angers-devoile-ses-pepites-art-deco-20231012\" target=\"_blank\" data-fig-type=\"Article\" rel=\"noopener\" data-gtm-custom-categorie=\"navigation\" data-gtm-custom-action=\"crossclick\" data-gtm-custom-label=\"Contextuel\" data-gtm-event=\"customEventSPE\" data-fig-domain=\"LEFIGARO\">en Anjou<\/a>. Cinq si\u00e8cles plus tard, l\u2019expression fait toujours flor\u00e8s. \u00abLa fameuse douceur angevine dont parle Joachim du Bellay correspond bien \u00e0 une r\u00e9alit\u00e9\u00bb, a confi\u00e9 dimanche 6 avril le maire d\u2019Angers,\u00a0<a href=\"http:\/\/www.lefigaro.fr\/politique\/zfe-zan-dpe-christophe-bechu-sur-l-ecologie-un-mauvais-outil-ne-doit-pas-nous-obliger-a-arreter-le-chantier-20250408\" target=\"_blank\" data-fig-type=\"Article\" rel=\"noopener\" data-gtm-custom-categorie=\"navigation\" data-gtm-custom-action=\"crossclick\" data-gtm-custom-label=\"Contextuel\" data-gtm-event=\"customEventSPE\" data-fig-domain=\"LEFIGARO\">Christophe B\u00e9chu<\/a>, dans les colonnes de\u00a0<a href=\"https:\/\/www.latribune.fr\/la-tribune-dimanche\/politique\/christophe-bechu-maire-horizons-d-angers-la-nouveaute-c-est-l-arrivee-chez-nous-de-nantais-1022191.html\" target=\"_blank\" rel=\"noopener\" data-gtm-custom-categorie=\"navigation\" data-gtm-custom-action=\"crossclick\" data-gtm-custom-label=\"Contextuel\" data-gtm-event=\"customEventSPE\">La Tribune Dimanche<\/a> .<\/p>\n<p class=\"fig-paragraph\">R\u00e9guli\u00e8rement en t\u00eate du\u00a0<a href=\"http:\/\/www.lefigaro.fr\/actualite-france\/dossier\/decouvrez-tous-nos-palmares-des-villes-et-villages-ou-il-fait-bon-vivre\" data-fig-type=\"Topic\" data-gtm-custom-categorie=\"navigation\" data-gtm-custom-action=\"crossclick\" data-gtm-custom-label=\"Contextuel\" data-gtm-event=\"customEventSPE\" data-fig-domain=\"LEFIGARO\" target=\"_blank\" rel=\"noopener\">palmar\u00e8s des villes o\u00f9 il fait bon vivre<\/a>, la commune de presque 160.000 habitants a la cote. \u00abNous disposons de tous les services d\u2019une m\u00e9tropole sans en avoir les inconv\u00e9nients, du taux d\u2019embouteillage au niveau d\u2019ins\u00e9curit\u00e9\u00bb, se f\u00e9licite l\u2019\u00e9dile angevin. Apr\u00e8s un afflux de Parisiens, \u00abla nouveaut\u00e9, c\u2019est l\u2019arriv\u00e9e chez nous de Nantais. Compte tenu de l\u2019ins\u00e9curit\u00e9 qui r\u00e8gne dans leur ville, ils la quittent pour Angers\u00bb, expose l\u2019\u00e9lu Horizons dans les colonnes de l\u2019hebdomadaire. Et de poursuivre\u00a0: \u00abPendant trente-sept ans, mes pr\u00e9d\u00e9cesseurs socialistes regardaient Nantes comme le mod\u00e8le \u00e0 suivre. Angers se vivait comme une ville avec moins d\u2019avantages, de rayonnement et d\u2019attractivit\u00e9 que Nantes. \u00c7a n\u2019est plus le cas aujourd\u2019hui.\u00bb<\/p>\n<p class=\"fig-premium-paywall__infos\">\n        Cet article est r\u00e9serv\u00e9 aux abonn\u00e9s.        Il vous reste 81% \u00e0 d\u00e9couvrir.\n    <\/p>\n<p>                <img  data- alt=\"Le Figaro\" class=\"fig-img--complete fig-img\"\/><\/p>\n<p class=\"fig-premium-paywall__title\">Vous avez envie de lire la suite ?<\/p>\n<p class=\"fig-premium-paywall__subtitle\">D\u00e9bloquez tous les articles imm\u00e9diatement.<\/p>\n<p class=\"fig-premium-paywall__connect\">\n                D\u00e9j\u00e0 abonn\u00e9\u00a0?                <a class=\"fig-premium-paywall__connect-link\" href=\"https:\/\/connect.lefigaro.fr\/login?client=horizon_web&amp;type=main&amp;redirect_uri=https%3A%2F%2Fwww.lefigaro.fr%2Fnantes%2Fces-nantais-qui-delaissent-leur-ville-pour-la-douceur-angevine-20250414\" data-js-gtm=\"{&quot;customCategorie&quot;: &quot;conversion&quot;, &quot;customAction&quot;: &quot;before_Landing_Connexion_paywall_manuel&quot;, &quot;customLabel&quot;: &quot;bGVmaWdhcm8uZnJfXzFmMDE0OThkLWU2Y2QtNjM5Mi04NTdmLTdiMzlmMWM0NTk5Y19fTmV3c0ZsYXNo_\u00abCertains n\u2019ont pas envie de voir leurs enfants seuls, en particulier les filles\u00bb\u00a0: ces Nantais qui d\u00e9laissent leur ville pour la douceur angevine_1108&quot;, &quot;customIDSPE&quot;: &quot;bGVmaWdhcm8uZnJfXzFmMDE0OThkLWU2Y2QtNjM5Mi04NTdmLTdiMzlmMWM0NTk5Y19fTmV3c0ZsYXNo&quot;, &quot;event&quot;: &quot;customEventSPE&quot;}\" target=\"_blank\" rel=\"noopener\"><br \/>\n                    Connectez-vous<br \/>\n                <\/a>\n            <\/p>\n","protected":false},"excerpt":{"rendered":"S\u00e9curit\u00e9, tranquillit\u00e9, circulation&#8230; Plusieurs crit\u00e8res les poussent \u00e0 fuir l\u2019agitation de la sixi\u00e8me ville de France pour sa&hellip;\n","protected":false},"author":2,"featured_media":24454,"comment_status":"","ping_status":"","sticky":false,"template":"","format":"standard","meta":{"footnotes":""},"categories":[2818],"tags":[1111,11,1438,1777,674,462,1011,27,2640,2642,766,2638,2643,2637,2639,2646,2645,2641,2635,2644,2647,12,2636,25],"class_list":{"0":"post-24453","1":"post","2":"type-post","3":"status-publish","4":"format-standard","5":"has-post-thumbnail","7":"category-nantes","8":"tag-actu","9":"tag-actualites","10":"tag-angers","11":"tag-eu","12":"tag-europe","13":"tag-fc-nantes","14":"tag-fr","15":"tag-france","16":"tag-hauts-paves-saint-felix","17":"tag-ile-de-nantes","18":"tag-nantes","19":"tag-nantes-bellevue-chantenay-sainte-anne","20":"tag-nantes-breil-barberie","21":"tag-nantes-centre-ville","22":"tag-nantes-dervallieres-zola","23":"tag-nantes-doulon-bottiere","24":"tag-nantes-erdre","25":"tag-nantes-malakoff-saint-donatien","26":"tag-nantes-metropole","27":"tag-nantes-nord","28":"tag-nantes-sud","29":"tag-news","30":"tag-pays-de-la-loire","31":"tag-republique-francaise"},"share_on_mastodon":{"url":"https:\/\/pubeurope.com\/@fr\/114336792939673862","error":""},"_links":{"self":[{"href":"https:\/\/www.europesays.com\/fr\/wp-json\/wp\/v2\/posts\/24453","targetHints":{"allow":["GET"]}}],"collection":[{"href":"https:\/\/www.europesays.com\/fr\/wp-json\/wp\/v2\/posts"}],"about":[{"href":"https:\/\/www.europesays.com\/fr\/wp-json\/wp\/v2\/types\/post"}],"author":[{"embeddable":true,"href":"https:\/\/www.europesays.com\/fr\/wp-json\/wp\/v2\/users\/2"}],"replies":[{"embeddable":true,"href":"https:\/\/www.europesays.com\/fr\/wp-json\/wp\/v2\/comments?post=24453"}],"version-history":[{"count":0,"href":"https:\/\/www.europesays.com\/fr\/wp-json\/wp\/v2\/posts\/24453\/revisions"}],"wp:featuredmedia":[{"embeddable":true,"href":"https:\/\/www.europesays.com\/fr\/wp-json\/wp\/v2\/media\/24454"}],"wp:attachment":[{"href":"https:\/\/www.europesays.com\/fr\/wp-json\/wp\/v2\/media?parent=24453"}],"wp:term":[{"taxonomy":"category","embeddable":true,"href":"https:\/\/www.europesays.com\/fr\/wp-json\/wp\/v2\/categories?post=24453"},{"taxonomy":"post_tag","embeddable":true,"href":"https:\/\/www.europesays.com\/fr\/wp-json\/wp\/v2\/tags?post=24453"}],"curies":[{"name":"wp","href":"https:\/\/api.w.org\/{rel}","templated":true}]}}