{"id":244539,"date":"2025-07-12T09:01:10","date_gmt":"2025-07-12T09:01:10","guid":{"rendered":"https:\/\/www.europesays.com\/fr\/244539\/"},"modified":"2025-07-12T09:01:10","modified_gmt":"2025-07-12T09:01:10","slug":"la-liste-des-bals-des-pompiers-12-et-13-juillet-2025-a-paris-et-ile-de-france","status":"publish","type":"post","link":"https:\/\/www.europesays.com\/fr\/244539\/","title":{"rendered":"La liste des bals des pompiers\u00a0: 12 et 13\u00a0juillet 2025 \u00e0 Paris et \u00cele-de-France"},"content":{"rendered":"<p class=\"paragraph lpe text_align_left lp-f-body-02\">Paris se pr\u00e9pare \u00e0 vibrer au rythme des bals populaires ! Comme le veut la tradition, les casernes de pompiers de la capitale ouvriront leurs portes pour le 14 juillet. Cette ann\u00e9e, quelques-unes ouvriront la nuit du 12 au 13 et la majorit\u00e9 du 13 au 14 juillet veille de F\u00eate Nationale dans une ambiance festive et conviviale.<\/p>\n<p class=\"paragraph lpe text_align_left lp-f-body-02\">Venez danser, chanter et partager un moment de joie avec les h\u00e9ros du quotidien. Au programme : DJ, parfois fanfare, d\u00e9monstrations, buvette et bonne humeur garantie. C\u2019est l\u2019occasion id\u00e9ale de rencontrer les pompiers, de d\u00e9couvrir leur univers et de les remercier pour leur engagement.<\/p>\n<p class=\"paragraph lpe text_align_left lp-f-body-02\">Les bals des pompiers sont ouverts \u00e0 tous et l\u2019entr\u00e9e est g\u00e9n\u00e9ralement gratuite ou de deux euros, avec une participation aux b\u00e9n\u00e9fices via la buvette. D\u00e9couvrez la liste (non exhaustive) des casernes pr\u00e8s de chez vous.<\/p>\n<p>Bals de pompiers le samedi 12 juillet 2025<\/p>\n<p class=\"paragraph lpe text_align_left lp-f-body-02\">Six casernes ouvriront dans la nuit du samedi 12 au dimanche 13 juillet 2025.<\/p>\n<ul class=\"margin_bottom_md fs_18_26 fs_20_28_ad purple-dot\">\n<li class=\"mb_150 pl_325\">Caserne Malar\u00a0: 7 rue Malar 75006 Paris &#8211; de 18h \u00e0 1h<\/li>\n<li class=\"mb_150 pl_325\">Rousseau\u00a0: 21,\u00a0rue du Jour &#8211; 75001 PARIS &#8211; de 21h \u00e0 4h<\/li>\n<li class=\"mb_150 pl_325\">Montmartre\u00a0: 12 Rue Carpeaux, 75018, Paris &#8211; de 19h \u00e0 4h<\/li>\n<li class=\"mb_150 pl_325\">Clichy-sous-bois\u00a0: 2 All\u00e9e du Ch\u00eane Pointu, 93390, Clichy-sous-Bois &#8211; de 19h00 \u00e0 02h00<\/li>\n<li class=\"mb_150 pl_325\">Aubervilliers\u00a0: 49 Rue de la Commune de Paris, 93300, Aubervilliers &#8211; de 21h \u00e0 4h00<\/li>\n<li class=\"mb_150 pl_325\">Rungis\u00a0: 382 avenue de Stalingrad- 94550 Chevilly-Larue &#8211; de 21h \u00e0 4h<\/li>\n<\/ul>\n<p>Bals de pompiers le dimanche 13 juillet 2025<\/p>\n<p class=\"paragraph lpe text_align_left lp-f-body-02\">Pour assurer un roulement touts les casernes ne participe pas la m\u00eame nuit. Nuit du dimanche 13 au lundi 14 juillet 2025 :<\/p>\n<p class=\"paragraph lpe text_align_left lp-f-body-02\"><b>Les bals de pompiers \u00e0 Paris<\/b><\/p>\n<ul class=\"margin_bottom_md fs_18_26 fs_20_28_ad purple-dot\">\n<li class=\"mb_150 pl_325\">Caserne S\u00e9vign\u00e9\u00a0: 07,\u00a0rue de S\u00e9vign\u00e9, 75004 Paris &#8211; de 21h \u00e0 4h<\/li>\n<li class=\"mb_150 pl_325\">Mass\u00e9na\u00a0: 3,\u00a0rue Darmesteter, 75013 Paris &#8211; de 21h \u00e0 4h<\/li>\n<li class=\"mb_150 pl_325\">Blanche\u00a0: 28 Rue Blanche, 75009 Paris &#8211; de 19h \u00e0 4h<\/li>\n<li class=\"mb_150 pl_325\">CS Chaligny\u00a0: 26,\u00a0rue de Chaligny, 75012 Paris &#8211; de 21h \u00e0 4h<\/li>\n<li class=\"mb_150 pl_325\">Caserne Boursault\u00a0: 27 Rue Boursault, 75017 Paris &#8211; de 19h \u00e0 4h<\/li>\n<li class=\"mb_150 pl_325\">Bitche\u00a0: 2 Place de Bitche, 75019 Paris &#8211; de 19h \u00e0 3h<\/li>\n<li class=\"mb_150 pl_325\">Dauphine\u00a0: 8 Rue Mesnil, 75016 Paris &#8211; de 21h \u00e0 4h<\/li>\n<li class=\"mb_150 pl_325\">Colombier\u00a0: 11 Rue du Vieux-Colombier, 75006 Paris &#8211; de 21h \u00e0 4h<\/li>\n<li class=\"mb_150 pl_325\">Port Royal\u00a0: 55 Boulevard de Port-Royal, 75013 Paris &#8211; de 21h \u00e0 4h<\/li>\n<li class=\"mb_150 pl_325\">M\u00e9nilmontant\u00a0: 47 Rue Saint-Fargeau, 75020 Paris &#8211; de 21h \u00e0 3h<\/li>\n<li class=\"mb_150 pl_325\">Grenelle\u00a0: 6 Place Violet, 75015 Paris &#8211; de 21h \u00e0 4h<\/li>\n<\/ul>\n<p class=\"paragraph lpe text_align_left lp-f-body-02\"><b>Seine et Marne (77)<\/b><\/p>\n<ul class=\"margin_bottom_md fs_18_26 fs_20_28_ad purple-dot\">\n<li class=\"mb_150 pl_325\">Pontault-Combault\u00a0: \u00e0 la caserne, 1 rue de l\u2019\u00c9pinette 77340 Pontault-Combault &#8211; de\u00a019h \u00e0 5h<\/li>\n<li class=\"mb_150 pl_325\">Provins\u00a0: Caserne des pompiers, Avenue Andr\u00e9 Malraux 77160 Provins &#8211; \u00e0 19h<\/li>\n<\/ul>\n<p class=\"paragraph lpe text_align_left lp-f-body-02\"><b>Essonne (91)<\/b><\/p>\n<ul class=\"margin_bottom_md fs_18_26 fs_20_28_ad purple-dot\">\n<li class=\"mb_150 pl_325\">\u00c9vry-Courcouronnes\u00a0: bal square Jean-Paul\u00a0II, 91000 \u00c9vry-Courcouronnes &#8211; de 19h \u00e0 minuit<\/li>\n<\/ul>\n<p class=\"paragraph lpe text_align_left lp-f-body-02\"><b>Hauts-de-Seine (92)<\/b><\/p>\n<ul class=\"margin_bottom_md fs_18_26 fs_20_28_ad purple-dot\">\n<li class=\"mb_150 pl_325\">Asni\u00e8res\u00a0: Quai du Docteur Dervaux, 92600, Asni\u00e8res-sur-Seine &#8211; de 19h \u00e0 minuit<\/li>\n<li class=\"mb_150 pl_325\">Centre de Secours Colombes\u00a0: Place de la renaissance 92270 Bois-Colombes &#8211; de 21h \u00e0 1h<\/li>\n<li class=\"mb_150 pl_325\">Puteaux\u00a0: 106 rue de Verdun \u2013 92800 Puteaux &#8211; de 21h \u00e0 4h<\/li>\n<li class=\"mb_150 pl_325\">Clamart\u00a0: 234 Avenue Victor Hugo, 92140, Clamart &#8211; de 21h \u00e0 4h<\/li>\n<li class=\"mb_150 pl_325\">Issy les Moulineaux\u00a0: 75 Boulevard Gallieni, 92130, Issy-les-Moulineaux &#8211; de 21h \u00e0 3h<\/li>\n<li class=\"mb_150 pl_325\">Antony\u00a0: 2 avenue Armand Guillebaud, 92160, Antony &#8211; de 21h \u00e0 4h<\/li>\n<li class=\"mb_150 pl_325\">Boulogne Billancourt\u00a0: 57 Rue Gallieni, 92100, Boulogne-Billancourt &#8211; de 21h00 \u00e0 04h00<\/li>\n<li class=\"mb_150 pl_325\">Courbevoie &#8211; La Garenne Colombes\u00a0: Place de la Libert\u00e9, 92250, La\u00a0Garenne-Colombes &#8211; de 21h \u00e0 1h<\/li>\n<li class=\"mb_150 pl_325\">Levallois\u00a0: 1 Avenue Georges Pompidou, 92300, Levallois-Perret &#8211; de 21h \u00e0 4h<\/li>\n<li class=\"mb_150 pl_325\">Clichy\u00a0: 137, boulevard Jean Jaur\u00e8s \u2014 92110 Clichy La Garenne &#8211; \u00e0 partir de 21h<\/li>\n<li class=\"mb_150 pl_325\">Villejuif\u00a0: Parc d\u00e9partemental des hautes Bruy\u00e8res, Rue Edouard Vaillant, 94800 Villejuif &#8211; de 21h \u00e0 4h<\/li>\n<\/ul>\n<p class=\"paragraph lpe text_align_left lp-f-body-02\"><b>Seine-Saint-Denis (93)<\/b><\/p>\n<ul class=\"margin_bottom_md fs_18_26 fs_20_28_ad purple-dot\">\n<li class=\"mb_150 pl_325\">Tremblay Avenue du G\u00e9n\u00e9ral Pouderoux, 93290, Tremblay-en-France &#8211; de 20h \u00e0 2h<\/li>\n<li class=\"mb_150 pl_325\">Drancy 19 Rue Roger Salengro, 93700, Drancy &#8211; de 21h \u00e0 4h<\/li>\n<li class=\"mb_150 pl_325\">Pierrefitte\u00a0: 2 Avenue Emile Zola, 93380, Pierrefitte-sur-Seine &#8211; de 21h \u00e0 4h<\/li>\n<li class=\"mb_150 pl_325\">Livry-Gargan 34 \u2013 42 Avenue Lucie Aubrac, 93190, Livry-Gargan &#8211; \u00e0 partir de 21h00<\/li>\n<li class=\"mb_150 pl_325\">Noisy-le-Grand (bal populaire avec les pompiers) Jardin de l\u2019H\u00f4tel de ville\u00a0: 5 rue L\u00e9on Bernard \u2014 93160 Noisy-le-Grand de 19\u00a0heures \u00e0 2\u00a0heures<\/li>\n<li class=\"mb_150 pl_325\">Montreuil\u00a0: 11 Avenue Pasteur, 93100, Montreuil &#8211; de 19h \u00e0 4h<\/li>\n<\/ul>\n<p class=\"paragraph lpe text_align_left lp-f-body-02\"><b>Val-de-Marne (94)<\/b><\/p>\n<ul class=\"margin_bottom_md fs_18_26 fs_20_28_ad purple-dot\">\n<li class=\"mb_150 pl_325\">Vincennes (bal) 53 bis rue Fontenay, 94300 Vincennes &#8211; de 21h \u00e0 1h<\/li>\n<li class=\"mb_150 pl_325\">Villecresnes\u00a0: Voie aux Vaches &#8211; 94440 Santeny &#8211; de 20h \u00e0 4h<\/li>\n<li class=\"mb_150 pl_325\">Cr\u00e9teil\u00a0: Bal-karaok\u00e9 des pompiers, Rue Maurice D\u00e9m\u00e9nitroux, 94000, Cr\u00e9teil &#8211; \u00e0 partir de 21h<\/li>\n<li class=\"mb_150 pl_325\">Champigny-sur-Marne (bal 1)\u00a0: Voie publique, place du souvenir, 94430 CHENNEVIERES\/MARNE &#8211; de 21h \u00e0 4h<\/li>\n<li class=\"mb_150 pl_325\">Champigny-sur-Marne (bal 2)\u00a0: Voie publique, parc d\u00e9partemental du plateau &#8211; SN, rue de BERNAU 94500 CHAMPIGNY &#8211; de 21h \u00e0 4h<\/li>\n<li class=\"mb_150 pl_325\">Maison-Alfort (bal)\u00a0: 118 Avenue du G\u00e9n\u00e9ral de Gaulle, 94700, Maisons-Alfort &#8211; \u00e0 partir de 20h<\/li>\n<li class=\"mb_150 pl_325\">Caserne de Saint Maur\u00a0: 17 Avenue Louis Blanc, 94100, Saint-Maur-des-Foss\u00e9s &#8211; de 20h \u00e0 4h.<\/li>\n<li class=\"mb_150 pl_325\">Sucy-en-Brie 48 Route de la Queue en Brie, 94370, Sucy-en-Brie &#8211; de 20h \u00e0 4h.<\/li>\n<li class=\"mb_150 pl_325\">Choisy-le-Roi\u00a0: Place Am\u00e9d\u00e9e Soupault \u2013 94290 Villeneuve le roi &#8211; de 21h \u00e0 4h.<\/li>\n<\/ul>\n<p class=\"paragraph lpe text_align_left lp-f-body-02\">Une seule caserne ouvrira la nuit du 14 juillet : la caserne de Villejuif organise son bal du 14 au 15 juillet 2025 au Parc Bic\u00eatre (Kremlin-Bic\u00eatre) <\/p>\n<p class=\"paragraph lpe text_align_left lp-f-body-02\">Bon 14 juillet \u00e0 tous !<\/p>\n","protected":false},"excerpt":{"rendered":"Paris se pr\u00e9pare \u00e0 vibrer au rythme des bals populaires ! Comme le veut la tradition, les casernes&hellip;\n","protected":false},"author":2,"featured_media":244540,"comment_status":"","ping_status":"","sticky":false,"template":"","format":"standard","meta":{"footnotes":""},"categories":[1592],"tags":[1111,11,872,1777,674,1011,27,662,2684,12,626,25,28728],"class_list":{"0":"post-244539","1":"post","2":"type-post","3":"status-publish","4":"format-standard","5":"has-post-thumbnail","7":"category-ile-de-france","8":"tag-actu","9":"tag-actualites","10":"tag-culture-et-loisirs","11":"tag-eu","12":"tag-europe","13":"tag-fr","14":"tag-france","15":"tag-ile-de-france","16":"tag-le-parisien-etudiant","17":"tag-news","18":"tag-paris","19":"tag-republique-francaise","20":"tag-vie-etudiante"},"share_on_mastodon":{"url":"https:\/\/pubeurope.com\/@fr\/114839452624469080","error":""},"_links":{"self":[{"href":"https:\/\/www.europesays.com\/fr\/wp-json\/wp\/v2\/posts\/244539","targetHints":{"allow":["GET"]}}],"collection":[{"href":"https:\/\/www.europesays.com\/fr\/wp-json\/wp\/v2\/posts"}],"about":[{"href":"https:\/\/www.europesays.com\/fr\/wp-json\/wp\/v2\/types\/post"}],"author":[{"embeddable":true,"href":"https:\/\/www.europesays.com\/fr\/wp-json\/wp\/v2\/users\/2"}],"replies":[{"embeddable":true,"href":"https:\/\/www.europesays.com\/fr\/wp-json\/wp\/v2\/comments?post=244539"}],"version-history":[{"count":0,"href":"https:\/\/www.europesays.com\/fr\/wp-json\/wp\/v2\/posts\/244539\/revisions"}],"wp:featuredmedia":[{"embeddable":true,"href":"https:\/\/www.europesays.com\/fr\/wp-json\/wp\/v2\/media\/244540"}],"wp:attachment":[{"href":"https:\/\/www.europesays.com\/fr\/wp-json\/wp\/v2\/media?parent=244539"}],"wp:term":[{"taxonomy":"category","embeddable":true,"href":"https:\/\/www.europesays.com\/fr\/wp-json\/wp\/v2\/categories?post=244539"},{"taxonomy":"post_tag","embeddable":true,"href":"https:\/\/www.europesays.com\/fr\/wp-json\/wp\/v2\/tags?post=244539"}],"curies":[{"name":"wp","href":"https:\/\/api.w.org\/{rel}","templated":true}]}}