{"id":244541,"date":"2025-07-12T09:02:10","date_gmt":"2025-07-12T09:02:10","guid":{"rendered":"https:\/\/www.europesays.com\/fr\/244541\/"},"modified":"2025-07-12T09:02:10","modified_gmt":"2025-07-12T09:02:10","slug":"il-avait-pose-la-bombe-qui-a-explose-dans-le-rer-b-le-terroriste-boualem-bensaid-va-etre-libere","status":"publish","type":"post","link":"https:\/\/www.europesays.com\/fr\/244541\/","title":{"rendered":"Il avait pos\u00e9 la bombe qui a explos\u00e9 dans le RER B, le terroriste Boualem Bensa\u00efd va \u00eatre lib\u00e9r\u00e9"},"content":{"rendered":"<p>            Par<br \/>\n        <strong><br \/>\n            <a href=\"https:\/\/actu.fr\/auteur\/thomas-martin\" title=\"Consulter tous les articles de Thomas Martin\" target=\"_blank\" rel=\"noopener\">Thomas Martin<\/a><br \/>\n        <\/strong><\/p>\n<p>        Publi\u00e9 le<\/p>\n<p>            12 juil. 2025 \u00e0 9h54        <\/p>\n<p>L\u2019un des auteurs des <a href=\"https:\/\/actu.fr\/tag\/attentat\" target=\"_blank\" rel=\"noopener\">attentats<\/a> meurtriers de 1995, Boualem Bensa\u00efd, sera remis en libert\u00e9 le 1er ao\u00fbt 2025 apr\u00e8s un feu vert de la cour d\u2019appel de Paris \u00e0 une demande de lib\u00e9ration, sous condition d\u2019<strong>expulsion vers l\u2019Alg\u00e9rie<\/strong>, a appris vendredi l\u2019AFP de source judiciaire. Reconnu notamment coupable d\u2019avoir pos\u00e9 la bombe qui a explos\u00e9 dans le <a href=\"https:\/\/actu.fr\/tag\/rer-b\" target=\"_blank\" rel=\"noopener\">RER B<\/a> station Saint-Michel le 25 juillet 1995, faisant 8 morts et 150 bless\u00e9s, Boualem Bensa\u00efd avait \u00e9t\u00e9 condamn\u00e9 en 2002 puis en appel en 2003 \u00e0 la perp\u00e9tuit\u00e9 avec une p\u00e9riode de s\u00fbret\u00e9 de 22 ans. Aujourd\u2019hui \u00e2g\u00e9 de 57 ans, il a pass\u00e9 pr\u00e8s de trente ann\u00e9es en prison.<\/p>\n<p>\u00ab\u00a0Quitter le territoire fran\u00e7ais et ne plus y para\u00eetre\u00a0\u00bb<\/p>\n<p class=\" wall-content\">Dans un arr\u00eat du 10 juillet, \u00ab\u00a0la chambre d\u2019application des peines de la cour d\u2019appel de Paris a admis Boualem Bensa\u00efd au b\u00e9n\u00e9fice de la lib\u00e9ration conditionnelle avec expulsion \u00e0 destination de l\u2019Alg\u00e9rie \u00e0 compter du 1er ao\u00fbt 2025\u00a0\u00bb, a indiqu\u00e9 une source judiciaire \u00e0 l\u2019AFP.<br \/>Cette lib\u00e9ration s\u2019effectuera \u00ab\u00a0sous r\u00e9serve de l\u2019ex\u00e9cution de la mesure d\u2019\u00e9loignement et sous condition pour le condamn\u00e9 de quitter le territoire fran\u00e7ais et de ne plus y para\u00eetre\u00a0\u00bb, a pr\u00e9cis\u00e9 cette source.<\/p>\n<p class=\" wall-content\">Boualem Bensa\u00efd est consid\u00e9r\u00e9 comme le coordinateur de la vague de six attentats qui ont frapp\u00e9 la France en 1995, revendiqu\u00e9s par le Groupe islamique arm\u00e9 (GIA) alg\u00e9rien, qui reprochait \u00e0 la France son \u00ab\u00a0soutien\u00a0\u00bb au r\u00e9gime d\u2019Alger.<\/p>\n<p class=\" wall-content\">Il a \u00e9t\u00e9 reconnu coupable d\u2019avoir pos\u00e9 les bombes ayant explos\u00e9 dans le RER B, station Saint-Michel en plein centre de Paris (25 juillet 1995, huit morts, 150 bless\u00e9s) et pr\u00e8s du m\u00e9tro Maison-Blanche dans le XIIIe arrondissement (6 octobre, 18 bless\u00e9s), ainsi que d\u2019avoir particip\u00e9 \u00e0 la pr\u00e9paration de l\u2019attentat du RER C au Mus\u00e9e d\u2019Orsay (17 octobre, 30 bless\u00e9s).<br \/>A l\u2019audience, il avait tout contest\u00e9, tant sa participation aux attentats que son appartenance au GIA.<\/p>\n<p>\u00ab\u00a0Un espoir pour tous ceux qui luttent contre la prison \u00e0 vie\u00a0\u00bb<\/p>\n<p class=\" wall-content\">\u00ab\u00a0Cette lib\u00e9ration est un espoir pour tous ceux qui luttent contre la prison \u00e0 vie et pour la lib\u00e9ration des prisonniers politiques\u00a0\u00bb, a r\u00e9agi l\u2019avocat Me Romain Ruiz qui d\u00e9fend Boualem Bensa\u00efd aux c\u00f4t\u00e9s de Me Berenger Tourn\u00e9.<\/p>\n<p>Vid\u00e9os : en ce moment sur Actu<\/p>\n<p class=\" wall-content\">\u00ab\u00a0Dans une circulaire de politique p\u00e9nale du 21 mars 2025, G\u00e9rald Darmanin demande aux Procureurs de \u2018requ\u00e9rir syst\u00e9matiquement\u2019 une lib\u00e9ration-expulsion pour les prisonniers de nationalit\u00e9 \u00e9trang\u00e8re. Sauf \u00e0 faire preuve d\u2019insubordination, ce qui n\u2019est pas v\u00e9ritablement son style, le Parquet antiterroriste ne devrait donc pas se pourvoir en cassation\u00a0\u00bb, a estim\u00e9 l\u2019avocat.<\/p>\n<p class=\" wall-content\">Depuis la fin de sa p\u00e9riode de s\u00fbret\u00e9, Boualem Bensa\u00efd a d\u00e9pos\u00e9 au moins quatre demandes de lib\u00e9ration conditionnelle\u2026 toutes refus\u00e9es. En mai dernier, la Cour de cassation avait rejet\u00e9 un pourvoi de Boualem Bensa\u00efd apr\u00e8s le refus de sa derni\u00e8re demande de lib\u00e9ration conditionnelle par la cour d\u2019appel.\u00a0<\/p>\n<p class=\" wall-content\"><strong>Avec AFP<\/strong><\/p>\n<p class=\" wall-content\">Suivez toute l\u2019actualit\u00e9 de vos villes et m\u00e9dias favoris en vous inscrivant \u00e0 <a href=\"https:\/\/moncompte.actu.fr\" title=\"D\u00e9couvez Mon Actu\" rel=\"nofollow noopener\" data-trk=\"{&quot;cta&quot;:{&quot;action&quot;:&quot;https:\\\/\\\/moncompte.actu.fr&quot;,&quot;category&quot;:&quot;mon compte&quot;,&quot;from&quot;:&quot;article footer&quot;,&quot;name&quot;:&quot;Mon actu&quot;,&quot;type&quot;:&quot;cta&quot;}}\" target=\"_blank\">Mon Actu<\/a>.<\/p>\n","protected":false},"excerpt":{"rendered":"Par Thomas Martin Publi\u00e9 le 12 juil. 2025 \u00e0 9h54 L\u2019un des auteurs des attentats meurtriers de 1995,&hellip;\n","protected":false},"author":2,"featured_media":244542,"comment_status":"","ping_status":"","sticky":false,"template":"","format":"standard","meta":{"footnotes":""},"categories":[1888],"tags":[1111,1928,11,1927,5581,1777,674,118,1011,27,303,12,1926,626,1925,25,1254],"class_list":{"0":"post-244541","1":"post","2":"type-post","3":"status-publish","4":"format-standard","5":"has-post-thumbnail","7":"category-paris","8":"tag-actu","9":"tag-actu-paris","10":"tag-actualites","11":"tag-actualites-paris","12":"tag-attentat","13":"tag-eu","14":"tag-europe","15":"tag-faits-divers","16":"tag-fr","17":"tag-france","18":"tag-justice","19":"tag-news","20":"tag-news-paris","21":"tag-paris","22":"tag-paris-news","23":"tag-republique-francaise","24":"tag-terrorisme"},"share_on_mastodon":{"url":"https:\/\/pubeurope.com\/@fr\/114839456551355442","error":""},"_links":{"self":[{"href":"https:\/\/www.europesays.com\/fr\/wp-json\/wp\/v2\/posts\/244541","targetHints":{"allow":["GET"]}}],"collection":[{"href":"https:\/\/www.europesays.com\/fr\/wp-json\/wp\/v2\/posts"}],"about":[{"href":"https:\/\/www.europesays.com\/fr\/wp-json\/wp\/v2\/types\/post"}],"author":[{"embeddable":true,"href":"https:\/\/www.europesays.com\/fr\/wp-json\/wp\/v2\/users\/2"}],"replies":[{"embeddable":true,"href":"https:\/\/www.europesays.com\/fr\/wp-json\/wp\/v2\/comments?post=244541"}],"version-history":[{"count":0,"href":"https:\/\/www.europesays.com\/fr\/wp-json\/wp\/v2\/posts\/244541\/revisions"}],"wp:featuredmedia":[{"embeddable":true,"href":"https:\/\/www.europesays.com\/fr\/wp-json\/wp\/v2\/media\/244542"}],"wp:attachment":[{"href":"https:\/\/www.europesays.com\/fr\/wp-json\/wp\/v2\/media?parent=244541"}],"wp:term":[{"taxonomy":"category","embeddable":true,"href":"https:\/\/www.europesays.com\/fr\/wp-json\/wp\/v2\/categories?post=244541"},{"taxonomy":"post_tag","embeddable":true,"href":"https:\/\/www.europesays.com\/fr\/wp-json\/wp\/v2\/tags?post=244541"}],"curies":[{"name":"wp","href":"https:\/\/api.w.org\/{rel}","templated":true}]}}