{"id":244568,"date":"2025-07-12T09:16:12","date_gmt":"2025-07-12T09:16:12","guid":{"rendered":"https:\/\/www.europesays.com\/fr\/244568\/"},"modified":"2025-07-12T09:16:12","modified_gmt":"2025-07-12T09:16:12","slug":"faire-des-trous-dans-le-sable-cest-tres-amusant-mais-cela-peut-virer-au-drame-voici-les-regles-a-suivre-sur-la-cote-belge","status":"publish","type":"post","link":"https:\/\/www.europesays.com\/fr\/244568\/","title":{"rendered":"Faire des trous dans le sable, c&rsquo;est tr\u00e8s amusant\u2026 mais cela peut virer au drame\u00a0: voici les r\u00e8gles \u00e0 suivre sur la c\u00f4te belge"},"content":{"rendered":"<p class=\"ap-StoryElement ap-StoryElement--mb ap-StoryText\">\u00c0 la c\u00f4te belge, cela fait partie des incontournables d&rsquo;une journ\u00e9e \u00e0 la plage. Une pelle, et c&rsquo;est parti. La plage prend des allures de gruy\u00e8re parsem\u00e9 de trous.<\/p>\n<p class=\"ap-StoryElement ap-StoryElement--mb ap-StoryText\">Mais si ces cavit\u00e9s font le bonheur des enfants, elles suscitent les inqui\u00e9tudes du c\u00f4t\u00e9 des services de secours. \u00ab\u00a0Cela peut \u00eatre tr\u00e8s dangereux\u00a0\u00bb, nous raconte une sauveteuse exp\u00e9riment\u00e9e. \u00ab\u00a0Certaines personnes font des trous tr\u00e8s profonds. Si le trou s&rsquo;effondre avec un enfant dedans, c&rsquo;est le drame. C&rsquo;est comme se retrouver dans du b\u00e9ton.\u00a0\u00bb<\/p>\n<p>Un drame inoubliable<a href=\"https:\/\/www.dhnet.be\/actu\/2024\/08\/13\/une-video-de-la-plage-dostende-criblee-de-dechets-fait-le-buzz-33QXR4OE5BB45HGXQLLHOUOH5I\/\" target=\"_blank\" rel=\"noopener noreferrer nofollow\" class=\"ap-StoryInterstitialLink ap-StoryElement ap-StoryElement--mb\">La plage d&rsquo;Ostende cribl\u00e9e de d\u00e9chets (VIDEOS)<\/a><\/p>\n<p class=\"ap-StoryElement ap-StoryElement--mb ap-StoryText\">En 2015 notamment, <a href=\"https:\/\/www.dhnet.be\/actu\/faits\/2015\/07\/20\/le-garcon-qui-setait-retrouve-enseveli-dans-le-sable-a-la-cote-belge-est-decede-V2DPLQPZKRGENG5NORLJUY6VIA\/\" target=\"_self\" rel=\"nofollow noopener\">un gar\u00e7on de quatorze ans de Profondeville, en vacances en famille, s&rsquo;\u00e9tait retrouv\u00e9 enseveli pendant un quart d&rsquo;heure \u00e0 Oostduinkerke et \u00e9tait finalement d\u00e9c\u00e9d\u00e9 des suites de ses blessures<\/a>.<\/p>\n<p><a href=\"https:\/\/www.dhnet.be\/actu\/faits\/2015\/07\/20\/le-garcon-qui-setait-retrouve-enseveli-dans-le-sable-a-la-cote-belge-est-decede-V2DPLQPZKRGENG5NORLJUY6VIA\/\" target=\"_blank\" rel=\"noopener noreferrer nofollow\" class=\"ap-StoryInterstitialLink ap-StoryElement ap-StoryElement--mb\">Le gar\u00e7on qui s&rsquo;\u00e9tait retrouv\u00e9 enseveli dans le sable \u00e0 la c\u00f4te belge est d\u00e9c\u00e9d\u00e9.<\/a><\/p>\n<p class=\"ap-StoryElement ap-StoryElement--mb ap-StoryText\">Contact\u00e9, Westtoer (l&rsquo;organisme touristique de la Flandre Occidentale) nous confirme les mises en garde et appelle \u00e0 ne pas creuser de trous trop profonds ou des tunnels. \u00ab\u00a0Il n&rsquo;existe pas de r\u00e8gle officielle mais, par mesure de pr\u00e9caution, il est conseill\u00e9 de ne pas creuser plus profond que la hauteur des hanches du plus petit membre de l&rsquo;entourage. Cela permet de limiter les risques li\u00e9s \u00e0 la stabilit\u00e9 du sable et le risque d&rsquo;\u00eatre enseveli avec \u00e9touffement.\u00a0\u00bb<\/p>\n<p><a href=\"https:\/\/www.dhnet.be\/actu\/sante\/2018\/05\/09\/pourquoi-creuser-un-trou-dans-le-sable-peut-devenir-dangereux-ZWKHVYN3ZZHHXECFUUUJ2JVPEU\/\" target=\"_blank\" rel=\"noopener noreferrer nofollow\" class=\"ap-StoryInterstitialLink ap-StoryElement ap-StoryElement--mb\">Pourquoi creuser un trou dans le sable peut devenir dangereux<\/a>\u00ab\u00a0Ne creusez pas votre propre tombe\u2026\u00a0\u00bb<\/p>\n<p class=\"ap-StoryElement ap-StoryElement--mb ap-StoryText\">Les risques d&rsquo;effondrement seraient plus grands par temps sec, apr\u00e8s plusieurs journ\u00e9es ensoleill\u00e9es. Il est en outre demand\u00e9 de reboucher les trous avant de quitter la plage. \u00ab\u00a0Si vous voyez un trou laiss\u00e9 par d&rsquo;autres, vous pouvez le refermer pour \u00e9viter les chutes ou incidents\u00a0\u00bb, pointe Westtoer.<\/p>\n<p class=\"ap-StoryElement ap-StoryElement--mb ap-StoryText\">Les sauveteurs de l&rsquo;IKWV avaient notamment lanc\u00e9 l&rsquo;an dernier une campagne de sensibilisation. Avec la photo d&rsquo;un trou, d&rsquo;o\u00f9, seule, une main sortait. Avec ce message : \u00ab\u00a0ne creusez pas votre propre tombe\u2026\u00a0\u00bb<\/p>\n<p><img loading=\"lazy\" decoding=\"async\" class=\"w-full lazyload lazyload--opacity\" style=\"aspect-ratio:100 \/ 100;opacity:1\" alt=\"Sable c\u00f4te trou\" width=\"768\" height=\"768\" fetchpriority=\"auto\" src=\"https:\/\/www.europesays.com\/fr\/wp-content\/uploads\/2025\/04\/1743819792_235_S5VKD3X55FFF3BW6V4SEHXNP7I.png\"  data- data-optimumx=\"1\"\/> \u00a9D.R.<img loading=\"lazy\" decoding=\"async\" class=\"w-full lazyload lazyload--opacity object-contain\" style=\"aspect-ratio:148 \/ 100;opacity:1\" alt=\"Infographie sable trou\" width=\"768\" height=\"520\" fetchpriority=\"auto\" src=\"https:\/\/www.europesays.com\/fr\/wp-content\/uploads\/2025\/04\/1743819792_235_S5VKD3X55FFF3BW6V4SEHXNP7I.png\"  data- data-optimumx=\"1\"\/> \u00a9IPM<\/p>\n<p>Pour acc\u00e9der \u00e0 cet article, veuillez vous connecter au r\u00e9seau internet.<\/p>\n","protected":false},"excerpt":{"rendered":"\u00c0 la c\u00f4te belge, cela fait partie des incontournables d&rsquo;une journ\u00e9e \u00e0 la plage. Une pelle, et c&rsquo;est&hellip;\n","protected":false},"author":2,"featured_media":244569,"comment_status":"","ping_status":"","sticky":false,"template":"","format":"standard","meta":{"footnotes":""},"categories":[1418],"tags":[1011,27,1472,60],"class_list":{"0":"post-244568","1":"post","2":"type-post","3":"status-publish","4":"format-standard","5":"has-post-thumbnail","7":"category-golf","8":"tag-fr","9":"tag-france","10":"tag-golf","11":"tag-sports"},"share_on_mastodon":{"url":"https:\/\/pubeurope.com\/@fr\/114839511603587148","error":""},"_links":{"self":[{"href":"https:\/\/www.europesays.com\/fr\/wp-json\/wp\/v2\/posts\/244568","targetHints":{"allow":["GET"]}}],"collection":[{"href":"https:\/\/www.europesays.com\/fr\/wp-json\/wp\/v2\/posts"}],"about":[{"href":"https:\/\/www.europesays.com\/fr\/wp-json\/wp\/v2\/types\/post"}],"author":[{"embeddable":true,"href":"https:\/\/www.europesays.com\/fr\/wp-json\/wp\/v2\/users\/2"}],"replies":[{"embeddable":true,"href":"https:\/\/www.europesays.com\/fr\/wp-json\/wp\/v2\/comments?post=244568"}],"version-history":[{"count":0,"href":"https:\/\/www.europesays.com\/fr\/wp-json\/wp\/v2\/posts\/244568\/revisions"}],"wp:featuredmedia":[{"embeddable":true,"href":"https:\/\/www.europesays.com\/fr\/wp-json\/wp\/v2\/media\/244569"}],"wp:attachment":[{"href":"https:\/\/www.europesays.com\/fr\/wp-json\/wp\/v2\/media?parent=244568"}],"wp:term":[{"taxonomy":"category","embeddable":true,"href":"https:\/\/www.europesays.com\/fr\/wp-json\/wp\/v2\/categories?post=244568"},{"taxonomy":"post_tag","embeddable":true,"href":"https:\/\/www.europesays.com\/fr\/wp-json\/wp\/v2\/tags?post=244568"}],"curies":[{"name":"wp","href":"https:\/\/api.w.org\/{rel}","templated":true}]}}