{"id":244572,"date":"2025-07-12T09:19:11","date_gmt":"2025-07-12T09:19:11","guid":{"rendered":"https:\/\/www.europesays.com\/fr\/244572\/"},"modified":"2025-07-12T09:19:11","modified_gmt":"2025-07-12T09:19:11","slug":"marion-bartoli-donne-les-cles-de-la-finale-de-wimbledon-entre-iga-swiatek-et-amanda-anisimova","status":"publish","type":"post","link":"https:\/\/www.europesays.com\/fr\/244572\/","title":{"rendered":"Marion Bartoli donne les cl\u00e9s de la finale de Wimbledon entre Iga Swiatek et Amanda Anisimova"},"content":{"rendered":"\n<p>\u00ab\u00a0L&rsquo;exp\u00e9rience pourra jouer, mais \u00e7a ne fait pas tout\u00a0\u00bb  : Marion Bartoli donne les cl\u00e9s de la finale de Wimbledon entre Iga Swiatek et Amanda Anisimova<\/p>\n<p>Marion Bartoli, sacr\u00e9e \u00e0 Wimbledon en 2013, donne les clefs de la finale entre Iga Swiatek et Amanda Anisimova, samedi. Si l&rsquo;exp\u00e9rience en finale de Grand Chelem plaide pour la Polonaise aux cinq titres majeurs, l&rsquo;impression laiss\u00e9e par l&rsquo;Am\u00e9ricaine sur sa demi-finale contre Sabalenka rebat les cartes.<\/p>\n","protected":false},"excerpt":{"rendered":"\u00ab\u00a0L&rsquo;exp\u00e9rience pourra jouer, mais \u00e7a ne fait pas tout\u00a0\u00bb : Marion Bartoli donne les cl\u00e9s de la finale&hellip;\n","protected":false},"author":2,"featured_media":244573,"comment_status":"","ping_status":"","sticky":false,"template":"","format":"standard","meta":{"footnotes":""},"categories":[1415],"tags":[1011,27,60,1467],"class_list":{"0":"post-244572","1":"post","2":"type-post","3":"status-publish","4":"format-standard","5":"has-post-thumbnail","7":"category-tennis","8":"tag-fr","9":"tag-france","10":"tag-sports","11":"tag-tennis"},"share_on_mastodon":{"url":"https:\/\/pubeurope.com\/@fr\/114839523316355503","error":""},"_links":{"self":[{"href":"https:\/\/www.europesays.com\/fr\/wp-json\/wp\/v2\/posts\/244572","targetHints":{"allow":["GET"]}}],"collection":[{"href":"https:\/\/www.europesays.com\/fr\/wp-json\/wp\/v2\/posts"}],"about":[{"href":"https:\/\/www.europesays.com\/fr\/wp-json\/wp\/v2\/types\/post"}],"author":[{"embeddable":true,"href":"https:\/\/www.europesays.com\/fr\/wp-json\/wp\/v2\/users\/2"}],"replies":[{"embeddable":true,"href":"https:\/\/www.europesays.com\/fr\/wp-json\/wp\/v2\/comments?post=244572"}],"version-history":[{"count":0,"href":"https:\/\/www.europesays.com\/fr\/wp-json\/wp\/v2\/posts\/244572\/revisions"}],"wp:featuredmedia":[{"embeddable":true,"href":"https:\/\/www.europesays.com\/fr\/wp-json\/wp\/v2\/media\/244573"}],"wp:attachment":[{"href":"https:\/\/www.europesays.com\/fr\/wp-json\/wp\/v2\/media?parent=244572"}],"wp:term":[{"taxonomy":"category","embeddable":true,"href":"https:\/\/www.europesays.com\/fr\/wp-json\/wp\/v2\/categories?post=244572"},{"taxonomy":"post_tag","embeddable":true,"href":"https:\/\/www.europesays.com\/fr\/wp-json\/wp\/v2\/tags?post=244572"}],"curies":[{"name":"wp","href":"https:\/\/api.w.org\/{rel}","templated":true}]}}