{"id":244574,"date":"2025-07-12T09:21:12","date_gmt":"2025-07-12T09:21:12","guid":{"rendered":"https:\/\/www.europesays.com\/fr\/244574\/"},"modified":"2025-07-12T09:21:12","modified_gmt":"2025-07-12T09:21:12","slug":"le-test-de-jorge-martin-a-impressionne-aprilia","status":"publish","type":"post","link":"https:\/\/www.europesays.com\/fr\/244574\/","title":{"rendered":"Le test de Jorge Martin a \u00ab\u00a0impressionn\u00e9\u00a0\u00bb Aprilia"},"content":{"rendered":"<p>L&rsquo;enthousiasme revient chez Aprilia, \u00e0 quelques jours du retour \u00e0 la comp\u00e9tition de <a href=\"https:\/\/fr.motorsport.com\/driver\/jorge-martin\/109391\/\" target=\"_blank\" rel=\"noopener nofollow\">Jorge Mart\u00edn<\/a>. Le champion du monde en titre s&rsquo;appr\u00eate \u00e0 r\u00e9int\u00e9grer le paddock la semaine prochaine, \u00e0 Brno, dans la foul\u00e9e <a href=\"https:\/\/fr.motorsport.com\/motogp\/news\/martin-retour-reussi-aprilia-confirme-brno\/10740857\/\" target=\"_self\" rel=\"noopener nofollow\">d&rsquo;un test qu&rsquo;il a r\u00e9alis\u00e9 mercredi<\/a> et qui avait pour objectif de confirmer qu&rsquo;il \u00e9tait suffisamment remis pour sortir de sa convalescence. Une journ\u00e9e de piste plac\u00e9e sous le signe de la prudence mais qui a g\u00e9n\u00e9r\u00e9 des commentaires tr\u00e8s positifs.<\/p>\n<p>\u00ab\u00a0Il \u00e9tait tr\u00e8s heureux et nous le sommes \u00e9galement parce que sa condition physique ne cesse de s&rsquo;am\u00e9liorer\u00a0\u00bb, explique le team manager Paolo Bonora au site officiel du MotoGP. \u00ab\u00a0\u00c7a n&rsquo;\u00e9tait rien de sp\u00e9cial, le plan \u00e9tait de le laisser vraiment prendre confiance avec la moto et qu&rsquo;il travaille en particulier sur les mouvements, pour se souvenir comment on utilise une MotoGP\u00a0\u00bb, poursuit le responsable. \u00ab\u00a0Nous n&rsquo;avions pas d&rsquo;attentes pour ce test. Le seul objectif \u00e9tait de comprendre sa condition physique, et nous avons \u00e9t\u00e9 assez impressionn\u00e9s par les r\u00e9sultats.\u00a0\u00bb<\/p>\n<p>Massimo Rivola, PDG d&rsquo;Aprilia Racing, dit \u00eatre lui-m\u00eame rest\u00e9 tr\u00e8s attentif \u00e0 ce que son pilote n&rsquo;en fasse pas trop lors de sa journ\u00e9e de test\u00a0:\u00a0\u00ab\u00a0On lui donnera le temps dont il a besoin. \u00c0 Misano, il \u00e9tait pr\u00eat \u00e0 faire un dernier relais, mais j&rsquo;ai dit qu&rsquo;\u00e0 mon avis c&rsquo;\u00e9tait bien comme \u00e7a, et il s&rsquo;est arr\u00eat\u00e9. Je suis positif.\u00a0\u00bb<\/p>\n<p>Lire aussi :<\/p>\n<p>La suite se passera d\u00e9sormais \u00e0 Brno, o\u00f9 un contr\u00f4le m\u00e9dical attend Jorge Mart\u00edn jeudi pour acter sa participation au Grand Prix. \u00ab\u00a0Il sera \u00e0 Brno, c&rsquo;est s\u00fbr \u00e0 100%\u00a0\u00bb, confirme Paolo Bonora. \u00ab\u00a0Les Dr Charte et Di Filippo l&rsquo;\u00e9valueront et il sera d\u00e9clar\u00e9 fit ou unit. Nous sommes pr\u00e9par\u00e9s aux deux options et nous esp\u00e9rons qu&rsquo;il sera d\u00e9clar\u00e9 apte parce que nous l&rsquo;attendons pour rejoindre l&rsquo;\u00e9quipe.\u00a0\u00bb<\/p>\n<p>   <img decoding=\"async\" draggable=\"false\" src=\"https:\/\/www.europesays.com\/fr\/wp-content\/uploads\/2025\/07\/1752312072_236_jorge-martin-aprilia-racing.jpg\" alt=\"Jorge Martin\" width=\"1200\" height=\"800\" loading=\"lazy\"\/> <\/p>\n<p class=\"title\">Jorge Martin lors de son test \u00e0 Misano.<\/p>\n<p class=\"photographer\">Photo de : Aprilia Racing<\/p>\n<p>Aprilia a souhait\u00e9 que Mart\u00edn \u00e9vite le Sachsenring et privil\u00e9gie Brno pour son retour, un trac\u00e9 jug\u00e9 \u00ab\u00a0plus doux\u00a0\u00bb et sur lequel les pilotes vont tous devoir retrouver des rep\u00e8res apr\u00e8s cinq ans d&rsquo;absence et un resurfa\u00e7age. L&rsquo;approche est n\u00e9anmoins tr\u00e8s prudente, avec l&rsquo;id\u00e9e que ce Grand Prix, qui sera suivi par la pause estivale, fasse office de \u00ab\u00a0pr\u00e9-saison\u00a0\u00bb pour un pilote qui n&rsquo;a que tr\u00e8s peu roul\u00e9 depuis le d\u00e9but de l&rsquo;ann\u00e9e.<\/p>\n<p>\u00ab\u00a0Malheureusement, il n&rsquo;a pas fait beaucoup de tours [depuis le d\u00e9but de l&rsquo;ann\u00e9e]\u00a0\u00bb, regrette Paolo Bonora. \u00ab\u00a0Je ne sais pas combien, mais pas assez. Et quoi qu&rsquo;il en soit, quand il montera sur la moto, il va se battre face \u00e0 20 autres pilotes qui ont fait des tonnes de tours et qui ont engrang\u00e9 \u00e9norm\u00e9ment de kilom\u00e8tres avec leur moto. \u00c7a ne sera donc pas facile pour lui et chaque tour est utile pour se mettre dans le rythme.\u00a0\u00bb<\/p>\n<p>\u00ab\u00a0C&rsquo;est comme une pr\u00e9-saison pour lui. Quand on enfourche une moto avec autour de soi 20 pilotes qui ont probablement 6000 km d&rsquo;exp\u00e9rience en plus, les premiers tours sont un test. [&#8230;] Nous prenons les choses tr\u00e8s calmement et nous suivons sa r\u00e9cup\u00e9ration de fa\u00e7on tr\u00e8s intelligente et tr\u00e8s calme, afin d&rsquo;\u00eatre s\u00fbrs qu&rsquo;il va entrer dans le rythme au bon moment.\u00a0\u00bb<\/p>\n<p><img decoding=\"async\" class=\"sizer\" draggable=\"false\" src=\"data:image\/png;base64,iVBORw0KGgoAAAANSUhEUgAAABAAAAAJCAYAAAA7KqwyAAAAGXRFWHRTb2Z0d2FyZQBBZG9iZSBJbWFnZVJlYWR5ccllPAAAABpJREFUeNpi\/P\/\/PwMlgImBQjBqwLAwACDAAOVfAw9\/ZDvcAAAAAElFTkSuQmCC\" alt=\"\" loading=\"lazy\"\/><\/p>\n<p class=\"title\">VID\u00c9O &#8211; Jorge Mart\u00edn a roul\u00e9 sur une RSV4 \u00e0 Barcelone avant son test avec la MotoGP \u00e0 Misano.<\/p>\n<p>Des progr\u00e8s tout de suite per\u00e7us par Mart\u00edn<\/p>\n<p>Paolo Bonora souligne \u00e9galement que les commentaires de Jorge Mart\u00edn en retrouvant la RS-GP ont \u00e9t\u00e9 \u00ab\u00a0particuli\u00e8rement bons\u00a0\u00bb, confirmant en cela la progression per\u00e7ue au cours de la premi\u00e8re moiti\u00e9 de championnat. En son absence, Aprilia a remport\u00e9 une victoire et un podium et permis \u00e0 <a href=\"https:\/\/fr.motorsport.com\/driver\/marco-bezzecchi\/441839\/\" target=\"_blank\" rel=\"noopener nofollow\">Marco Bezzecchi<\/a> se se hisser au sixi\u00e8me rang du classement g\u00e9n\u00e9ral, malgr\u00e9 une situation globale qui reste fragile car <a href=\"https:\/\/fr.motorsport.com\/motogp\/news\/aprilia-concessions-bat-categorie-d\/10740994\/\" target=\"_self\" rel=\"noopener nofollow\">un recul \u00e0 la cat\u00e9gorie D des concessions apr\u00e8s le prochain Grand Prix n&rsquo;est pas exclu<\/a>.<\/p>\n<p>\u00ab\u00a0C&rsquo;\u00e9tait sa premi\u00e8re approche avec la derni\u00e8re version de la moto, avec le nouveau car\u00e9nage et tout le nouveau package qu&rsquo;ont actuellement <a href=\"https:\/\/fr.motorsport.com\/driver\/lorenzo-savadori\/408147\/\" target=\"_blank\" rel=\"noopener nofollow\">Lorenzo Savadori<\/a> et Marco Bezzecchi\u00a0\u00bb, rappelle le team manager. \u00ab\u00a0Il a notamment dit que la moto a progress\u00e9 par rapport \u00e0 la derni\u00e8re fois o\u00f9 il \u00e9tait avec nous au Qatar. Il \u00e9tait positif et heureux parce que tous les commentaires qu&rsquo;il avait faits nous ont permis de travailler, en particulier sur la stabilit\u00e9, et il a imm\u00e9diatement senti que la moto avait progress\u00e9.\u00a0\u00bb<\/p>\n<p>\u00ab\u00a0Par rapport au GP du Qatar, il a imm\u00e9diatement senti qu&rsquo;il y avait du mieux, en particulier au niveau de la stabilit\u00e9. Nous y avons beaucoup travaill\u00e9. Nous devons beaucoup remercier Marco Bezzecchi et Lorenzo Savadori, car ils ont fait du tr\u00e8s bon travail durant ces six premiers mois. Et malgr\u00e9 le peu de tours boucl\u00e9s, Jorge a confirm\u00e9 exactement leurs commentaires. Nous avons travaill\u00e9 sur ses commentaires car ils \u00e9taient exactement les m\u00eames que ceux de Marco et Lorenzo. L&rsquo;usine Aprilia travaille dur et il ressent qu&rsquo;il y a une am\u00e9lioration sur la moto.\u00a0\u00bb<\/p>\n<p>L&rsquo;atmosph\u00e8re semble donc beaucoup plus sereine \u00e0 pr\u00e9sent chez Aprilia. Et toute cette positivit\u00e9 est corrobor\u00e9e par <a href=\"https:\/\/fr.motorsport.com\/motogp\/news\/jorge-martin-aprilia-serein-conserver-2026\/10741244\/\" target=\"_self\" rel=\"noopener nofollow\">l&rsquo;\u00e9volution de la situation contractuelle de Jorge Mart\u00edn<\/a>. En ayant jou\u00e9 la montre, le constructeur semble avoir r\u00e9ussi \u00e0 \u00e9viter le d\u00e9part de son pilote, qui para\u00eet ne plus avoir d&rsquo;autre choix d\u00e9sormais que de courir sur la RS-GP en 2026, sans pouvoir profiter de la clause qu&rsquo;il esp\u00e9rait activer pour s&rsquo;en aller. En d\u00e9pit de toute annonce officielle en ce sens, c&rsquo;est bien cette tendance qui domine d\u00e9sormais et on s&rsquo;oriente vers un retour du champion en titre qui ne devrait pas \u00eatre pollu\u00e9 par les questions extra-sportives.<\/p>\n<p style=\"text-align: right;\">Avec Vincent Lalanne-Sicaud<\/p>\n<p>Lire aussi :<\/p>\n<p>Dans cet article<\/p>\n<p>Soyez le premier inform\u00e9 et souscrivez aux alertes mails pour recevoir les infos en temps r\u00e9el<\/p>\n<p>    S&rsquo;abonner aux alertes de news<\/p>\n","protected":false},"excerpt":{"rendered":"L&rsquo;enthousiasme revient chez Aprilia, \u00e0 quelques jours du retour \u00e0 la comp\u00e9tition de Jorge Mart\u00edn. Le champion du&hellip;\n","protected":false},"author":2,"featured_media":244575,"comment_status":"","ping_status":"","sticky":false,"template":"","format":"standard","meta":{"footnotes":""},"categories":[1413],"tags":[3563,1011,27,3564,1457,1456,1458,60],"class_list":{"0":"post-244574","1":"post","2":"type-post","3":"status-publish","4":"format-standard","5":"has-post-thumbnail","7":"category-moto","8":"tag-aprilia-racing-team","9":"tag-fr","10":"tag-france","11":"tag-jorge-martu00edn","12":"tag-moto","13":"tag-motocycle","14":"tag-motogp","15":"tag-sports"},"share_on_mastodon":{"url":"https:\/\/pubeurope.com\/@fr\/114839531524463821","error":""},"_links":{"self":[{"href":"https:\/\/www.europesays.com\/fr\/wp-json\/wp\/v2\/posts\/244574","targetHints":{"allow":["GET"]}}],"collection":[{"href":"https:\/\/www.europesays.com\/fr\/wp-json\/wp\/v2\/posts"}],"about":[{"href":"https:\/\/www.europesays.com\/fr\/wp-json\/wp\/v2\/types\/post"}],"author":[{"embeddable":true,"href":"https:\/\/www.europesays.com\/fr\/wp-json\/wp\/v2\/users\/2"}],"replies":[{"embeddable":true,"href":"https:\/\/www.europesays.com\/fr\/wp-json\/wp\/v2\/comments?post=244574"}],"version-history":[{"count":0,"href":"https:\/\/www.europesays.com\/fr\/wp-json\/wp\/v2\/posts\/244574\/revisions"}],"wp:featuredmedia":[{"embeddable":true,"href":"https:\/\/www.europesays.com\/fr\/wp-json\/wp\/v2\/media\/244575"}],"wp:attachment":[{"href":"https:\/\/www.europesays.com\/fr\/wp-json\/wp\/v2\/media?parent=244574"}],"wp:term":[{"taxonomy":"category","embeddable":true,"href":"https:\/\/www.europesays.com\/fr\/wp-json\/wp\/v2\/categories?post=244574"},{"taxonomy":"post_tag","embeddable":true,"href":"https:\/\/www.europesays.com\/fr\/wp-json\/wp\/v2\/tags?post=244574"}],"curies":[{"name":"wp","href":"https:\/\/api.w.org\/{rel}","templated":true}]}}