{"id":244590,"date":"2025-07-12T09:29:10","date_gmt":"2025-07-12T09:29:10","guid":{"rendered":"https:\/\/www.europesays.com\/fr\/244590\/"},"modified":"2025-07-12T09:29:10","modified_gmt":"2025-07-12T09:29:10","slug":"boys-band-g-squad-que-sont-devenus-les-cinq-chanteurs-du-boys-band-francais","status":"publish","type":"post","link":"https:\/\/www.europesays.com\/fr\/244590\/","title":{"rendered":"BOYS BAND. G-Squad : que sont devenus les cinq chanteurs du boys band fran\u00e7ais ?"},"content":{"rendered":"<p data-start=\"48\" data-end=\"563\">Form\u00e9 en 1996 sous l\u2019impulsion du<br \/>\nproducteur G\u00e9rard Louvin, <strong data-start=\"108\" data-end=\"119\">G-Squad<\/strong> s\u2019inscrit dans la lign\u00e9e des boys bands qui<br \/>\nont d\u00e9ferl\u00e9 sur la sc\u00e8ne musicale fran\u00e7aise \u00e0 la fin des ann\u00e9es 90.<br \/>\nCompos\u00e9 de cinq jeunes hommes \u2013 <strong data-start=\"264\" data-end=\"305\">Chris, Marlon, Gerald, Andrew et Mika<\/strong> \u2013 le groupe<br \/>\nvisait un public adolescent avide de pop sucr\u00e9e et de chor\u00e9graphies<br \/>\nmillim\u00e9tr\u00e9es. Leur premier single, \u00ab\u00a0Raide dingue de toi\u00a0\u00bb, sort en 1996 et a connu un succ\u00e8s<br \/>\nfulgurant : <strong data-start=\"490\" data-end=\"528\">plus de 400 000<br \/>\nexemplaires ont \u00e9t\u00e9 vendus<\/strong>, et il est devenu disque d\u2019or<br \/>\nen quelques semaines.<\/p>\n<p data-start=\"565\" data-end=\"935\">Leur premier album,<br \/>\n\u00ab\u00a0G-Squad\u00a0\u00bb, s\u2019\u00e9tait \u00e9coul\u00e9<br \/>\n\u00e0 <strong data-start=\"609\" data-end=\"635\">plus de 600 000<br \/>\ncopies<\/strong>, port\u00e9 par des titres comme \u00ab\u00a0Aucune fille au monde\u00a0\u00bb ou \u00ab\u00a0Viens me voir\u00a0\u00bb. \u00c0 l\u2019\u00e9poque, ils rivalisaient<br \/>\navec des groupes comme 2Be3 ou <a href=\"https:\/\/www.closermag.fr\/people\/boys-band-alliage-que-sont-devenus-les-quatre-membres-du-groupe-dissout-en-2000-3559622\" target=\"_blank\" rel=\"noopener\"><br \/>\nAlliage<\/a>. Rapidement, Les G-Squad ont encha\u00een\u00e9 les tourn\u00e9es, les<br \/>\npassages t\u00e9l\u00e9 et les couvertures de magazines. Pourtant, malgr\u00e9 un<br \/>\nengouement ind\u00e9niable, le ph\u00e9nom\u00e8ne n&rsquo;a pas dur\u00e9&#8230;<\/p>\n<p>G-Squad : que sont devenus les<br \/>\ncinq chanteurs du boys band fran\u00e7ais ?<\/p>\n<p data-start=\"937\" data-end=\"1208\">En 1998, alors qu\u2019ils<br \/>\ntravaillaientt sur leur second album, des tensions internes et<br \/>\nl\u2019essoufflement du ph\u00e9nom\u00e8ne boys band ont men\u00e9 \u00e0 la<br \/>\n<strong data-start=\"1070\" data-end=\"1105\">s\u00e9paration pr\u00e9matur\u00e9e du<br \/>\ngroupe<\/strong>. Le public s&rsquo;est naturellement d\u00e9tourn\u00e9, les ventes<br \/>\nse sont d\u00e9clin\u00e9es et G-Squad s\u2019est \u00e9teint aussi rapidement qu\u2019il<br \/>\navait brill\u00e9. Andrew et G\u00e9rald ont quitt\u00e9 le groupe avant la sortie<br \/>\nde leur deuxi\u00e8me album intitul\u00e9 Besoin de vous.<\/p>\n<p data-start=\"937\" data-end=\"1208\">Apr\u00e8s la s\u00e9paration, les<br \/>\nmembres ont suivi des trajectoires diverses. <strong data-start=\"1278\" data-end=\"1288\">Marlon<\/strong> a tent\u00e9 une carri\u00e8re solo et<br \/>\na sorti quelques titres, sans grand succ\u00e8s. Tout comme<br \/>\n<strong data-start=\"1357\" data-end=\"1366\">Chris<\/strong>. En 2013,<br \/>\nil a particip\u00e9 au casting de la deuxi\u00e8me saison\u00a0de<br \/>\nl&rsquo;\u00e9mission\u00a0The Voice mais aucun des quatre coachs ne<br \/>\ns&rsquo;est retourn\u00e9. En\u00a0juin 2015, pour f\u00eater les 20 ans<br \/>\ndu ph\u00e9nom\u00e8ne\u00a0boys band en France, Chris Keller a lanc\u00e9 le<br \/>\ngroupe G\u00e9n\u00e9ration Boys Band en compagnie de Frank<br \/>\nDelay\u00a0(ancien membre des\u00a0<a href=\"https:\/\/www.closermag.fr\/people\/bouffi-pas-rase-les-ongles-noirs-la-terrible-descente-aux-enfers-de-filip-nikolic-2be3-avant-de-mourir-3547948\" target=\"_blank\" rel=\"noopener\">2Be3<\/a>)<br \/>\net\u00a0Allan Theo. Il a aussi fait son coming-ou et milit\u00e9 pour la<br \/>\nreconnaissance de l&rsquo;homoparentalit\u00e9.<\/p>\n<p>G-Squad<br \/>\n: une reformation \u00e9chou\u00e9e<\/p>\n<p data-start=\"937\" data-end=\"1208\"><strong data-start=\"1396\" data-end=\"1406\">Gerald<\/strong> s\u2019est orient\u00e9 vers la t\u00e9l\u00e9vision,<br \/>\ntandis qu\u2019<strong data-start=\"1447\" data-end=\"1457\">Andrew<\/strong><br \/>\net <strong data-start=\"1461\" data-end=\"1469\">Mika<\/strong> ont peu<br \/>\n\u00e0 peu quitt\u00e9 le monde du spectacle. En 2007, une tentative de<br \/>\n<strong data-start=\"1538\" data-end=\"1563\">reformation du<br \/>\ngroupe<\/strong> a \u00e9chou\u00e9, faute de public. G-Squad reste un<br \/>\nsouvenir embl\u00e9matique de la vague boys band des ann\u00e9es 90. S\u2019ils<br \/>\nn\u2019ont dur\u00e9 que deux ans, ils ont marqu\u00e9 toute une g\u00e9n\u00e9ration et<br \/>\nincarn\u00e9 une \u00e9poque o\u00f9 la musique jeunesse rimait avec insouciance<br \/>\net pop \u00e0 paillettes.<\/p>\n","protected":false},"excerpt":{"rendered":"Form\u00e9 en 1996 sous l\u2019impulsion du producteur G\u00e9rard Louvin, G-Squad s\u2019inscrit dans la lign\u00e9e des boys bands qui&hellip;\n","protected":false},"author":2,"featured_media":244591,"comment_status":"","ping_status":"","sticky":false,"template":"","format":"standard","meta":{"footnotes":""},"categories":[1355],"tags":[58,59,1011,27,1638,1361,873,729],"class_list":{"0":"post-244590","1":"post","2":"type-post","3":"status-publish","4":"format-standard","5":"has-post-thumbnail","7":"category-musique","8":"tag-divertissement","9":"tag-entertainment","10":"tag-fr","11":"tag-france","12":"tag-has_diapo","13":"tag-music","14":"tag-musique","15":"tag-yout_video"},"share_on_mastodon":{"url":"https:\/\/pubeurope.com\/@fr\/114839562711648978","error":""},"_links":{"self":[{"href":"https:\/\/www.europesays.com\/fr\/wp-json\/wp\/v2\/posts\/244590","targetHints":{"allow":["GET"]}}],"collection":[{"href":"https:\/\/www.europesays.com\/fr\/wp-json\/wp\/v2\/posts"}],"about":[{"href":"https:\/\/www.europesays.com\/fr\/wp-json\/wp\/v2\/types\/post"}],"author":[{"embeddable":true,"href":"https:\/\/www.europesays.com\/fr\/wp-json\/wp\/v2\/users\/2"}],"replies":[{"embeddable":true,"href":"https:\/\/www.europesays.com\/fr\/wp-json\/wp\/v2\/comments?post=244590"}],"version-history":[{"count":0,"href":"https:\/\/www.europesays.com\/fr\/wp-json\/wp\/v2\/posts\/244590\/revisions"}],"wp:featuredmedia":[{"embeddable":true,"href":"https:\/\/www.europesays.com\/fr\/wp-json\/wp\/v2\/media\/244591"}],"wp:attachment":[{"href":"https:\/\/www.europesays.com\/fr\/wp-json\/wp\/v2\/media?parent=244590"}],"wp:term":[{"taxonomy":"category","embeddable":true,"href":"https:\/\/www.europesays.com\/fr\/wp-json\/wp\/v2\/categories?post=244590"},{"taxonomy":"post_tag","embeddable":true,"href":"https:\/\/www.europesays.com\/fr\/wp-json\/wp\/v2\/tags?post=244590"}],"curies":[{"name":"wp","href":"https:\/\/api.w.org\/{rel}","templated":true}]}}