{"id":244593,"date":"2025-07-12T09:31:09","date_gmt":"2025-07-12T09:31:09","guid":{"rendered":"https:\/\/www.europesays.com\/fr\/244593\/"},"modified":"2025-07-12T09:31:09","modified_gmt":"2025-07-12T09:31:09","slug":"en-corse-la-ligue-contre-le-cancer-alerte-sur-les-risques-de-lexposition-au-soleil","status":"publish","type":"post","link":"https:\/\/www.europesays.com\/fr\/244593\/","title":{"rendered":"en Corse, la ligue contre le cancer alerte sur les risques de l&rsquo;exposition au soleil"},"content":{"rendered":"<p>Du haut de ses huit ans, Jade est venue avec sa grand-m\u00e8re Marie-H\u00e9l\u00e8ne, \u00ab\u00a0pour contr\u00f4ler ses grains de beaut\u00e9\u00a0\u00bb. Ce jeudi 10 juillet dans la galerie commerciale des Salines \u00e0 Ajaccio, toutes les g\u00e9n\u00e9rations \u00e9taient pr\u00e9sentes pour se faire d\u00e9pister du m\u00e9lanome, un cancer de la peau. La journ\u00e9e de d\u00e9pistage, pilot\u00e9e par la Ligue contre le cancer de Corse-du-Sud, est le second rendez-vous organis\u00e9 \u00e0 Ajaccio, apr\u00e8s des fr\u00e9quentations record \u00e0 Propriano, Piana, et Sari-Solenzara. \u00ab\u00a0Nous avons enregistr\u00e9 117 entr\u00e9es \u00e0 Propriano, sur six heures d&rsquo;ouverture\u00a0\u00bb,\u00a0relate Serena Lanfranchi, en charge de la communication.<\/p>\n<p>Sommes-nous plus vuln\u00e9rables en Corse\u00a0?<\/p>\n<p>En Corse, on se dore volontiers la pilule. Le culte du bronzage, aussi bien cultiv\u00e9 par les anciennes g\u00e9n\u00e9rations que par la jeunesse actuelle, inqui\u00e8te la Ligue contre le cancer qui, pour cet \u00e9t\u00e9 2025, a intitul\u00e9 sa campagne de sensibilisation \u00ab\u00a0On n\u2019est pas des saucisses\u00a0\u00bb.<\/p>\n","protected":false},"excerpt":{"rendered":"Du haut de ses huit ans, Jade est venue avec sa grand-m\u00e8re Marie-H\u00e9l\u00e8ne, \u00ab\u00a0pour contr\u00f4ler ses grains de&hellip;\n","protected":false},"author":2,"featured_media":244594,"comment_status":"","ping_status":"","sticky":false,"template":"","format":"standard","meta":{"footnotes":""},"categories":[10],"tags":[17,2517,154,1011,27,72,3022,5201,5241,5261,71,38430],"class_list":{"0":"post-244593","1":"post","2":"type-post","3":"status-publish","4":"format-standard","5":"has-post-thumbnail","7":"category-sante","8":"tag-17","9":"tag-corse","10":"tag-des","11":"tag-fr","12":"tag-france","13":"tag-health","14":"tag-ligue","15":"tag-nest","16":"tag-on","17":"tag-pas","18":"tag-sante","19":"tag-saucisses"},"share_on_mastodon":{"url":"https:\/\/pubeurope.com\/@fr\/114839570548574564","error":""},"_links":{"self":[{"href":"https:\/\/www.europesays.com\/fr\/wp-json\/wp\/v2\/posts\/244593","targetHints":{"allow":["GET"]}}],"collection":[{"href":"https:\/\/www.europesays.com\/fr\/wp-json\/wp\/v2\/posts"}],"about":[{"href":"https:\/\/www.europesays.com\/fr\/wp-json\/wp\/v2\/types\/post"}],"author":[{"embeddable":true,"href":"https:\/\/www.europesays.com\/fr\/wp-json\/wp\/v2\/users\/2"}],"replies":[{"embeddable":true,"href":"https:\/\/www.europesays.com\/fr\/wp-json\/wp\/v2\/comments?post=244593"}],"version-history":[{"count":0,"href":"https:\/\/www.europesays.com\/fr\/wp-json\/wp\/v2\/posts\/244593\/revisions"}],"wp:featuredmedia":[{"embeddable":true,"href":"https:\/\/www.europesays.com\/fr\/wp-json\/wp\/v2\/media\/244594"}],"wp:attachment":[{"href":"https:\/\/www.europesays.com\/fr\/wp-json\/wp\/v2\/media?parent=244593"}],"wp:term":[{"taxonomy":"category","embeddable":true,"href":"https:\/\/www.europesays.com\/fr\/wp-json\/wp\/v2\/categories?post=244593"},{"taxonomy":"post_tag","embeddable":true,"href":"https:\/\/www.europesays.com\/fr\/wp-json\/wp\/v2\/tags?post=244593"}],"curies":[{"name":"wp","href":"https:\/\/api.w.org\/{rel}","templated":true}]}}