{"id":244596,"date":"2025-07-12T09:33:11","date_gmt":"2025-07-12T09:33:11","guid":{"rendered":"https:\/\/www.europesays.com\/fr\/244596\/"},"modified":"2025-07-12T09:33:11","modified_gmt":"2025-07-12T09:33:11","slug":"emilien-est-plus-rapide-que-moi-reconnait-xavier","status":"publish","type":"post","link":"https:\/\/www.europesays.com\/fr\/244596\/","title":{"rendered":"\u00ab\u00a0Emilien est plus rapide que moi\u00a0\u00bb, reconna\u00eet Xavier"},"content":{"rendered":"<p>Partoutatis\u00a0! \u00ab\u00a0Le Combat des Ma\u00eetres\u00a0\u00bb, diffus\u00e9 ce samedi \u00e0 21h10 sur TF1, va voir s\u2019opposer Emilien, qui est revenu pour 20 Minutes sur son incroyable parcours dans les \u00ab\u00a0<a href=\"https:\/\/www.20minutes.fr\/arts-stars\/television\/12-coups-midi\/\" class=\"color-ultramarine c-link\" target=\"_blank\" rel=\"noopener\">12 Coups de midi<\/a>\u00a0\u00bb, \u00e0 Xavier. L\u2019ex-Ma\u00eetre du jeu anim\u00e9 par <a href=\"https:\/\/www.20minutes.fr\/arts-stars\/serie\/4162878-20250710-demain-appartient-joue-papa-detresse-explique-jean-luc-reichmann\" target=\"_blank\" class=\"color-ultramarine c-link\" rel=\"noopener\">Jean-Luc Reichmann<\/a> a d\u00e9j\u00e0 crois\u00e9 la route d\u2019<a href=\"https:\/\/www.20minutes.fr\/arts-stars\/television\/4160178-20250706-elimination-emilien-12-coups-midi-vis-bien-defaite\" target=\"_blank\" class=\"color-ultramarine c-link\" rel=\"noopener\">Emilien<\/a>, mais va l\u2019affronter pour la premi\u00e8re fois dans un combat qui s\u2019annonce \u00e9pique. Pour 20 Minutes, celui qui a compt\u00e9 76 participations en\u00a02013 \u00e9voque ce duel et se confie sur sa nouvelle vie.<\/p>\n<p>Comment s\u2019est organis\u00e9 ce \u00ab\u00a0Combat des Ma\u00eetres\u00a0\u00bb\u00a0?<\/p>\n<p>La production me l\u2019a propos\u00e9, alors que je pensais que d\u2019autres Ma\u00eetres de midi allaient \u00eatre choisis pour affronter Emilien. J\u2019ai \u00e9videmment accept\u00e9 et, en plus, la formule est int\u00e9ressante. A chaque fois que les \u00ab\u00a012 Coups de Midi\u00a0\u00bb m\u2019appelle, je suis partant.<\/p>\n<p>Vous avez d\u00e9j\u00e0 crois\u00e9 la route d\u2019Emilien dans le jeu\u2026 Quel est votre regard sur ce champion\u00a0?<\/p>\n<p>Oui, on s\u2019est crois\u00e9 lors de deux primes de No\u00ebl et pour la 5000e des \u00ab\u00a012 Coups de midi\u00a0\u00bb. Mais on ne s\u2019est jamais affront\u00e9s directement. Il a fait un parcours tout simplement ph\u00e9nom\u00e9nal dans l\u2019\u00e9mission. Il a des connaissances \u00e9normes pour son \u00e2ge, il a beaucoup travaill\u00e9. C\u2019est un chic type en plus. Il m\u00e9rite tout ce qui lui arrive.<\/p>\n<p>Avez-vous suivi une pr\u00e9paration particuli\u00e8re pour ce \u00ab\u00a0Combat des Ma\u00eetres\u00a0\u00bb\u00a0?<\/p>\n<p>J\u2019ai d\u00e9j\u00e0 essay\u00e9 de dormir la veille, car je suis papa de deux enfants [le dernier n\u2019a que quelques mois]. Une chose est s\u00fbre, je ne suis plus aussi rapide dans mes r\u00e9ponses. Emilien a plus de facilit\u00e9s \u00e0 mobiliser ses connaissances que moi. Il est plus rapide, notamment au buzzer. Apr\u00e8s, je n\u2019ai pas sp\u00e9cialement r\u00e9vis\u00e9 pour le \u00ab\u00a0Combat des Ma\u00eetres\u00a0\u00bb. J\u2019\u00e9tais venu pour m\u2019amuser avant tout. Mais en tant que comp\u00e9titeur, j\u2019\u00e9tais \u00e9galement venu pour gagner.<\/p>\n<\/p>\n<p>Tel un athl\u00e8te, vous vous entra\u00eenez toute l\u2019ann\u00e9e\u2026<\/p>\n<p>Oui, comme Emilien, j\u2019aime beaucoup faire des quiz. J\u2019en fais tr\u00e8s tr\u00e8s tr\u00e8s r\u00e9guli\u00e8rement. Apr\u00e8s, j\u2019ai les enfants, le travail\u2026 Mon temps libre n\u2019est pas infini, mais apprendre des choses est une passion.<\/p>\n<p>Votre travail justement. Vous aviez quitt\u00e9 les \u00ab\u00a012 Coups de midi\u00a0\u00bb, apr\u00e8s avoir trouv\u00e9 un emploi. O\u00f9 en \u00eates-vous aujourd\u2019hui\u00a0?<\/p>\n<p>J\u2019avais en effet quitt\u00e9 l\u2019\u00e9mission pour une grande entreprise fran\u00e7aise qui produit de l\u2019\u00e9lectricit\u00e9 dans notre beau pays (rires). Je travaille aujourd\u2019hui dans l\u2019hydro\u00e9lectricit\u00e9. En douze ans, j\u2019ai chang\u00e9 de poste, je suis d\u00e9sormais dans la data, la valorisation de donn\u00e9es et dans l\u2019<a href=\"https:\/\/www.20minutes.fr\/dossier\/intelligence_artificielle\" class=\"color-ultramarine c-link\" target=\"_blank\" rel=\"noopener\">intelligence artificielle<\/a>.<\/p>\n<p>Revenons aux \u00ab\u00a0Combat des Ma\u00eetres\u00a0\u00bb, que vous allez faire en \u00e9quipe\u2026<\/p>\n<p>Oui, je serai dans l\u2019\u00e9quipe des Bronzettes, avec <a href=\"https:\/\/www.20minutes.fr\/arts-stars\/people\/amel-bent\/\" class=\"color-ultramarine c-link\" target=\"_blank\" rel=\"noopener\">Amel Bent<\/a> [chanteuse], AZ [humoriste] et Julien Lieb [finaliste de \u00ab\u00a0Star Academy\u00a0\u00bb, en\u00a02023]. On va d\u00e9fier les Trempettes [Emilien fera \u00e9quipe avec l\u2019humoriste-ventriloque Jeff Panacloc, la chanteuse Julie Zenatti et l\u2019animatrice Ana\u00efs Grangerac]. J\u2019ai d\u00e9j\u00e0 jou\u00e9 avec Amel Bent, elle conna\u00eet la dynamique du jeu. Elle est tr\u00e8s sympa. On a fait une super \u00e9quipe, les personnalit\u00e9s ont bien \u00e9t\u00e9 mises en valeur gr\u00e2ce \u00e0 la m\u00e9canique de l\u2019\u00e9mission. J\u2019ai v\u00e9cu un super moment.<\/p>\n<p>Pouvez-vous nous en dire plus sur la m\u00e9canique du jeu\u00a0?<\/p>\n<p>Alors, on va compter les manches. Chaque Ma\u00eetre r\u00e9cup\u00e8re les points de la manche remport\u00e9s par la personnalit\u00e9 de son \u00e9quipe. Le but de la finale que je jouerai contre Emilien sera d\u2019arriver aux douze points.<\/p>\n<p>Qu\u2019est ce qui vous a pouss\u00e9 \u00e0 vous inscrire aux \u00ab\u00a012 Coups de midi\u00a0\u00bb, en\u00a02013\u00a0?<\/p>\n<p>Les \u00e9quipes de casting sont pass\u00e9es \u00e0 <a href=\"https:\/\/www.20minutes.fr\/dossier\/chambery\" class=\"color-ultramarine c-link\" target=\"_blank\" rel=\"noopener\">Chamb\u00e9ry<\/a>, o\u00f9 j\u2019habitais chez mes parents \u00e0 l\u2019\u00e9poque. Entre mon retour d\u2019<a href=\"https:\/\/www.20minutes.fr\/dossier\/erasmus\" class=\"color-ultramarine c-link\" target=\"_blank\" rel=\"noopener\">Erasmus<\/a> et mon stage de fin d\u2019\u00e9tudes. J\u2019avais d\u00e9j\u00e0 particip\u00e9 \u00e0 \u00ab\u00a0<a href=\"https:\/\/www.20minutes.fr\/television\/questions-champion\/\" class=\"color-ultramarine c-link\" target=\"_blank\" rel=\"noopener\">Questions pour un champion<\/a>\u00a0\u00bb, donc je me suis dit \u00a0\u00bbpourquoi pas\u00a0\u00bb participer aux \u00a0\u00bb12 Coups de midi\u00a0\u00bb. Je connaissais l\u2019\u00e9mission bien s\u00fbr, mais j\u2019ai pass\u00e9 le casting sans m\u2019attendre \u00e0 grand-chose. \u00c7a s\u2019est bien pass\u00e9, j\u2019ai \u00e9t\u00e9 s\u00e9lectionn\u00e9. Puis je n\u2019ai plus eu de nouvelles pendant presque un an. Les \u00e9quipes m\u2019ont rappel\u00e9, alors que j\u2019\u00e9tais au ch\u00f4mage. L\u2019\u00e9mission est arriv\u00e9e au bon endroit et au bon moment.<\/p>\n<p>Les \u00ab\u00a012 Coups de Midi\u00a0\u00bb ont-ils chang\u00e9 votre vie\u00a0?<\/p>\n<p>Forc\u00e9ment, oui. J\u2019ai rencontr\u00e9 pleins de gens. C\u2019\u00e9tait une aventure humaine formidable. La personne qui s\u2019occupait de l\u2019\u00e9mission \u00e0 l\u2019\u00e9poque est m\u00eame devenue mon t\u00e9moin de mariage. J\u2019ai v\u00e9cu des choses exceptionnelles gr\u00e2ce \u00e0 ce jeu. Mais, \u00e0 titre personnel, je n\u2019ai pas d\u2019explications tr\u00e8s rationnelles (rires). Apr\u00e8s, j\u2019ai particip\u00e9 \u00e0 pas mal de sp\u00e9ciales des \u00ab\u00a012 Coups de midi\u00a0\u00bb. Je suis toujours tr\u00e8s associ\u00e9 \u00e0 cette \u00e9mission. Le public m\u2019a appr\u00e9ci\u00e9, et c\u2019est une chance. Mon parcours a d\u00fb marquer les gens.<\/p>\n<p>Quels sont vos jeux de pr\u00e9dilection \u00e0 la t\u00e9l\u00e9\u00a0?<\/p>\n<p>J\u2019ai fait \u00ab\u00a0100\u00a0% Logique\u00a0\u00bb sur <a href=\"https:\/\/www.20minutes.fr\/television\/france_2\/\" class=\"color-ultramarine c-link\" target=\"_blank\" rel=\"noopener\">France 2<\/a>. J\u2019ai appris que je ne savais pas utiliser un joker au bon moment. J\u2019ai remport\u00e9 la cagnotte de \u00ab\u00a0Questions pour un champion\u00a0\u00bb sur <a href=\"https:\/\/www.20minutes.fr\/television\/france3\/\" class=\"color-ultramarine c-link\" target=\"_blank\" rel=\"noopener\">France 3<\/a>, je suis r\u00e9guli\u00e8rement appel\u00e9 au \u00ab\u00a0Quiz des champions\u00a0\u00bb o\u00f9 je d\u00e9tiens le record de victoires. J\u2019adorerais faire \u00ab\u00a0<a href=\"https:\/\/www.20minutes.fr\/dossier\/fort_boyard-1\" class=\"color-ultramarine c-link\" target=\"_blank\" rel=\"noopener\">Fort Boyard<\/a>\u00a0\u00bb et \u00ab\u00a0<a href=\"https:\/\/www.20minutes.fr\/dossier\/pekin_express\" class=\"color-ultramarine c-link\" target=\"_blank\" rel=\"noopener\">P\u00e9kin Express<\/a>\u00a0\u00bb.<\/p>\n","protected":false},"excerpt":{"rendered":"Partoutatis\u00a0! \u00ab\u00a0Le Combat des Ma\u00eetres\u00a0\u00bb, diffus\u00e9 ce samedi \u00e0 21h10 sur TF1, va voir s\u2019opposer Emilien, qui est&hellip;\n","protected":false},"author":2,"featured_media":244597,"comment_status":"","ping_status":"","sticky":false,"template":"","format":"standard","meta":{"footnotes":""},"categories":[8],"tags":[20546,251,58,59,15745,1011,27,465,330,466,3172,11012,5095,252,199],"class_list":{"0":"post-244596","1":"post","2":"type-post","3":"status-publish","4":"format-standard","5":"has-post-thumbnail","7":"category-divertissement","8":"tag-amel-bent","9":"tag-culture","10":"tag-divertissement","11":"tag-entertainment","12":"tag-fort-boyard","13":"tag-fr","14":"tag-france","15":"tag-jean-luc-reichmann","16":"tag-jeux","17":"tag-les-12-coups-de-midi","18":"tag-pekin-express","19":"tag-questions-pour-un-champion","20":"tag-star-academy","21":"tag-television","22":"tag-tf1"},"share_on_mastodon":{"url":"https:\/\/pubeurope.com\/@fr\/114839578413194857","error":""},"_links":{"self":[{"href":"https:\/\/www.europesays.com\/fr\/wp-json\/wp\/v2\/posts\/244596","targetHints":{"allow":["GET"]}}],"collection":[{"href":"https:\/\/www.europesays.com\/fr\/wp-json\/wp\/v2\/posts"}],"about":[{"href":"https:\/\/www.europesays.com\/fr\/wp-json\/wp\/v2\/types\/post"}],"author":[{"embeddable":true,"href":"https:\/\/www.europesays.com\/fr\/wp-json\/wp\/v2\/users\/2"}],"replies":[{"embeddable":true,"href":"https:\/\/www.europesays.com\/fr\/wp-json\/wp\/v2\/comments?post=244596"}],"version-history":[{"count":0,"href":"https:\/\/www.europesays.com\/fr\/wp-json\/wp\/v2\/posts\/244596\/revisions"}],"wp:featuredmedia":[{"embeddable":true,"href":"https:\/\/www.europesays.com\/fr\/wp-json\/wp\/v2\/media\/244597"}],"wp:attachment":[{"href":"https:\/\/www.europesays.com\/fr\/wp-json\/wp\/v2\/media?parent=244596"}],"wp:term":[{"taxonomy":"category","embeddable":true,"href":"https:\/\/www.europesays.com\/fr\/wp-json\/wp\/v2\/categories?post=244596"},{"taxonomy":"post_tag","embeddable":true,"href":"https:\/\/www.europesays.com\/fr\/wp-json\/wp\/v2\/tags?post=244596"}],"curies":[{"name":"wp","href":"https:\/\/api.w.org\/{rel}","templated":true}]}}