{"id":244600,"date":"2025-07-12T09:35:11","date_gmt":"2025-07-12T09:35:11","guid":{"rendered":"https:\/\/www.europesays.com\/fr\/244600\/"},"modified":"2025-07-12T09:35:11","modified_gmt":"2025-07-12T09:35:11","slug":"nous-payons-presque-rien-pour-lelectricite-le-village-francais-qui-defie-les-factures-grace-au-solaire-photovoltaique-etonne-le-monde-entier","status":"publish","type":"post","link":"https:\/\/www.europesays.com\/fr\/244600\/","title":{"rendered":"\u00ab Nous payons presque rien pour l&rsquo;\u00e9lectricit\u00e9 \u00bb : le village fran\u00e7ais qui d\u00e9fie les factures gr\u00e2ce au solaire photovolta\u00efque \u00e9tonne le monde entier"},"content":{"rendered":"<tr>\n<td><strong>EN BREF<\/strong><\/td>\n<\/tr>\n<tr>\n<td>\n<ul>\n<li>\ud83c\udf1e Le village de Montigny-en-Arrouaise utilise la <strong>production solaire<\/strong> pour fournir une \u00e9lectricit\u00e9 \u00e0 co\u00fbt r\u00e9duit.<\/li>\n<li>\ud83c\udfe0 Cinq b\u00e2timents communaux et plusieurs maisons priv\u00e9es sont \u00e9quip\u00e9s de <strong>panneaux photovolta\u00efques<\/strong>.<\/li>\n<li>\ud83d\udd0c Le surplus d\u2019\u00e9nergie permet de <strong>recharger gratuitement<\/strong> des v\u00e9hicules \u00e9lectriques au sein de la communaut\u00e9.<\/li>\n<li>\ud83d\udce1 La startup SWEEN optimise le syst\u00e8me gr\u00e2ce \u00e0 un <strong>\u00e9metteur radio Linky<\/strong> innovant pour une gestion en temps r\u00e9el.<\/li>\n<\/ul>\n<\/td>\n<\/tr>\n<p>Montigny-en-Arrouaise, un village nich\u00e9 dans les Hauts-de-France, se distingue par une initiative audacieuse et avant-gardiste : la mise en place d\u2019un <strong>syst\u00e8me d\u2019autoconsommation collective<\/strong>. Gr\u00e2ce \u00e0 un projet communautaire novateur, les habitants b\u00e9n\u00e9ficient d\u2019une \u00e9lectricit\u00e9 \u00e0 co\u00fbt r\u00e9duit, voire gratuite, en exploitant les ressources solaires locales. Ce mod\u00e8le, quasi in\u00e9dit en France, pourrait bien inspirer d\u2019autres communes \u00e0 travers le pays, t\u00e9moignant d\u2019une transition \u00e9nerg\u00e9tique en marche. Comment ce village a-t-il r\u00e9ussi \u00e0 transformer une id\u00e9e en r\u00e9alit\u00e9 concr\u00e8te et b\u00e9n\u00e9fique pour ses habitants?<\/p>\n<p>Une communaut\u00e9 \u00e9nerg\u00e9tique pionni\u00e8re<\/p>\n<p>Le village de Montigny-en-Arrouaise a pris les devants en mati\u00e8re d\u2019autoconsommation collective, un concept qui commence \u00e0 se r\u00e9pandre dans le pays. Sous la direction de son maire, la commune a mis en place un dispositif permettant de mutualiser la production d\u2019\u00e9nergie photovolta\u00efque pour la redistribuer \u00e0 l\u2019ensemble des habitants. Ce projet a vu le jour gr\u00e2ce \u00e0 l\u2019installation de panneaux solaires sur cinq b\u00e2timents communaux pour un co\u00fbt total de 150 000 euros. Financ\u00e9 \u00e0 80 % par l\u2019\u00c9tat et la r\u00e9gion Hauts-de-France, cet investissement a permis de couvrir les besoins en \u00e9lectricit\u00e9 des infrastructures publiques. <strong>Le surplus d\u2019\u00e9nergie produit est partag\u00e9 gratuitement<\/strong> avec les 317 habitants, offrant m\u00eame l\u2019alimentation de deux bornes de recharge pour v\u00e9hicules \u00e9lectriques.<\/p>\n<blockquote class=\"wp-embedded-content\" data-secret=\"6LSMspYa4u\">\n<p><a href=\"https:\/\/www.lejournaleconomique.com\/2025\/07\/08\/elle-genere-le-double-de-son-energie-une-maison-japonaise-innovante-bouleverse-les-standards-de-la-construction-durable\/\" rel=\"nofollow noopener\" target=\"_blank\">\u00ab Elle g\u00e9n\u00e8re le double de son \u00e9nergie \u00bb : une maison japonaise innovante bouleverse les standards de la construction durable<\/a><\/p>\n<\/blockquote>\n<p>Un mod\u00e8le \u00e9conomique local et durable<\/p>\n<p>Au-del\u00e0 de l\u2019autoconsommation collective, le village a instaur\u00e9 un m\u00e9canisme \u00e9conomique local tr\u00e8s attrayant. Les membres de l\u2019association poss\u00e9dant des installations photovolta\u00efques peuvent revendre leur surplus d\u2019\u00e9lectricit\u00e9 \u00e0 la communaut\u00e9 \u00e0 moiti\u00e9 prix. Ce mod\u00e8le permet une utilisation locale de l\u2019\u00e9nergie \u00e0 un tarif avantageux. Depuis son lancement fin 2023, la communaut\u00e9 est pass\u00e9e de 10 \u00e0 45 membres, et compte d\u00e9sormais une capacit\u00e9 de 83 kWc gr\u00e2ce \u00e0 l\u2019installation de panneaux sur les toits de b\u00e2timents communaux et de maisons priv\u00e9es. Cette approche favorise non seulement l\u2019\u00e9conomie locale, mais aussi une r\u00e9duction significative des co\u00fbts \u00e9nerg\u00e9tiques pour les habitants.<\/p>\n<blockquote class=\"wp-embedded-content\" data-secret=\"yXUqdb2kPo\">\n<p><a href=\"https:\/\/www.lejournaleconomique.com\/2025\/03\/04\/construction-de-reacteurs-epr2-le-devis-attendu-dici-la-fin-dannee\/\" rel=\"nofollow noopener\" target=\"_blank\">Construction de r\u00e9acteurs EPR2 : le devis attendu d\u2019ici la fin d\u2019ann\u00e9e<\/a><\/p>\n<\/blockquote>\n<p>La technologie au service de l\u2019autoconsommation<\/p>\n<p>Ce mod\u00e8le innovant de Montigny-en-Arrouaise repose sur les technologies d\u00e9velopp\u00e9es par SWEEN, une startup sp\u00e9cialis\u00e9e dans l\u2019autoconsommation collective. SWEEN a con\u00e7u un \u00e9cosyst\u00e8me intelligent pour optimiser et g\u00e9rer ces communaut\u00e9s \u00e9nerg\u00e9tiques. Au c\u0153ur de ce syst\u00e8me, l\u2019\u00e9metteur radio Linky (ERL) baptis\u00e9 TeeKY by Pilotic, qui s\u2019int\u00e8gre facilement aux infrastructures existantes sans n\u00e9cessiter de Wi-Fi ni de configuration complexe. Cet outil permet aux habitants d\u2019acc\u00e9der en temps r\u00e9el aux donn\u00e9es \u00e9nerg\u00e9tiques de leur r\u00e9seau via une application d\u00e9di\u00e9e. <strong>Cette visibilit\u00e9 en temps r\u00e9el<\/strong> permet aux utilisateurs d\u2019ajuster leur consommation pour tirer le meilleur parti de l\u2019\u00e9nergie produite localement.<\/p>\n<blockquote class=\"wp-embedded-content\" data-secret=\"eWonvfg7Ea\">\n<p><a href=\"https:\/\/www.lejournaleconomique.com\/2025\/07\/08\/ils-construisent-un-monstre-dacier-la-chine-lance-le-projet-du-plus-grand-barrage-du-monde-au-tibet-pour-plus-de-130-milliards-deuros\/\" rel=\"nofollow noopener\" target=\"_blank\">\u00ab Ils construisent un monstre d\u2019acier \u00bb : la Chine lance le projet du plus grand barrage du monde au Tibet pour plus de 130 milliards d\u2019euros<\/a><\/p>\n<\/blockquote>\n<p>Vers une autonomie \u00e9nerg\u00e9tique inspirante<\/p>\n<p>L\u2019exemple de Montigny-en-Arrouaise montre qu\u2019il est possible de tendre vers une autonomie \u00e9nerg\u00e9tique \u00e0 l\u2019\u00e9chelle locale, tout en d\u00e9veloppant un mod\u00e8le \u00e9conomique solidaire et durable. Ce projet pourrait inspirer d\u2019autres collectivit\u00e9s \u00e0 s\u2019engager dans cette voie, renfor\u00e7ant ainsi la r\u00e9silience \u00e9nerg\u00e9tique des territoires. En exploitant les ressources renouvelables locales et en int\u00e9grant des innovations technologiques, ces communaut\u00e9s peuvent r\u00e9duire leur d\u00e9pendance aux r\u00e9seaux nationaux et diminuer leur empreinte carbone. La question reste ouverte : combien de villages en France suivront l\u2019exemple de Montigny-en-Arrouaise pour construire un avenir \u00e9nerg\u00e9tique plus durable et solidaire?<\/p>\n<p>Cet article s\u2019appuie sur des sources v\u00e9rifi\u00e9es et l\u2019assistance de technologies \u00e9ditoriales.<\/p>\n<p id=\"rating\">\u00c7a vous a plu ?\u00a04.5\/5 (22)<\/p>\n","protected":false},"excerpt":{"rendered":"EN BREF \ud83c\udf1e Le village de Montigny-en-Arrouaise utilise la production solaire pour fournir une \u00e9lectricit\u00e9 \u00e0 co\u00fbt r\u00e9duit.&hellip;\n","protected":false},"author":2,"featured_media":244601,"comment_status":"","ping_status":"","sticky":false,"template":"","format":"standard","meta":{"footnotes":""},"categories":[6],"tags":[38431,35,33,34,2830,1011,27,4426],"class_list":{"0":"post-244600","1":"post","2":"type-post","3":"status-publish","4":"format-standard","5":"has-post-thumbnail","7":"category-economie","8":"tag-autoconsommation-collective","9":"tag-business","10":"tag-economie","11":"tag-economy","12":"tag-energies-renouvelables","13":"tag-fr","14":"tag-france","15":"tag-transition-energetique"},"share_on_mastodon":{"url":"https:\/\/pubeurope.com\/@fr\/114839586558425186","error":""},"_links":{"self":[{"href":"https:\/\/www.europesays.com\/fr\/wp-json\/wp\/v2\/posts\/244600","targetHints":{"allow":["GET"]}}],"collection":[{"href":"https:\/\/www.europesays.com\/fr\/wp-json\/wp\/v2\/posts"}],"about":[{"href":"https:\/\/www.europesays.com\/fr\/wp-json\/wp\/v2\/types\/post"}],"author":[{"embeddable":true,"href":"https:\/\/www.europesays.com\/fr\/wp-json\/wp\/v2\/users\/2"}],"replies":[{"embeddable":true,"href":"https:\/\/www.europesays.com\/fr\/wp-json\/wp\/v2\/comments?post=244600"}],"version-history":[{"count":0,"href":"https:\/\/www.europesays.com\/fr\/wp-json\/wp\/v2\/posts\/244600\/revisions"}],"wp:featuredmedia":[{"embeddable":true,"href":"https:\/\/www.europesays.com\/fr\/wp-json\/wp\/v2\/media\/244601"}],"wp:attachment":[{"href":"https:\/\/www.europesays.com\/fr\/wp-json\/wp\/v2\/media?parent=244600"}],"wp:term":[{"taxonomy":"category","embeddable":true,"href":"https:\/\/www.europesays.com\/fr\/wp-json\/wp\/v2\/categories?post=244600"},{"taxonomy":"post_tag","embeddable":true,"href":"https:\/\/www.europesays.com\/fr\/wp-json\/wp\/v2\/tags?post=244600"}],"curies":[{"name":"wp","href":"https:\/\/api.w.org\/{rel}","templated":true}]}}