{"id":244608,"date":"2025-07-12T09:39:11","date_gmt":"2025-07-12T09:39:11","guid":{"rendered":"https:\/\/www.europesays.com\/fr\/244608\/"},"modified":"2025-07-12T09:39:11","modified_gmt":"2025-07-12T09:39:11","slug":"humour-premiers-fous-rires-sur-lasse-au-chateau-de-saint-victor-sur-loire","status":"publish","type":"post","link":"https:\/\/www.europesays.com\/fr\/244608\/","title":{"rendered":"Humour. Premiers fous rires sur l\u2019ASSE au ch\u00e2teau de Saint-Victor-sur-Loire"},"content":{"rendered":"<p>Le 25\u00a0d\u00e9cembre, un ovni artistique \u00e9tait lanc\u00e9 \u00e0 la Com\u00e9die Triomphe de Saint-\u00c9tienne. Fou des Verts, cette \u00ab\u00a0conf\u00e9rence-spectacle\u00a0\u00bb autour de l\u2019AS Saint-\u00c9tienne avec ses personnages hauts en couleur et ses vraies anecdotes sur l\u2019histoire du club, a depuis voyag\u00e9 dans plusieurs th\u00e9\u00e2tres lig\u00e9riens.<\/p>\n<p>  Une \u00ab\u00a0ex-star du X en plein burn-out\u00a0\u00bb<\/p>\n<p>Philippe Ayanian et Quentin Jaffr\u00e8s, le duo qui l\u2019interpr\u00e8te, ne boude pas son plaisir de voir que\u00a0<a href=\"https:\/\/www.leprogres.fr\/culture-loisirs\/2024\/12\/24\/comediens-et-fous-de-l-asse-les-supporters-sont-le-coeur-du-reacteur\" target=\"_blank\" rel=\"nofollow noopener\">cette pi\u00e8ce au ton humoristique ponctu\u00e9e de p\u00e9dagogie pla\u00eet au public<\/a> : \u00ab\u00a0On l\u2019a jou\u00e9e une vingtaine de fois en six mois. Nous avons affich\u00e9 complet sur beaucoup de dates, assurent les deux artistes. Et c\u2019est dr\u00f4le de voir des gens venir avec des \u00e9charpes et des maillots du club.\u00a0\u00bb<\/p>\n<p>Mardi 15\u00a0juillet, ce spectacle inaugurera la quatri\u00e8me \u00e9dition des \u00ab\u00a0Fous rires du ch\u00e2teau\u00a0\u00bb dans l\u2019amphith\u00e9\u00e2tre de l\u2019ancienne demeure seigneuriale de Saint-Victor. Le duo Ayanian-Jaffr\u00e8s reviendra ensuite le 30\u00a0juillet pour une cr\u00e9ation, Sex and the Sixty : \u00ab\u00a0Alphonse, ex-star du X sexag\u00e9naire, en plein burn-out, r\u00eave de raccrocher\u2026\u00a0\u00bb, dit le synopsis. Une autre ambiance.<\/p>\n<p>Jusqu\u2019au 13\u00a0ao\u00fbt, dix-neuf spectacles sont programm\u00e9s dans ce festival de com\u00e9die port\u00e9 par l\u2019association Arts vivants st\u00e9phanois (AVS) qui monte \u00e0 son rythme\u00a0: \u00ab\u00a0Nous avions re\u00e7u 700 personnes lors de la premi\u00e8re \u00e9dition en 2022 et 1\u00a0100 l\u2019ann\u00e9e derni\u00e8re\u00a0\u00bb, selon <a href=\"https:\/\/www.leprogres.fr\/culture-loisirs\/2024\/11\/13\/le-triomphe-de-la-bonne-humeur\" target=\"_blank\" rel=\"nofollow noopener\">Marilyn Lattard, directrice artistique de la Com\u00e9die Triomphe<\/a>, l\u2019\u00e9tablissement st\u00e9phanois \u00e0 l\u2019origine de l\u2019\u00e9v\u00e9nement estival.<\/p>\n<p>Une repr\u00e9sentation \u00ab\u00a0jeune public\u00a0\u00bb \u00e0 18 heures et une \u00ab\u00a0tout public\u00a0\u00bb \u00e0 20\u00a0h\u00a030 tous les mardis et mercredis\u00a0: la formule des \u00ab\u00a0Fous rires du ch\u00e2teau\u00a0\u00bb s\u00e9duit de plus en plus.<\/p>\n<p>  Les Jumeaux magiciens pour les plus jeunes<\/p>\n<p>Mercredi 16\u00a0juillet, <a href=\"https:\/\/www.leprogres.fr\/culture-loisirs\/2025\/04\/06\/theatre-la-troupe-la-lisa-reconduit-la-semaine-de-l-impro-avec-sept-spectacles-differents\" target=\"_blank\" rel=\"nofollow noopener\">la Lisa (Ligue d\u2019improvisation st\u00e9phanoise amateur)<\/a> prendra possession des lieux pour Impro Matru (jeune public) et Le Gagagnant du ch\u00e2teau. \u00ab\u00a0La plupart des artistes viennent de la r\u00e9gion\u00a0\u00bb, assure Marilyn Lattard qui sera elle-m\u00eame sur sc\u00e8ne cette ann\u00e9e au c\u00f4t\u00e9 de Didier Oliviero dans la com\u00e9die 20 ans apr\u00e8s ! de Julien Sigalas (12\u00a0ao\u00fbt).<\/p>\n<p>\u00c0 une ou deux exceptions pr\u00e8s\u00a0: \u00ab\u00a0On a eu l\u2019opportunit\u00e9 de faire venir de Paris Les Jumeaux magiciens pour deux spectacles jeune public (Dr\u00f4le de magie le 29\u00a0juillet et Pr\u00e9diction le 30\u00a0juillet). Ils ont gagn\u00e9 beaucoup en notori\u00e9t\u00e9 en participant \u00e0 l\u2019\u00e9mission Un D\u00eener presque parfait. \u00bb<\/p>\n<p class=\"note\">\u00ab\u00a0Les Fous rires du ch\u00e2teau\u00a0\u00bb. Du 15\u00a0juillet au 13\u00a0ao\u00fbt, tous les mardis et mercredis dans l\u2019amphith\u00e9\u00e2tre du ch\u00e2teau de Saint-Victor-sur-Loire. Tarifs (internet)\u00a0: 10\u00a0euros les spectacles \u00ab\u00a0jeune public\u00a0\u00bb de 18\u00a0h\u00a030\u00a0; 15\u00a0euros les spectacles \u00ab\u00a0tout public\u00a0\u00bb de 20\u00a0h\u00a030. Pass plusieurs spectacles (2, 4 ou 6)\u00a0: de 18 \u00e0 78\u00a0euros. Pass festival\u00a0: de 63 \u00e0 120\u00a0euros. Billetterie et programme complet sur le site <a href=\"http:\/\/www.lesfousriresduchateau.fr\" rel=\"nofollow noopener\" target=\"_blank\">www.lesfousriresduchateau.fr<\/a> ; Possibilit\u00e9 de restauration sur place.<\/p>\n","protected":false},"excerpt":{"rendered":"Le 25\u00a0d\u00e9cembre, un ovni artistique \u00e9tait lanc\u00e9 \u00e0 la Com\u00e9die Triomphe de Saint-\u00c9tienne. Fou des Verts, cette \u00ab\u00a0conf\u00e9rence-spectacle\u00a0\u00bb&hellip;\n","protected":false},"author":2,"featured_media":244609,"comment_status":"","ping_status":"","sticky":false,"template":"","format":"standard","meta":{"footnotes":""},"categories":[9653],"tags":[1111,11,2430,1687,7539,1777,674,1011,27,3367,12,25,4001,7538,3140],"class_list":{"0":"post-244608","1":"post","2":"type-post","3":"status-publish","4":"format-standard","5":"has-post-thumbnail","7":"category-saint-etienne","8":"tag-actu","9":"tag-actualites","10":"tag-auvergne-rhone-alpes","11":"tag-culture-loisirs","12":"tag-edition-loire-sud","13":"tag-eu","14":"tag-europe","15":"tag-fr","16":"tag-france","17":"tag-loire","18":"tag-news","19":"tag-republique-francaise","20":"tag-saint-etienne","21":"tag-saint-etienne-ville","22":"tag-spectacle"},"share_on_mastodon":{"url":"https:\/\/pubeurope.com\/@fr\/114839601986973650","error":""},"_links":{"self":[{"href":"https:\/\/www.europesays.com\/fr\/wp-json\/wp\/v2\/posts\/244608","targetHints":{"allow":["GET"]}}],"collection":[{"href":"https:\/\/www.europesays.com\/fr\/wp-json\/wp\/v2\/posts"}],"about":[{"href":"https:\/\/www.europesays.com\/fr\/wp-json\/wp\/v2\/types\/post"}],"author":[{"embeddable":true,"href":"https:\/\/www.europesays.com\/fr\/wp-json\/wp\/v2\/users\/2"}],"replies":[{"embeddable":true,"href":"https:\/\/www.europesays.com\/fr\/wp-json\/wp\/v2\/comments?post=244608"}],"version-history":[{"count":0,"href":"https:\/\/www.europesays.com\/fr\/wp-json\/wp\/v2\/posts\/244608\/revisions"}],"wp:featuredmedia":[{"embeddable":true,"href":"https:\/\/www.europesays.com\/fr\/wp-json\/wp\/v2\/media\/244609"}],"wp:attachment":[{"href":"https:\/\/www.europesays.com\/fr\/wp-json\/wp\/v2\/media?parent=244608"}],"wp:term":[{"taxonomy":"category","embeddable":true,"href":"https:\/\/www.europesays.com\/fr\/wp-json\/wp\/v2\/categories?post=244608"},{"taxonomy":"post_tag","embeddable":true,"href":"https:\/\/www.europesays.com\/fr\/wp-json\/wp\/v2\/tags?post=244608"}],"curies":[{"name":"wp","href":"https:\/\/api.w.org\/{rel}","templated":true}]}}