{"id":244612,"date":"2025-07-12T09:41:10","date_gmt":"2025-07-12T09:41:10","guid":{"rendered":"https:\/\/www.europesays.com\/fr\/244612\/"},"modified":"2025-07-12T09:41:10","modified_gmt":"2025-07-12T09:41:10","slug":"nancy-trois-bibliotheques-de-proximite-vont-fermer-dici-2026","status":"publish","type":"post","link":"https:\/\/www.europesays.com\/fr\/244612\/","title":{"rendered":"Nancy. Trois biblioth\u00e8ques de proximit\u00e9 vont fermer d\u2019ici 2026"},"content":{"rendered":"<p>V\u00e9ritables piliers de l\u2019\u00e9ducation populaire, les biblioth\u00e8ques de proximit\u00e9, traversent cependant une p\u00e9riode difficile. Cr\u00e9\u00e9es \u00e0 l\u2019image des Maisons des Jeunes et de la Culture (MJC) et des centres sociaux, ces biblioth\u00e8ques associatives, r\u00e9gies par la loi 1901, ont pour vocation de rendre la lecture accessible \u00e0 tous, en s\u2019implantant directement dans les quartiers.<\/p>\n<p>L\u2019association Culture et biblioth\u00e8ques pour tous compte quatorze \u00e9tablissements sur le d\u00e9partement de Meurthe-et-Moselle, dont trois \u00e0 Nancy. Ces derni\u00e8res sont aujourd\u2019hui menac\u00e9es de fermeture.<\/p>\n<p>  Fermeture de la biblioth\u00e8que de la P\u00e9pini\u00e8re<\/p>\n<p>La d\u00e9cision a \u00e9t\u00e9 prise lors du dernier conseil d\u2019administration\u00a0: la biblioth\u00e8que situ\u00e9e au num\u00e9ro\u00a04, boulevard du 26 e -R.I. va fermer d\u2019ici fin 2025. La v\u00e9tust\u00e9 des locaux ainsi que la faible fr\u00e9quentation (environ dix adh\u00e9rents) ne permettent plus le maintien de cet \u00e9tablissement, selon Michel Elipot, pr\u00e9sident de l\u2019association d\u00e9partementale depuis mai\u00a02024.<\/p>\n<p>Autre biblioth\u00e8que en difficult\u00e9, celle, situ\u00e9e au 32 rue de Metz. C\u2019est pourtant dans ces murs que se d\u00e9roulent des comit\u00e9s de lectures, qui r\u00e9unissent des biblioth\u00e9caires. C\u2019est aussi l\u00e0, nomm\u00e9 par les habitu\u00e9s \u00ab\u00a0celle du centre\u00a0\u00bb que se situe le si\u00e8ge social de l\u2019association. Mise \u00e0 mal par les co\u00fbts de chauffage l\u2019hiver, cette biblioth\u00e8que devrait prochainement fermer. Et ce, malgr\u00e9 les 5\u00a0000\u00a0\u20ac de subvention vers\u00e9es par la municipalit\u00e9 pour soutenir l\u2019association.<\/p>\n<p>  Biblioth\u00e8que Poincar\u00e9<\/p>\n<p>La proximit\u00e9 entre b\u00e9n\u00e9voles et lecteurs est une des r\u00e9f\u00e9rences de l\u2019association. \u00c0 l\u2019instar de <a href=\"https:\/\/www.estrepublicain.fr\/culture-loisirs\/2023\/06\/14\/la-bibliotheque-pour-tous-veut-retrouver-du-lectorat\" target=\"_blank\" rel=\"noopener\">Chantal Fourcade, 83 ans, b\u00e9n\u00e9vole depuis 20 ans et responsable de la biblioth\u00e8que Poincar\u00e9.<\/a> Elle conna\u00eet personnellement les usagers, qu\u2019elle n\u2019h\u00e9site pas \u00e0 nommer \u00e0 leur entr\u00e9e dans l\u2019\u00e9tablissement. Chantal Fourcade et les six autres b\u00e9n\u00e9voles accueillent aussi les \u00e9coliers de Saint-L\u00e9on.<\/p>\n<p>Situ\u00e9e \u00e0 l\u2019angle de la rue Poincar\u00e9 et celle du T\u00e9m\u00e9raire, l\u2019ancienne boucherie convertie en biblioth\u00e8que depuis 1962, ne rencontre pas les m\u00eames difficult\u00e9s. Son principal d\u00e9fi r\u00e9side dans le loyer.<\/p>\n<p>Au d\u00e9part, le local a \u00e9t\u00e9 lou\u00e9, puis pr\u00eat\u00e9 par une fervente lectrice. \u00c0 son d\u00e9c\u00e8s, les frais locatifs ont grimp\u00e9 \u00e0 880\u00a0\u20ac, mettant en difficult\u00e9 la biblioth\u00e8que. Malgr\u00e9 la bonne fr\u00e9quentation avec pr\u00e8s de 100 adh\u00e9rents et une adh\u00e9sion attractive de 12\u00a0\u20ac par famille.<\/p>\n<p>En 2024, \u00ab\u00a0Poincar\u00e9\u00a0\u00bb a enregistr\u00e9 des d\u00e9penses s\u2019\u00e9levant \u00e0 15\u00a0408\u00a0\u20ac. Le d\u00e9ficit en fin d\u2019ann\u00e9e de 3\u00a0226\u00a0\u20ac a \u00e9t\u00e9 absorb\u00e9 gr\u00e2ce \u00e0 la solidarit\u00e9 financi\u00e8re des autres biblioth\u00e8ques du r\u00e9seau. \u00ab\u00a0Mais cela ne peut pas durer\u00a0\u00bb, selon le pr\u00e9sident.<\/p>\n<p>  Conseil d\u2019administration extraordinaire sollicit\u00e9<\/p>\n<p>Michel Elipot souhaite n\u00e9anmoins rester positif. Il fait part d\u2019une discussion avec la municipalit\u00e9 pour un projet de r\u00e9ouverture au sein d\u2019une r\u00e9sidence autonome, qui accueillerait aussi le si\u00e8ge social de l\u2019association.<\/p>\n<p>Lors d\u2019un conseil d\u2019administration extraordinaire qui se tiendra en septembre, les membres devront statuer sur l\u2019avenir des biblioth\u00e8ques du centre et celle de Poincar\u00e9. La fermeture de ces lieux de culture et de lien social est donc envisag\u00e9e pour d\u00e9but 2026.<\/p>\n","protected":false},"excerpt":{"rendered":"V\u00e9ritables piliers de l\u2019\u00e9ducation populaire, les biblioth\u00e8ques de proximit\u00e9, traversent cependant une p\u00e9riode difficile. Cr\u00e9\u00e9es \u00e0 l\u2019image des&hellip;\n","protected":false},"author":2,"featured_media":244613,"comment_status":"","ping_status":"","sticky":false,"template":"","format":"standard","meta":{"footnotes":""},"categories":[9635],"tags":[1111,11,1687,1704,1777,674,1011,27,775,2410,1702,1703,12,2661,25],"class_list":{"0":"post-244612","1":"post","2":"type-post","3":"status-publish","4":"format-standard","5":"has-post-thumbnail","7":"category-nancy","8":"tag-actu","9":"tag-actualites","10":"tag-culture-loisirs","11":"tag-edition-nancy-et-agglomeration","12":"tag-eu","13":"tag-europe","14":"tag-fr","15":"tag-france","16":"tag-grand-est","17":"tag-livres-bd","18":"tag-nancy","19":"tag-nancy-ville-54b","20":"tag-news","21":"tag-patrimoine-culturel","22":"tag-republique-francaise"},"share_on_mastodon":{"url":"https:\/\/pubeurope.com\/@fr\/114839610458785310","error":""},"_links":{"self":[{"href":"https:\/\/www.europesays.com\/fr\/wp-json\/wp\/v2\/posts\/244612","targetHints":{"allow":["GET"]}}],"collection":[{"href":"https:\/\/www.europesays.com\/fr\/wp-json\/wp\/v2\/posts"}],"about":[{"href":"https:\/\/www.europesays.com\/fr\/wp-json\/wp\/v2\/types\/post"}],"author":[{"embeddable":true,"href":"https:\/\/www.europesays.com\/fr\/wp-json\/wp\/v2\/users\/2"}],"replies":[{"embeddable":true,"href":"https:\/\/www.europesays.com\/fr\/wp-json\/wp\/v2\/comments?post=244612"}],"version-history":[{"count":0,"href":"https:\/\/www.europesays.com\/fr\/wp-json\/wp\/v2\/posts\/244612\/revisions"}],"wp:featuredmedia":[{"embeddable":true,"href":"https:\/\/www.europesays.com\/fr\/wp-json\/wp\/v2\/media\/244613"}],"wp:attachment":[{"href":"https:\/\/www.europesays.com\/fr\/wp-json\/wp\/v2\/media?parent=244612"}],"wp:term":[{"taxonomy":"category","embeddable":true,"href":"https:\/\/www.europesays.com\/fr\/wp-json\/wp\/v2\/categories?post=244612"},{"taxonomy":"post_tag","embeddable":true,"href":"https:\/\/www.europesays.com\/fr\/wp-json\/wp\/v2\/tags?post=244612"}],"curies":[{"name":"wp","href":"https:\/\/api.w.org\/{rel}","templated":true}]}}