{"id":244621,"date":"2025-07-12T09:47:09","date_gmt":"2025-07-12T09:47:09","guid":{"rendered":"https:\/\/www.europesays.com\/fr\/244621\/"},"modified":"2025-07-12T09:47:09","modified_gmt":"2025-07-12T09:47:09","slug":"rouen-prepare-un-feu-dartifice-geant-pour-celebrer-le-14-juillet","status":"publish","type":"post","link":"https:\/\/www.europesays.com\/fr\/244621\/","title":{"rendered":"Rouen pr\u00e9pare un feu d&rsquo;artifice g\u00e9ant pour c\u00e9l\u00e9brer le 14-juillet"},"content":{"rendered":"<p>            Par<br \/>\n        <strong><br \/>\n            <a href=\"https:\/\/actu.fr\/auteur\/thomas-rideau\" title=\"Consulter tous les articles de Thomas Rideau\" rel=\"nofollow noopener\" target=\"_blank\">Thomas Rideau<\/a><br \/>\n        <\/strong><\/p>\n<p>        Publi\u00e9 le<\/p>\n<p>            12 juil. 2025 \u00e0 11h30        <\/p>\n<p>Pour le 14-juillet, il faut marquer le coup\u2009! Certes <a href=\"https:\/\/actu.fr\/normandie\/rouen_76540\/tout-cela-est-navrant-le-projet-de-fete-du-14-juillet-de-thomas-jolly-a-rouen-est-abandonne_62663334.html\" rel=\"nofollow noopener\" target=\"_blank\">pas de spectacle de Thomas Jolly<\/a> mais la ville de <a href=\"https:\/\/actu.fr\/normandie\/rouen_76540\" rel=\"nofollow noopener\" target=\"_blank\">Rouen (Seine-Maritime)<\/a> a d\u00e9cid\u00e9 malgr\u00e9 tout de mettre en place <strong>un tr\u00e8s grand spectacle<\/strong> pyrotechnique pour la F\u00eate nationale ce 14\u00a0juillet 2025.<\/p>\n<p class=\" wall-content\">Comme d\u2019habitude, le feu d\u2019artifice sera tir\u00e9 <strong>depuis la presqu\u2019\u00eele du Rollet<\/strong>, \u00e0 partir de 23h. Et la Ville le promet\u2009: \u00ab\u2009Ce spectacle de grande ampleur sera visible sur tout le territoire de Rouen et adapt\u00e9 \u00e0 tous les publics.\u2009\u00bb<\/p>\n<p>Un feu d\u2019artifice de 20 minutes<\/p>\n<p class=\" wall-content\">Plus pr\u00e9cis\u00e9ment, on peut noter que ce feu d\u2019artifice a \u00e9t\u00e9 imagin\u00e9 par la soci\u00e9t\u00e9 Jacques Couturier Organisation et surtout, qu\u2019il \u00ab\u2009sera <strong>compos\u00e9 de 14 sc\u00e8nes et environ 200 tableaux<\/strong> pour une dur\u00e9e de 20\u00a0minutes\u2009\u00bb. Le spectacle a m\u00eame un th\u00e8me\u2009: \u00ab\u2009la Petite Reine\u2009\u00bb en r\u00e9f\u00e9rence au <a href=\"https:\/\/actu.fr\/normandie\/rouen_76540\/le-tour-de-france-arrive-a-rouen-la-fete-et-les-coulisses-a-suivre-en-direct_62875764.html\" rel=\"nofollow noopener\" target=\"_blank\">Tour de France<\/a> qui est pass\u00e9 dans la capitale normande le 8\u00a0juillet dernier.<\/p>\n<p class=\" wall-content\">\u00ab\u2009Les cadences de Teor et M\u00e9tro<strong> seront renforc\u00e9es<\/strong> pour l\u2019occasion\u2009\u00bb, indique par la m\u00eame occasion la Ville. De quoi \u00e9viter une <a href=\"https:\/\/actu.fr\/normandie\/rouen_76540\/catastrophique-trop-court-a-rouen-le-feu-d-artifice-du-14-juillet-decoit_52475585.html\" rel=\"nofollow noopener\" target=\"_blank\">d\u00e9ception au public rouennais<\/a> ?<\/p>\n<p>Suivez l\u2019actualit\u00e9 de Rouen <a href=\"https:\/\/www.whatsapp.com\/channel\/0029VaKfnf99hXF2ddApFB1D\" rel=\"nofollow noopener\" target=\"_blank\">sur notre cha\u00eene WhatsApp<\/a> et <a href=\"https:\/\/www.tiktok.com\/@76actu.fr?lang=fr\" rel=\"nofollow noopener\" target=\"_blank\">sur notre compte TikTok<\/a><\/p>\n<p class=\" wall-content\">Suivez toute l\u2019actualit\u00e9 de vos villes et m\u00e9dias favoris en vous inscrivant \u00e0 <a href=\"https:\/\/moncompte.actu.fr\" title=\"D\u00e9couvez Mon Actu\" rel=\"nofollow noopener\" data-trk=\"{&quot;cta&quot;:{&quot;action&quot;:&quot;https:\\\/\\\/moncompte.actu.fr&quot;,&quot;category&quot;:&quot;mon compte&quot;,&quot;from&quot;:&quot;article footer&quot;,&quot;name&quot;:&quot;Mon actu&quot;,&quot;type&quot;:&quot;cta&quot;}}\" target=\"_blank\">Mon Actu<\/a>.<\/p>\n<ul class=\"ac-article-tag wall-content\">\n<li><a href=\"https:\/\/actu.fr\/tag\/feu-dartifice\" data-trk=\"{&quot;cta&quot;:{&quot;action&quot;:&quot;Feu d&#039;artifice&quot;,&quot;category&quot;:&quot;tag&quot;,&quot;from&quot;:&quot;article footer&quot;,&quot;name&quot;:&quot;Feu d&#039;artifice&quot;,&quot;type&quot;:&quot;cta&quot;}}\" rel=\"nofollow noopener\" target=\"_blank\">#Feu d&rsquo;artifice<\/a><\/li>\n<li><a href=\"https:\/\/actu.fr\/tag\/spectacles\" data-trk=\"{&quot;cta&quot;:{&quot;action&quot;:&quot;Spectacles&quot;,&quot;category&quot;:&quot;tag&quot;,&quot;from&quot;:&quot;article footer&quot;,&quot;name&quot;:&quot;Spectacles&quot;,&quot;type&quot;:&quot;cta&quot;}}\" rel=\"nofollow noopener\" target=\"_blank\">#Spectacles<\/a><\/li>\n<\/ul>\n<p>                    <script async src=\"\/\/www.tiktok.com\/embed.js\"><\/script><\/p>\n","protected":false},"excerpt":{"rendered":"Par Thomas Rideau Publi\u00e9 le 12 juil. 2025 \u00e0 11h30 Pour le 14-juillet, il faut marquer le coup\u2009!&hellip;\n","protected":false},"author":2,"featured_media":244622,"comment_status":"","ping_status":"","sticky":false,"template":"","format":"standard","meta":{"footnotes":""},"categories":[9587],"tags":[1111,11,1777,674,16701,1011,27,1652,12,5161,25,9590,853],"class_list":{"0":"post-244621","1":"post","2":"type-post","3":"status-publish","4":"format-standard","5":"has-post-thumbnail","7":"category-rouen","8":"tag-actu","9":"tag-actualites","10":"tag-eu","11":"tag-europe","12":"tag-feu-dartifice","13":"tag-fr","14":"tag-france","15":"tag-loisirs-culture","16":"tag-news","17":"tag-normandie","18":"tag-republique-francaise","19":"tag-rouen","20":"tag-spectacles"},"share_on_mastodon":{"url":"https:\/\/pubeurope.com\/@fr\/114839633405082639","error":""},"_links":{"self":[{"href":"https:\/\/www.europesays.com\/fr\/wp-json\/wp\/v2\/posts\/244621","targetHints":{"allow":["GET"]}}],"collection":[{"href":"https:\/\/www.europesays.com\/fr\/wp-json\/wp\/v2\/posts"}],"about":[{"href":"https:\/\/www.europesays.com\/fr\/wp-json\/wp\/v2\/types\/post"}],"author":[{"embeddable":true,"href":"https:\/\/www.europesays.com\/fr\/wp-json\/wp\/v2\/users\/2"}],"replies":[{"embeddable":true,"href":"https:\/\/www.europesays.com\/fr\/wp-json\/wp\/v2\/comments?post=244621"}],"version-history":[{"count":0,"href":"https:\/\/www.europesays.com\/fr\/wp-json\/wp\/v2\/posts\/244621\/revisions"}],"wp:featuredmedia":[{"embeddable":true,"href":"https:\/\/www.europesays.com\/fr\/wp-json\/wp\/v2\/media\/244622"}],"wp:attachment":[{"href":"https:\/\/www.europesays.com\/fr\/wp-json\/wp\/v2\/media?parent=244621"}],"wp:term":[{"taxonomy":"category","embeddable":true,"href":"https:\/\/www.europesays.com\/fr\/wp-json\/wp\/v2\/categories?post=244621"},{"taxonomy":"post_tag","embeddable":true,"href":"https:\/\/www.europesays.com\/fr\/wp-json\/wp\/v2\/tags?post=244621"}],"curies":[{"name":"wp","href":"https:\/\/api.w.org\/{rel}","templated":true}]}}