{"id":244626,"date":"2025-07-12T09:52:15","date_gmt":"2025-07-12T09:52:15","guid":{"rendered":"https:\/\/www.europesays.com\/fr\/244626\/"},"modified":"2025-07-12T09:52:15","modified_gmt":"2025-07-12T09:52:15","slug":"les-basses-noes-entrent-dans-leur-derniere-phase-a-saint-erblon","status":"publish","type":"post","link":"https:\/\/www.europesays.com\/fr\/244626\/","title":{"rendered":"Les Basses No\u00ebs entrent dans leur derni\u00e8re phase \u00e0 Saint-Erblon"},"content":{"rendered":"<p>La soci\u00e9t\u00e9 d\u2019\u00e9conomie mixte Terre et toit, anciennement Sadiv, pr\u00e9sentait lundi 7\u00a0juillet, en conseil municipal de Saint-Erblon, le Compte rendu annuel \u00e0 la collectivit\u00e9 local (CRACL) de la Zone d\u2019am\u00e9nagement concert\u00e9 (ZAC) des Basses No\u00ebs. La concession d\u2019am\u00e9nagement a \u00e9t\u00e9 cr\u00e9\u00e9e en 2007 et compte tenu du retard dans la commercialisation un avenant de deux\u00a0ans a \u00e9t\u00e9 sign\u00e9 et proroge le contrat jusqu\u2019en 2027. \u00a0Elle pourra \u00eatre prorog\u00e9e par les parties en cas d\u2019inach\u00e8vement de l\u2019op\u00e9ration par avenant ex\u00e9cutoire,\u00a0 pr\u00e9cise Fr\u00e9d\u00e9ric Morvan, conseiller d\u00e9l\u00e9gu\u00e9 \u00e0 l\u2019urbanisme.<\/p>\n<p>Le CRACL pr\u00e9voit diff\u00e9rentes clauses de pr\u00e9sentation, un bilan pr\u00e9visionnel actualis\u00e9 des activit\u00e9s faisant appara\u00eetre l\u2019\u00e9tat des r\u00e9alisations en d\u00e9penses et recettes. Il comprend donc le plan de tr\u00e9sorerie actualis\u00e9 et le tableau des acquisitions et cessions immobili\u00e8res r\u00e9alis\u00e9es pendant la dur\u00e9e de l\u2019exercice.<\/p>\n<p>La pr\u00e9sentation du bilan 2024 \u00e9tait faite par Xavier Seurre, de la soci\u00e9t\u00e9 Terre et toit. \u00a0Le bilan est \u00e9quilibr\u00e9 sur la seule base des cessions et le solde de tr\u00e9sorerie fin 2024 est positif,\u00a0 pr\u00e9cise le sp\u00e9cialiste.<\/p>\n<p>La derni\u00e8re \u00e9tape est la tranche 4.2, dont la viabilisation sera achev\u00e9e fin 2025, avec du retard. \u00a0Il y a en effet une majorit\u00e9 de lots BRS, bail r\u00e9el solidaire, c\u2019est nouveau pour les lots individuels, ce sont des produits plus longs \u00e0 mettre en place en termes de proc\u00e9dure\u00a0\u00bb, ajoute Xavier Seurrre.<\/p>\n<p>Dans cette derni\u00e8re tranche, on trouve des logements et des maisons en Bail r\u00e9el solidaire (BRS). Le conseil municipal a pris acte et a vot\u00e9 la prolongation de contrat. \u00a0Une ZAC plut\u00f4t bien tenue avec un r\u00e9sultat financier en phase avec les objectifs attendus\u00a0\u00bb, avance Matthieu Pollet, maire de la commune.<\/p>\n<p>\u00a0<\/p>\n","protected":false},"excerpt":{"rendered":"La soci\u00e9t\u00e9 d\u2019\u00e9conomie mixte Terre et toit, anciennement Sadiv, pr\u00e9sentait lundi 7\u00a0juillet, en conseil municipal de Saint-Erblon, le&hellip;\n","protected":false},"author":2,"featured_media":244627,"comment_status":"","ping_status":"","sticky":false,"template":"","format":"standard","meta":{"footnotes":""},"categories":[2821],"tags":[1111,11,38432,829,9424,38434,1777,674,1011,27,12,38433,38435,3086,584,25,38436],"class_list":{"0":"post-244626","1":"post","2":"type-post","3":"status-publish","4":"format-standard","5":"has-post-thumbnail","7":"category-rennes","8":"tag-actu","9":"tag-actualites","10":"tag-basses","11":"tag-bretagne","12":"tag-derniere","13":"tag-entrent","14":"tag-eu","15":"tag-europe","16":"tag-fr","17":"tag-france","18":"tag-news","19":"tag-noes","20":"tag-phase","21":"tag-redon","22":"tag-rennes","23":"tag-republique-francaise","24":"tag-saint-erblon"},"share_on_mastodon":{"url":"https:\/\/pubeurope.com\/@fr\/114839653217172578","error":""},"_links":{"self":[{"href":"https:\/\/www.europesays.com\/fr\/wp-json\/wp\/v2\/posts\/244626","targetHints":{"allow":["GET"]}}],"collection":[{"href":"https:\/\/www.europesays.com\/fr\/wp-json\/wp\/v2\/posts"}],"about":[{"href":"https:\/\/www.europesays.com\/fr\/wp-json\/wp\/v2\/types\/post"}],"author":[{"embeddable":true,"href":"https:\/\/www.europesays.com\/fr\/wp-json\/wp\/v2\/users\/2"}],"replies":[{"embeddable":true,"href":"https:\/\/www.europesays.com\/fr\/wp-json\/wp\/v2\/comments?post=244626"}],"version-history":[{"count":0,"href":"https:\/\/www.europesays.com\/fr\/wp-json\/wp\/v2\/posts\/244626\/revisions"}],"wp:featuredmedia":[{"embeddable":true,"href":"https:\/\/www.europesays.com\/fr\/wp-json\/wp\/v2\/media\/244627"}],"wp:attachment":[{"href":"https:\/\/www.europesays.com\/fr\/wp-json\/wp\/v2\/media?parent=244626"}],"wp:term":[{"taxonomy":"category","embeddable":true,"href":"https:\/\/www.europesays.com\/fr\/wp-json\/wp\/v2\/categories?post=244626"},{"taxonomy":"post_tag","embeddable":true,"href":"https:\/\/www.europesays.com\/fr\/wp-json\/wp\/v2\/tags?post=244626"}],"curies":[{"name":"wp","href":"https:\/\/api.w.org\/{rel}","templated":true}]}}