{"id":244628,"date":"2025-07-12T09:53:12","date_gmt":"2025-07-12T09:53:12","guid":{"rendered":"https:\/\/www.europesays.com\/fr\/244628\/"},"modified":"2025-07-12T09:53:12","modified_gmt":"2025-07-12T09:53:12","slug":"usine-safran-a-rennes-apres-le-temps-des-polemiques-le-temps-de-lapaisement","status":"publish","type":"post","link":"https:\/\/www.europesays.com\/fr\/244628\/","title":{"rendered":"Usine Safran \u00e0 Rennes\u00a0: apr\u00e8s le temps des pol\u00e9miques, le temps de l\u2019apaisement"},"content":{"rendered":"<p>Le temps des pol\u00e9miques est r\u00e9volu. Ce temps, o\u00f9, dans la foul\u00e9e de <a href=\"https:\/\/www.letelegramme.fr\/ille-et-vilaine\/rennes-35000\/lindustriel-safran-simplante-pres-de-rennes-pour-fabriquer-ses-pieces-destinees-a-laviation-6534695.php\" target=\"_blank\" rel=\"noopener\">l\u2019annonce<\/a> du projet de Safran de construire une usine de pi\u00e8ces de moteurs d\u2019avions au sud de Rennes, les \u00e9lus EE-LV de la M\u00e9tropole <a href=\"https:\/\/www.letelegramme.fr\/ille-et-vilaine\/rennes-35000\/a-rennes-le-projet-dusine-de-safran-ouvre-une-crise-dans-la-majorite-6535203.php\" target=\"_blank\" rel=\"noopener\">montent au cr\u00e9neau<\/a> pour d\u00e9plorer l\u2019implantation d\u2019une activit\u00e9 loin d\u2019\u00eatre \u00ab verte \u00bb \u00e0 leurs yeux et critiquer, au passage, une d\u00e9cision prise sans les consulter par leur alli\u00e9e, la socialiste Nathalie App\u00e9r\u00e9, pr\u00e9sidente de la M\u00e9tropole et maire de Rennes. Nous sommes fin f\u00e9vrier 2024.<\/p>\n<p>Au bout de quelques semaines, la crise finit par se tasser dans la majorit\u00e9. Pas chez Safran. <a href=\"https:\/\/www.letelegramme.fr\/ille-et-vilaine\/rennes-35000\/ils-nous-ont-jete-des-tomates-le-patron-du-groupe-safran-en-veut-aux-elus-ecologistes-de-rennes-6800056.php\" target=\"_blank\" rel=\"noopener\">Auditionn\u00e9 \u00e0 l\u2019Assembl\u00e9e nationale<\/a> en avril 2024, le directeur g\u00e9n\u00e9ral du groupe d\u2019a\u00e9ronautique, Olivier Andri\u00e9s, dit toute sa d\u00e9ception d\u2019avoir \u00e9t\u00e9 accueilli \u00e0 coups de \u00ab jets de tomates \u00bb par les \u00e9cologistes rennais, alors que les discussions avec Nathalie App\u00e9r\u00e9 se sont bien pass\u00e9es. Il lance alors : \u00ab Pour moi, il n\u2019est plus question, aujourd\u2019hui, d\u2019investir, en France, dans une ville qui est d\u00e9tenue par une majorit\u00e9 \u00e9cologiste \u00bb.<\/p>\n<p>Safran va plus loin que pr\u00e9vu<\/p>\n<p>Trois mois plus tard, la sortie du patron de l\u2019une des plus grosses capitalisations du CAC40 est encore dans les t\u00eates, mais pas dans les discours. D\u00e9sormais, le temps est aux accolades et \u00e0 l\u2019unit\u00e9. R\u00e9unis au sein du p\u00f4le de la Janais, vendredi 11 juillet, pour la c\u00e9r\u00e9monie tr\u00e8s officielle de pose de la premi\u00e8re pierre de la future usine, les diff\u00e9rents protagonistes du dossier ont soigneusement \u00e9vit\u00e9 de revenir sur les tensions pass\u00e9es.<\/p>\n<p><img decoding=\"async\" src=\"https:\/\/www.europesays.com\/fr\/wp-content\/uploads\/2025\/07\/68716624ad071670480a3203.1.jpeg\" width=\"480\" height=\"300\" class=\"web_golden_m\" loading=\"lazy\" alt=\"Les \u00e9lus, repr\u00e9sentants de Safran et du constructeur rennais Legendre, r\u00e9unis lors de la c\u00e9r\u00e9monie de pose de la premi\u00e8re pierre, vendredi 11\u00a0juillet.\"\/>Les \u00e9lus, repr\u00e9sentants de Safran et du constructeur rennais Legendre, r\u00e9unis lors de la c\u00e9r\u00e9monie de pose de la premi\u00e8re pierre, vendredi 11\u00a0juillet. (Photo Le T\u00e9l\u00e9gramme\/Guillaume Bietry)<\/p>\n<p>Interrog\u00e9 sur le sujet, le pr\u00e9sident de la filiale Safran Aircraft Engines, St\u00e9phane Cueille, n\u2019a pas souhait\u00e9 faire de commentaires, mais a assur\u00e9 que le groupe se sentait \u00ab bien accueilli \u00e0 Rennes \u00bb. \u00ab Nous sommes dans un bon sillon \u00bb, a estim\u00e9 le dirigeant, qui souligne qu\u2019en plus de produire des pi\u00e8ces de moteurs d\u2019avions, Safran a choisi d\u2019implanter sur son site une activit\u00e9 de r\u00e9paration de pi\u00e8ces et de relever ses perspectives de cr\u00e9ations d\u2019emplois de 200 \u00e0 500 d\u2019ici 2030. \u00ab Cela prouve bien notre confiance dans les capacit\u00e9s d\u2019accueil de ce territoire. \u00bb<\/p>\n<p>Un projet \u00ab comme il en arrive tous les 20 ans \u00bb<\/p>\n<p>C\u00f4t\u00e9 \u00e9lus, l\u00e0 aussi, pas de mention de l\u2019imbroglio pass\u00e9, mais de belles d\u00e9clarations \u00e0 l\u2019intention de Safran, dont l\u2019installation est l\u2019un des symboles de <a href=\"https:\/\/www.letelegramme.fr\/ille-et-vilaine\/rennes-35000\/pres-de-rennes-ou-en-est-vraiment-la-reindustrialisation-de-la-janais-carte-6549383.php\" target=\"_blank\" rel=\"noopener\">la revitalisation des anciens terrain<\/a>s du constructeur automobile Stellantis \u00e0 la Janais. \u00ab C\u2019est un moment qui fera date dans l\u2019histoire \u00e9conomique du territoire rennais \u00bb, a d\u00e9clar\u00e9 une Nathalie App\u00e9r\u00e9 \u00ab sinc\u00e8rement ravie \u00bb d\u2019accueillir un projet \u00ab comme il en arrive tous les 20 ans \u00bb.<\/p>\n<p>\u00c9galement pr\u00e9sents, Philippe Bonnin, le maire de Chartres-de-Bretagne (commune dont d\u00e9pendra le futur site), et Lo\u00efg Chesnais-Girard, le pr\u00e9sident de la R\u00e9gion Bretagne, ont eux aussi applaudi le choix de Safran. \u00abNous devons croire en notre industrie. C\u2019est la condition de notre libert\u00e9, c\u2019est la condition de notre d\u00e9mocratie, c\u2019est la condition de la capacit\u00e9 que nous avons de proposer \u00e0 nos concitoyens un avenir\u00bb, a martel\u00e9 le pr\u00e9sident du conseil r\u00e9gional, quelques minutes avant que le pr\u00e9fet de R\u00e9gion, Amaury de Saint-Quentin, \u00e9voque \u00abun changement d\u2019\u00e9poque \u00bb. \u00ab \ufeffApr\u00e8s une longue phase de d\u00e9croissance, la r\u00e9industrialisation de la France est amorc\u00e9e.\u00bb<\/p>\n<p><img decoding=\"async\" src=\"https:\/\/www.europesays.com\/fr\/wp-content\/uploads\/2025\/07\/68716624ad071670480a3202.1.jpeg\" width=\"480\" height=\"300\" class=\"web_golden_m\" loading=\"lazy\" alt=\"Lors de la c\u00e9r\u00e9monie de pose de la premi\u00e8re pierre, vendredi 11\u00a0juillet.\"\/>Lors de la c\u00e9r\u00e9monie de pose de la premi\u00e8re pierre, vendredi 11\u00a0juillet. (Photo Le T\u00e9l\u00e9gramme\/Guillaume Bietry)Fin du d\u00e9bat<\/p>\n<p>Mais dans la m\u00e9tropole rennaise, cette r\u00e9industrialisation ne se fait pas \u00e0 tout prix. \u00ab Avec vous [Safran, NDLR], nous inventons une industrie demain. Une industrie sobre, cr\u00e9atrice d\u2018emplois, a soulign\u00e9 Nathalie App\u00e9r\u00e9. Safran est clairement engag\u00e9 dans la d\u00e9carbonation des produits comme des process, sans renoncer aux exigences qui sont li\u00e9es \u00e0 la souverainet\u00e9. \u00bb Et l\u2019\u00e9dile de lancer, comme pour balayer l\u2019\u00e9pisode avec les \u00e9lus \u00e9cologistes et clore le d\u00e9bat, \u00e0 l\u2019approche des municipales de 2026 : \u00ab Soyez assur\u00e9s de pouvoir, \u00e0 chaque instant, compter sur la M\u00e9tropole, sur l\u2019engagement de ses \u00e9lus et sur l\u2019expertise de ses services, pour vous accompagner au mieux et cr\u00e9er les conditions d\u2019un ancrage solide et p\u00e9renne sur notre territoire \u00bb.<\/p>\n","protected":false},"excerpt":{"rendered":"Le temps des pol\u00e9miques est r\u00e9volu. Ce temps, o\u00f9, dans la foul\u00e9e de l\u2019annonce du projet de Safran&hellip;\n","protected":false},"author":2,"featured_media":244629,"comment_status":"","ping_status":"","sticky":false,"template":"","format":"standard","meta":{"footnotes":""},"categories":[2821],"tags":[1111,11,829,1777,674,1011,27,848,4555,12,584,25],"class_list":{"0":"post-244628","1":"post","2":"type-post","3":"status-publish","4":"format-standard","5":"has-post-thumbnail","7":"category-rennes","8":"tag-actu","9":"tag-actualites","10":"tag-bretagne","11":"tag-eu","12":"tag-europe","13":"tag-fr","14":"tag-france","15":"tag-ille-et-vilaine","16":"tag-local","17":"tag-news","18":"tag-rennes","19":"tag-republique-francaise"},"share_on_mastodon":{"url":"https:\/\/pubeurope.com\/@fr\/114839657113425678","error":""},"_links":{"self":[{"href":"https:\/\/www.europesays.com\/fr\/wp-json\/wp\/v2\/posts\/244628","targetHints":{"allow":["GET"]}}],"collection":[{"href":"https:\/\/www.europesays.com\/fr\/wp-json\/wp\/v2\/posts"}],"about":[{"href":"https:\/\/www.europesays.com\/fr\/wp-json\/wp\/v2\/types\/post"}],"author":[{"embeddable":true,"href":"https:\/\/www.europesays.com\/fr\/wp-json\/wp\/v2\/users\/2"}],"replies":[{"embeddable":true,"href":"https:\/\/www.europesays.com\/fr\/wp-json\/wp\/v2\/comments?post=244628"}],"version-history":[{"count":0,"href":"https:\/\/www.europesays.com\/fr\/wp-json\/wp\/v2\/posts\/244628\/revisions"}],"wp:featuredmedia":[{"embeddable":true,"href":"https:\/\/www.europesays.com\/fr\/wp-json\/wp\/v2\/media\/244629"}],"wp:attachment":[{"href":"https:\/\/www.europesays.com\/fr\/wp-json\/wp\/v2\/media?parent=244628"}],"wp:term":[{"taxonomy":"category","embeddable":true,"href":"https:\/\/www.europesays.com\/fr\/wp-json\/wp\/v2\/categories?post=244628"},{"taxonomy":"post_tag","embeddable":true,"href":"https:\/\/www.europesays.com\/fr\/wp-json\/wp\/v2\/tags?post=244628"}],"curies":[{"name":"wp","href":"https:\/\/api.w.org\/{rel}","templated":true}]}}