{"id":244630,"date":"2025-07-12T09:54:11","date_gmt":"2025-07-12T09:54:11","guid":{"rendered":"https:\/\/www.europesays.com\/fr\/244630\/"},"modified":"2025-07-12T09:54:11","modified_gmt":"2025-07-12T09:54:11","slug":"souffelweyersheim-bieres-baignade-et-course-poursuite-avec-les-gendarmes","status":"publish","type":"post","link":"https:\/\/www.europesays.com\/fr\/244630\/","title":{"rendered":"Souffelweyersheim. Bi\u00e8res, baignade et course-poursuite avec les gendarmes"},"content":{"rendered":"<p>Sur une d\u00e9partementale, les gendarmes croisent un v\u00e9hicule rouge, une Ford Fiesta sport, qui roule \u00e0 vive allure. Ils d\u00e9cident de faire demi-tour, activent les gyrophares et se mettent en chasse. Mais la Ford acc\u00e9l\u00e8re et traverse une ligne blanche pour doubler des v\u00e9hicules. Les militaires perdent leur trace mais ne l\u00e2chent pas le morceau.<\/p>\n<p>Quelques minutes plus tard, ils retrouvent la&#8230;<\/p>\n","protected":false},"excerpt":{"rendered":"Sur une d\u00e9partementale, les gendarmes croisent un v\u00e9hicule rouge, une Ford Fiesta sport, qui roule \u00e0 vive allure.&hellip;\n","protected":false},"author":2,"featured_media":244631,"comment_status":"","ping_status":"","sticky":false,"template":"","format":"standard","meta":{"footnotes":""},"categories":[2820],"tags":[1111,11,271,272,2880,1777,674,274,107,1011,27,775,12,25,16322,640,3265],"class_list":{"0":"post-244630","1":"post","2":"type-post","3":"status-publish","4":"format-standard","5":"has-post-thumbnail","7":"category-strasbourg","8":"tag-actu","9":"tag-actualites","10":"tag-crime","11":"tag-delit-et-contravention","12":"tag-edition-strasbourg","13":"tag-eu","14":"tag-europe","15":"tag-faits-divers-justice","16":"tag-fil-info","17":"tag-fr","18":"tag-france","19":"tag-grand-est","20":"tag-news","21":"tag-republique-francaise","22":"tag-souffelweyersheim","23":"tag-strasbourg","24":"tag-strasbourg-nord"},"share_on_mastodon":{"url":"https:\/\/pubeurope.com\/@fr\/114839660998784738","error":""},"_links":{"self":[{"href":"https:\/\/www.europesays.com\/fr\/wp-json\/wp\/v2\/posts\/244630","targetHints":{"allow":["GET"]}}],"collection":[{"href":"https:\/\/www.europesays.com\/fr\/wp-json\/wp\/v2\/posts"}],"about":[{"href":"https:\/\/www.europesays.com\/fr\/wp-json\/wp\/v2\/types\/post"}],"author":[{"embeddable":true,"href":"https:\/\/www.europesays.com\/fr\/wp-json\/wp\/v2\/users\/2"}],"replies":[{"embeddable":true,"href":"https:\/\/www.europesays.com\/fr\/wp-json\/wp\/v2\/comments?post=244630"}],"version-history":[{"count":0,"href":"https:\/\/www.europesays.com\/fr\/wp-json\/wp\/v2\/posts\/244630\/revisions"}],"wp:featuredmedia":[{"embeddable":true,"href":"https:\/\/www.europesays.com\/fr\/wp-json\/wp\/v2\/media\/244631"}],"wp:attachment":[{"href":"https:\/\/www.europesays.com\/fr\/wp-json\/wp\/v2\/media?parent=244630"}],"wp:term":[{"taxonomy":"category","embeddable":true,"href":"https:\/\/www.europesays.com\/fr\/wp-json\/wp\/v2\/categories?post=244630"},{"taxonomy":"post_tag","embeddable":true,"href":"https:\/\/www.europesays.com\/fr\/wp-json\/wp\/v2\/tags?post=244630"}],"curies":[{"name":"wp","href":"https:\/\/api.w.org\/{rel}","templated":true}]}}