{"id":244632,"date":"2025-07-12T09:55:10","date_gmt":"2025-07-12T09:55:10","guid":{"rendered":"https:\/\/www.europesays.com\/fr\/244632\/"},"modified":"2025-07-12T09:55:10","modified_gmt":"2025-07-12T09:55:10","slug":"mathis-amougou-present-a-lentrainement-ce-matin-alsasports","status":"publish","type":"post","link":"https:\/\/www.europesays.com\/fr\/244632\/","title":{"rendered":"Mathis Amougou pr\u00e9sent \u00e0 l&rsquo;entra\u00eenement ce matin \u2014 Alsa&rsquo;Sports"},"content":{"rendered":"<p><strong>Le milieu de terrain Mathis Amougou (19 ans) est pr\u00e9sent ce matin au Racing Soprema Parc pour la premi\u00e8re fois \u00e0 un entra\u00eenement du groupe. <\/strong><\/p>\n<p>Le jeune milieu de terrain fran\u00e7ais Mathis Amougou (19 ans) n\u2019a pas encore officiellement sign\u00e9 au Racing mais s\u2019entra\u00eene d\u00e9j\u00e0 avec le groupe. Il est pr\u00e9sent ce matin au Racing Soprema Parc pour la premi\u00e8re fois avec le groupe. Un pr\u00eat depuis Chelsea \u00e9tait initialement envisag\u00e9 mais l\u2019op\u00e9ration va finalement prendre la forme d\u2019un\u00a0transfert d\u00e9finitif, avec un contrat de\u00a0cinq ans\u00a0\u00e0 la cl\u00e9. Le montant n\u2019a pas encore \u00e9t\u00e9 communiqu\u00e9.<\/p>\n","protected":false},"excerpt":{"rendered":"Le milieu de terrain Mathis Amougou (19 ans) est pr\u00e9sent ce matin au Racing Soprema Parc pour la&hellip;\n","protected":false},"author":2,"featured_media":244633,"comment_status":"","ping_status":"","sticky":false,"template":"","format":"standard","meta":{"footnotes":""},"categories":[2820],"tags":[1111,11,1777,674,63,1011,27,775,66,12,4448,25,640],"class_list":{"0":"post-244632","1":"post","2":"type-post","3":"status-publish","4":"format-standard","5":"has-post-thumbnail","7":"category-strasbourg","8":"tag-actu","9":"tag-actualites","10":"tag-eu","11":"tag-europe","12":"tag-football","13":"tag-fr","14":"tag-france","15":"tag-grand-est","16":"tag-ligue-1","17":"tag-news","18":"tag-rc-strasbourg","19":"tag-republique-francaise","20":"tag-strasbourg"},"share_on_mastodon":{"url":"https:\/\/pubeurope.com\/@fr\/114839664975288372","error":""},"_links":{"self":[{"href":"https:\/\/www.europesays.com\/fr\/wp-json\/wp\/v2\/posts\/244632","targetHints":{"allow":["GET"]}}],"collection":[{"href":"https:\/\/www.europesays.com\/fr\/wp-json\/wp\/v2\/posts"}],"about":[{"href":"https:\/\/www.europesays.com\/fr\/wp-json\/wp\/v2\/types\/post"}],"author":[{"embeddable":true,"href":"https:\/\/www.europesays.com\/fr\/wp-json\/wp\/v2\/users\/2"}],"replies":[{"embeddable":true,"href":"https:\/\/www.europesays.com\/fr\/wp-json\/wp\/v2\/comments?post=244632"}],"version-history":[{"count":0,"href":"https:\/\/www.europesays.com\/fr\/wp-json\/wp\/v2\/posts\/244632\/revisions"}],"wp:featuredmedia":[{"embeddable":true,"href":"https:\/\/www.europesays.com\/fr\/wp-json\/wp\/v2\/media\/244633"}],"wp:attachment":[{"href":"https:\/\/www.europesays.com\/fr\/wp-json\/wp\/v2\/media?parent=244632"}],"wp:term":[{"taxonomy":"category","embeddable":true,"href":"https:\/\/www.europesays.com\/fr\/wp-json\/wp\/v2\/categories?post=244632"},{"taxonomy":"post_tag","embeddable":true,"href":"https:\/\/www.europesays.com\/fr\/wp-json\/wp\/v2\/tags?post=244632"}],"curies":[{"name":"wp","href":"https:\/\/api.w.org\/{rel}","templated":true}]}}