{"id":244634,"date":"2025-07-12T09:56:09","date_gmt":"2025-07-12T09:56:09","guid":{"rendered":"https:\/\/www.europesays.com\/fr\/244634\/"},"modified":"2025-07-12T09:56:09","modified_gmt":"2025-07-12T09:56:09","slug":"un-habitant-de-la-region-de-nice-soupconne-davoir-monte-un-violent-home-jacking-sur-fond-de-cryptomonnaie","status":"publish","type":"post","link":"https:\/\/www.europesays.com\/fr\/244634\/","title":{"rendered":"Un habitant de la r\u00e9gion de Nice soup\u00e7onn\u00e9 d&rsquo;avoir mont\u00e9 un violent home-jacking sur fond de cryptomonnaie"},"content":{"rendered":"<p>            Par<br \/>\n        <strong><br \/>\n            <a href=\"https:\/\/actu.fr\/auteur\/redaction-nice\" title=\"Consulter tous les articles de R\u00e9daction Nice\" rel=\"nofollow noopener\" target=\"_blank\">R\u00e9daction Nice<\/a><br \/>\n        <\/strong><\/p>\n<p>        Publi\u00e9 le<\/p>\n<p>            12 juil. 2025 \u00e0 11h08        <\/p>\n<p>La chambre de l\u2019instruction de la cour d\u2019appel de Rennes a refus\u00e9 de remettre en libert\u00e9 \u00e0 Allonnes (Sarthe), ce vendredi 11\u00a0juillet 2025, <strong>un habitant de Cagnes-sur-Mer<\/strong> (<a href=\"https:\/\/actu.fr\/provence-alpes-cote-d-azur\/alpes-maritimes_06\" rel=\"nofollow noopener\" target=\"_blank\">Alpes-Maritimes<\/a>) accus\u00e9 d\u2019avoir commandit\u00e9 l\u2019extorsion ultra-violente d\u2019un couple \u00e0 Saint-Coulomb (Ille-et-Vilaine) il y a dix-huit mois. Le 22\u00a0d\u00e9cembre 2023, dans cette commune de la c\u00f4te bretonne situ\u00e9e entre Saint-Malo et Cancale, le couple avait en effet \u00e9t\u00e9 \u00ab\u2009surpris\u2009\u00bb vers 22h30 par l\u2019intrusion de deux individus \u00ab\u2009gant\u00e9s\u2009\u00bb, \u00ab\u2009visages dissimul\u00e9s\u2009\u00bb et \u00ab\u2009arm\u00e9s\u2009\u00bb qui leur avaient r\u00e9clam\u00e9 <strong>\u00ab\u2009400.000 euros\u2009\u00bb ou \u00ab\u2009une cl\u00e9 USB de cryptomonnaie\u2009\u00bb<\/strong> alors que leur enfant de 2\u00a0ans dormait \u00e0 l\u2019\u00e9tage.<\/p>\n<p>\u00ab\u2009Un canon d\u2019arme \u00e0 feu dans la bouche\u2009\u00bb<\/p>\n<p class=\" wall-content\">Le p\u00e8re de famille avait par la suite eu \u00ab\u2009les mains attach\u00e9es au Serflex\u2009\u00bb et avait re\u00e7u des coups au visage lorsqu\u2019il avait d\u00e9clar\u00e9 ne pas \u00ab\u2009d\u00e9tenir l\u2019argent\u2009\u00bb.<\/p>\n<p class=\" wall-content\">Les malfaiteurs avaient \u00ab\u2009fouill\u00e9 l\u2019int\u00e9gralit\u00e9 de la maison\u2009\u00bb et l\u2019avaient \u00ab\u2009rou\u00e9 de coups\u2009\u00bb, au point de lui \u00ab\u2009lac\u00e9rer les jambes et les bras\u2009\u00bb avec un couteau. Ils lui avaient aussi mis \u00ab\u2009un canon [d\u2019arme \u00e0 feu, NDLR] dans la bouche\u2009\u00bb, avaient <strong>menac\u00e9 de \u00ab\u2009violer sa compagne\u2009\u00bb<\/strong> et de<strong> \u00ab\u2009jeter leur enfant par la fen\u00eatre\u2009\u00bb.<\/strong><\/p>\n<p class=\" wall-content\">Les deux agresseurs \u00e9taient alors \u00ab\u2009en conversation t\u00e9l\u00e9phonique constante\u2009\u00bb avec <strong>\u00ab\u2009une ou deux personnes\u2009\u00bb qui leur \u00ab\u2009donnaient des instructions\u2009\u00bb<\/strong> et qui \u00e9taient \u00ab\u2009manifestement au courant de la configuration des lieux\u2009\u00bb, avait expliqu\u00e9 par la suite le p\u00e8re de famille.<\/p>\n<p class=\" wall-content\">Ce dernier \u00e9tait finalement \u00ab\u2009parvenu \u00e0 se d\u00e9faire\u2009\u00bb et \u00e0 s\u2019emparer du fusil \u00e0 pompe de l\u2019un de ses deux agresseurs\u2009: une lutte s\u2019\u00e9tait alors engag\u00e9e et un \u00ab\u2009tir accidentel\u2009\u00bb \u00e9tait parti. La victime avait aussi \u00ab\u2009saisi un couteau c\u00e9ramique\u2009\u00bb et \u00ab\u2009frapp\u00e9 un agresseur\u2009\u00bb.<\/p>\n<p>Une victime accus\u00e9e d\u2019avoir pris dans la caisse<\/p>\n<p class=\" wall-content\">Les auteurs avaient donc \u00ab\u2009pris la fuite\u2009\u00bb mais \u00e9taient revenus quelques minutes plus tard pour \u00ab\u2009r\u00e9cup\u00e9rer des objets compromettants\u2009\u00bb et \u00ab\u2009effacer les traces\u2009\u00bb.<\/p>\n<p class=\" wall-content\">Au passage, ils en avaient profit\u00e9 pour d\u00e9rober <strong>\u00ab\u2009deux petits lingots d\u2019or\u2009\u00bb et \u00ab\u2009un casque audio\u2009\u00bb<\/strong>, tout en sommant le couple de ne pas donner l\u2019alerte.<\/p>\n<p class=\" wall-content\">L\u2019enqu\u00eate avait permis par la suite d\u2019\u00e9tablir que le p\u00e8re de famille vis\u00e9 par cette extorsion travaillait pour <strong>\u00ab\u2009une soci\u00e9t\u00e9 de trading\u2009\u00bb immatricul\u00e9e en Grande-Bretagne et situ\u00e9e \u00e0 Duba\u00ef.<\/strong><\/p>\n<p class=\" wall-content\">Cet homme avait orient\u00e9 l\u2019instruction vers ses anciens coll\u00e8gues de travail\u2009: l\u2019un d\u2019entre eux, qui vit en Suisse, avait \u00e9t\u00e9 lui-m\u00eame victime de faits similaires quelques semaines plus t\u00f4t. <strong>Les deux sont en fait accus\u00e9s d\u2019avoir \u00ab\u2009pris dans la caisse\u2009\u00bb<\/strong> avant de quitter leur ancien employeur.<\/p>\n<p>Analyse des lignes t\u00e9l\u00e9phoniques<\/p>\n<p class=\" wall-content\">Plusieurs protagonistes ont \u00e9t\u00e9 identifi\u00e9s dans cette affaire\u2009: les enqu\u00eateurs ont en effet proc\u00e9d\u00e9 \u00e0 \u00ab\u2009des recherches sur les infractions routi\u00e8res\u2009\u00bb\u2009: ils s\u2019\u00e9taient ainsi aper\u00e7us qu\u2019<strong>un v\u00e9hicule vol\u00e9 avait \u00e9t\u00e9 \u00ab\u2009rep\u00e9r\u00e9\u2009\u00bb sur place.<\/strong><\/p>\n<p class=\" wall-content\">Or il \u00e9tait d\u00e9j\u00e0 dans le viseur des policiers de Rouen (Seine-Maritime) et Caen (Calvados), qui y avaient plac\u00e9 un dispositif de g\u00e9olocalisation.<\/p>\n<p class=\" wall-content\">L\u2019analyse des lignes t\u00e9l\u00e9phoniques ayant born\u00e9 \u00e0 proximit\u00e9 du domicile du couple le soir des faits et la vid\u00e9osurveillance d\u2019une station-service avaient permis aux plaignants de \u00ab\u2009reconna\u00eetre\u2009\u00bb un homme. Or <strong>\u00ab\u2009un fusil \u00e0 pompe\u2009\u00bb et \u00ab\u2009deux lingots d\u2019or\u2009\u00bb avaient \u00e9t\u00e9 d\u00e9couverts<\/strong> \u00e0 son domicile.<\/p>\n<p>Il souffre d\u2019un cancer<\/p>\n<p class=\" wall-content\">L\u2019un des malfaiteurs a \u00ab\u2009reconnu\u2009\u00bb par la suite sa pr\u00e9sence en Bretagne le jour des faits pour \u00ab\u2009recouvrer une cr\u00e9ance\u2009\u00bb sur \u00ab\u2009instruction d\u2019un donneur d\u2019ordres\u2009\u00bb pour \u00ab\u2009une histoire de bitcoin\u2009\u00bb.<\/p>\n<p class=\" wall-content\">Puis, les enqu\u00eateurs ont identifi\u00e9 \u00ab\u2009deux lignes t\u00e9l\u00e9phoniques\u2009\u00bb au nom de la compagne d\u2019Omar XXX, un ancien g\u00e9rant de kebab sur la commune du Trait (Seine-Maritime)\u2009: cet habitant de Cagnes-sur-Mer (Alpes-Maritimes) d\u00e9tenait<strong> \u00ab\u200951\u2009% des parts\u2009\u00bb de la soci\u00e9t\u00e9 de trading<\/strong> o\u00f9 d\u2019anciens salari\u00e9s auraient \u00ab\u2009pris dans la caisse\u2009\u00bb avant de partir\u2026<\/p>\n<p class=\" wall-content\">Cet actionnaire de 42 ans \u2013 qui se rend \u00ab\u2009tous les mois \u00e0 Saint-Coulomb\u2009\u00bb pour \u00ab\u2009voir sa belle-m\u00e8re malade\u2009\u00bb \u2013 a donc \u00e9t\u00e9 plac\u00e9 en d\u00e9tention provisoire le 8 juillet 2024 mais lui-m\u00eame souffre d\u2019un cancer\u2009: une \u00ab\u2009rechute\u2009\u00bb pourrait m\u00eame le conduire \u00e0 devoir faire une chimioth\u00e9rapie et <strong>il a perdu \u00ab\u200924 kg\u2009\u00bb en d\u00e9tention.<\/strong><\/p>\n<p class=\" wall-content\">Reste qu\u2019une expertise m\u00e9dicale a conclu, en juillet 2024, que son \u00e9tat de sant\u00e9 \u00e9tait \u00ab\u2009compatible avec la d\u00e9tention\u2009\u00bb puisque <strong>sa pathologie peut y \u00eatre \u00ab\u2009prise en charge\u2009\u00bb<\/strong> dans l\u2019unit\u00e9 de soins de la prison.<\/p>\n<p class=\" wall-content\">Ce jeudi 10\u00a0juillet 2025, son avocat est donc venu solliciter sa remise en libert\u00e9\u2009: devant les magistrats rennais, Me Paul Aprile a longuement fustig\u00e9 la \u00ab\u2009scl\u00e9rose\u2009\u00bb de cette information judiciaire, dans laquelle des<strong> \u00ab\u2009raccourcis rapides\u2009\u00bb<\/strong> sont faits en d\u00e9pit des <strong>\u00ab\u2009\u00e9claircissements\u2009\u00bb<\/strong> qu\u2019il a apport\u00e9s au juge d\u2019instruction et que<strong> \u00ab\u2009rien ne contredit\u2009\u00bb.<\/strong><\/p>\n<p>\u00ab\u2009On me fait passer pour l\u2019Arabe de service\u2009\u00bb<\/p>\n<p class=\" wall-content\">Mais l\u2019avocat g\u00e9n\u00e9ral a pour sa part rappel\u00e9 que la \u00ab\u2009dette\u2009\u00bb n\u2019est pas encore rembours\u00e9e. Il craint donc une \u00ab\u2009r\u00e9it\u00e9ration\u2009\u00bb de<strong>\u00a0ces faits d\u2019une \u00ab\u2009sauvagerie caract\u00e9ris\u00e9e\u2009\u00bb.<\/strong> Le mis en examen a par ailleurs \u00e9t\u00e9\u00a0condamn\u00e9\u00a0\u00e0 \u00ab\u2009neuf reprises\u2009\u00bb pour des<strong> \u00ab\u2009menaces de mort\u2009\u00bb<\/strong>, des <strong>\u00ab\u2009vols\u2009\u00bb<\/strong>, des infractions \u00e0 la l\u00e9gislation sur les stup\u00e9fiants et des<strong> \u00ab\u2009violences sur personne vuln\u00e9rable\u2009\u00bb.<\/strong><\/p>\n<p class=\" wall-content\">L\u2019actionnaire majoritaire de la soci\u00e9t\u00e9 de trading, par ailleurs \u00ab\u2009sous-traitant\u2009\u00bb dans la livraison de colis, a pour sa part rappel\u00e9 qu\u2019il venait d\u2019un \u00ab\u2009quartier sensible\u2009\u00bb de Rouen (Seine-Maritime) et qu\u2019il avait \u00ab\u2009toujours tout fait pour s\u2019en sortir\u2009\u00bb en \u00ab\u2009travaillant tr\u00e8s t\u00f4t\u2009\u00bb. \u00ab\u2009Je donne tous les \u00e9l\u00e9ments et on ne m\u2019\u00e9coute pas, on me fait passer pour l\u2019Arabe de service\u2009\u00bb, a grinc\u00e9 Omar XXX.<\/p>\n<p class=\" wall-content\">\u00ab\u2009J\u2019\u00e9tais propri\u00e9taire,<strong> je n\u2019avais pas besoin de cet argent et aucun int\u00e9r\u00eat \u00e0 faire \u00e7a.<\/strong>\u2009\u00bb Il avait par ailleurs la possibilit\u00e9 d\u2019\u00eatre log\u00e9 \u00e0 Allonnes (Sarthe), pr\u00e8s du\u00a0Mans, o\u00f9 vit d\u00e9sormais sa compagne, en cas de remise en libert\u00e9. Mais la chambre de l\u2019instruction de la cour d\u2019appel de Rennes l\u2019a maintenu en d\u00e9tention provisoire.<\/p>\n<p class=\" wall-content\"><strong>CB \/ PressPepper<\/strong><\/p>\n<p class=\" wall-content\">Suivez toute l\u2019actualit\u00e9 de vos villes et m\u00e9dias favoris en vous inscrivant \u00e0 <a href=\"https:\/\/moncompte.actu.fr\" title=\"D\u00e9couvez Mon Actu\" rel=\"nofollow noopener\" data-trk=\"{&quot;cta&quot;:{&quot;action&quot;:&quot;https:\\\/\\\/moncompte.actu.fr&quot;,&quot;category&quot;:&quot;mon compte&quot;,&quot;from&quot;:&quot;article footer&quot;,&quot;name&quot;:&quot;Mon actu&quot;,&quot;type&quot;:&quot;cta&quot;}}\" target=\"_blank\">Mon Actu<\/a>.<\/p>\n","protected":false},"excerpt":{"rendered":"Par R\u00e9daction Nice Publi\u00e9 le 12 juil. 2025 \u00e0 11h08 La chambre de l\u2019instruction de la cour d\u2019appel&hellip;\n","protected":false},"author":2,"featured_media":236051,"comment_status":"","ping_status":"","sticky":false,"template":"","format":"standard","meta":{"footnotes":""},"categories":[2819],"tags":[1111,11,1777,674,1011,27,303,12,2401,882,25,104],"class_list":{"0":"post-244634","1":"post","2":"type-post","3":"status-publish","4":"format-standard","5":"has-post-thumbnail","7":"category-nice","8":"tag-actu","9":"tag-actualites","10":"tag-eu","11":"tag-europe","12":"tag-fr","13":"tag-france","14":"tag-justice","15":"tag-news","16":"tag-nice","17":"tag-provence-alpes-cote-dazur","18":"tag-republique-francaise","19":"tag-societe"},"share_on_mastodon":{"url":"https:\/\/pubeurope.com\/@fr\/114839668818316041","error":""},"_links":{"self":[{"href":"https:\/\/www.europesays.com\/fr\/wp-json\/wp\/v2\/posts\/244634","targetHints":{"allow":["GET"]}}],"collection":[{"href":"https:\/\/www.europesays.com\/fr\/wp-json\/wp\/v2\/posts"}],"about":[{"href":"https:\/\/www.europesays.com\/fr\/wp-json\/wp\/v2\/types\/post"}],"author":[{"embeddable":true,"href":"https:\/\/www.europesays.com\/fr\/wp-json\/wp\/v2\/users\/2"}],"replies":[{"embeddable":true,"href":"https:\/\/www.europesays.com\/fr\/wp-json\/wp\/v2\/comments?post=244634"}],"version-history":[{"count":0,"href":"https:\/\/www.europesays.com\/fr\/wp-json\/wp\/v2\/posts\/244634\/revisions"}],"wp:featuredmedia":[{"embeddable":true,"href":"https:\/\/www.europesays.com\/fr\/wp-json\/wp\/v2\/media\/236051"}],"wp:attachment":[{"href":"https:\/\/www.europesays.com\/fr\/wp-json\/wp\/v2\/media?parent=244634"}],"wp:term":[{"taxonomy":"category","embeddable":true,"href":"https:\/\/www.europesays.com\/fr\/wp-json\/wp\/v2\/categories?post=244634"},{"taxonomy":"post_tag","embeddable":true,"href":"https:\/\/www.europesays.com\/fr\/wp-json\/wp\/v2\/tags?post=244634"}],"curies":[{"name":"wp","href":"https:\/\/api.w.org\/{rel}","templated":true}]}}