{"id":244639,"date":"2025-07-12T09:59:09","date_gmt":"2025-07-12T09:59:09","guid":{"rendered":"https:\/\/www.europesays.com\/fr\/244639\/"},"modified":"2025-07-12T09:59:09","modified_gmt":"2025-07-12T09:59:09","slug":"un-homme-heliporte-vers-le-chu-de-nantes-apres-un-grave-accident-entre-une-moto-et-une-voiture-en-vendee","status":"publish","type":"post","link":"https:\/\/www.europesays.com\/fr\/244639\/","title":{"rendered":"Un homme h\u00e9liport\u00e9 vers le CHU de Nantes apr\u00e8s un grave accident entre une moto et une voiture en Vend\u00e9e"},"content":{"rendered":"<p>            Par<br \/>\n        <strong><br \/>\n            <a href=\"https:\/\/actu.fr\/auteur\/sebastien-bethune\" title=\"Consulter tous les articles de S\u00e9bastien B\u00e9thune\" rel=\"nofollow noopener\" target=\"_blank\">S\u00e9bastien B\u00e9thune<\/a><br \/>\n        <\/strong><\/p>\n<p>        Publi\u00e9 le<\/p>\n<p>            12 juil. 2025 \u00e0 11h54        <\/p>\n<p>\u00c0 8\u2009h\u200959, <b>samedi 12\u00a0juillet 2025<\/b>, <a href=\"https:\/\/actu.fr\/pays-de-la-loire\/saint-denis-la-chevasse_85208\/une-cuisine-prend-feu-en-pleine-nuit-dans-une-maison-de-vendee_62905436.html\" rel=\"nofollow noopener\" target=\"_blank\">les sapeurs-pompiers<\/a> de Vend\u00e9e sont intervenus pour un accident de la circulation \u00e0 <a href=\"https:\/\/actu.fr\/pays-de-la-loire\/mortagne-sur-sevre_85151\" rel=\"nofollow noopener\" target=\"_blank\">Mortagne-sur-S\u00e8vre<\/a>, rue du Soleil Levant, en <a href=\"https:\/\/actu.fr\/pays-de-la-loire\/vendee_85\" rel=\"nofollow noopener\" target=\"_blank\">Vend\u00e9e<\/a>.<\/p>\n<p class=\" wall-content\">L\u2019accident implique<b> une voiture et une moto.<\/b><\/p>\n<p>Un homme de 42\u00a0ans h\u00e9liport\u00e9<\/p>\n<p class=\" wall-content\"><b>Le bilan fait \u00e9tat de deux victimes\u2009:<\/b> un homme de 42\u00a0ans, cat\u00e9goris\u00e9 <b>bless\u00e9 grave<\/b> et transport\u00e9 vers le CHU de Nantes par H\u00e9lismur 44, et une jeune femme de 19\u00a0ans, <b>laiss\u00e9e sur place<\/b>.<\/p>\n<p>    <a href=\"https:\/\/maps.google.com\/maps?q=46.997126,-0.9453264&amp;z=15&amp;output=embed\" title=\"Ouvrie le lien\" rel=\"nofollow noopener\" target=\"_blank\">Cliquez ici pour visualiser le contenu<\/a><\/p>\n<p class=\" wall-content\"><b>Six sapeurs-pompiers<\/b> du centre de secours de <a href=\"https:\/\/actu.fr\/pays-de-la-loire\/mortagne-sur-sevre_85151\" rel=\"nofollow noopener\" target=\"_blank\">Mortagne-sur-S\u00e8vre<\/a> \u00e9taient pr\u00e9sents sur les lieux de l\u2019accident.<\/p>\n<p class=\" wall-content\">Suivez toute l\u2019actualit\u00e9 de vos villes et m\u00e9dias favoris en vous inscrivant \u00e0 <a href=\"https:\/\/moncompte.actu.fr\" title=\"D\u00e9couvez Mon Actu\" rel=\"nofollow noopener\" data-trk=\"{&quot;cta&quot;:{&quot;action&quot;:&quot;https:\\\/\\\/moncompte.actu.fr&quot;,&quot;category&quot;:&quot;mon compte&quot;,&quot;from&quot;:&quot;article footer&quot;,&quot;name&quot;:&quot;Mon actu&quot;,&quot;type&quot;:&quot;cta&quot;}}\" target=\"_blank\">Mon Actu<\/a>.<\/p>\n","protected":false},"excerpt":{"rendered":"Par S\u00e9bastien B\u00e9thune Publi\u00e9 le 12 juil. 2025 \u00e0 11h54 \u00c0 8\u2009h\u200959, samedi 12\u00a0juillet 2025, les sapeurs-pompiers de&hellip;\n","protected":false},"author":2,"featured_media":244640,"comment_status":"","ping_status":"","sticky":false,"template":"","format":"standard","meta":{"footnotes":""},"categories":[2818],"tags":[119,1111,11,1777,674,118,1011,27,766,12,2636,25],"class_list":{"0":"post-244639","1":"post","2":"type-post","3":"status-publish","4":"format-standard","5":"has-post-thumbnail","7":"category-nantes","8":"tag-accident","9":"tag-actu","10":"tag-actualites","11":"tag-eu","12":"tag-europe","13":"tag-faits-divers","14":"tag-fr","15":"tag-france","16":"tag-nantes","17":"tag-news","18":"tag-pays-de-la-loire","19":"tag-republique-francaise"},"share_on_mastodon":{"url":"https:\/\/pubeurope.com\/@fr\/114839680982328624","error":""},"_links":{"self":[{"href":"https:\/\/www.europesays.com\/fr\/wp-json\/wp\/v2\/posts\/244639","targetHints":{"allow":["GET"]}}],"collection":[{"href":"https:\/\/www.europesays.com\/fr\/wp-json\/wp\/v2\/posts"}],"about":[{"href":"https:\/\/www.europesays.com\/fr\/wp-json\/wp\/v2\/types\/post"}],"author":[{"embeddable":true,"href":"https:\/\/www.europesays.com\/fr\/wp-json\/wp\/v2\/users\/2"}],"replies":[{"embeddable":true,"href":"https:\/\/www.europesays.com\/fr\/wp-json\/wp\/v2\/comments?post=244639"}],"version-history":[{"count":0,"href":"https:\/\/www.europesays.com\/fr\/wp-json\/wp\/v2\/posts\/244639\/revisions"}],"wp:featuredmedia":[{"embeddable":true,"href":"https:\/\/www.europesays.com\/fr\/wp-json\/wp\/v2\/media\/244640"}],"wp:attachment":[{"href":"https:\/\/www.europesays.com\/fr\/wp-json\/wp\/v2\/media?parent=244639"}],"wp:term":[{"taxonomy":"category","embeddable":true,"href":"https:\/\/www.europesays.com\/fr\/wp-json\/wp\/v2\/categories?post=244639"},{"taxonomy":"post_tag","embeddable":true,"href":"https:\/\/www.europesays.com\/fr\/wp-json\/wp\/v2\/tags?post=244639"}],"curies":[{"name":"wp","href":"https:\/\/api.w.org\/{rel}","templated":true}]}}