{"id":244645,"date":"2025-07-12T10:02:09","date_gmt":"2025-07-12T10:02:09","guid":{"rendered":"https:\/\/www.europesays.com\/fr\/244645\/"},"modified":"2025-07-12T10:02:09","modified_gmt":"2025-07-12T10:02:09","slug":"la-fillette-est-morte-des-suites-de-ses-blessures","status":"publish","type":"post","link":"https:\/\/www.europesays.com\/fr\/244645\/","title":{"rendered":"la fillette est morte des suites de ses blessures"},"content":{"rendered":"<p>            Par<br \/>\n        <strong><br \/>\n            <a href=\"https:\/\/actu.fr\/auteur\/lucie-2\" title=\"Consulter tous les articles de Lucie Fraisse\" rel=\"nofollow noopener\" target=\"_blank\">Lucie Fraisse<\/a><br \/>\n        <\/strong><\/p>\n<p>        Publi\u00e9 le<\/p>\n<p>            12 juil. 2025 \u00e0 11h54        <\/p>\n<p>La petite fille <a href=\"https:\/\/actu.fr\/occitanie\/toulouse_31555\/accident-d-une-fillette-de-2-ans-a-la-fete-foraine-pres-de-toulouse-la-barriere-n-aurait-pas-du-etre-la_62881659.html\" rel=\"nofollow noopener\" target=\"_blank\">gravement bless\u00e9e sur un man\u00e8ge de la f\u00eate foraine de Tournefeuille<\/a>, <strong>pr\u00e8s de Toulouse<\/strong>, lundi 7 juillet 2025, est d\u00e9c\u00e9d\u00e9 des suites de ses blessures, selon une information de <a href=\"https:\/\/www.ladepeche.fr\/2025\/07\/12\/info-la-depeche-accident-de-manege-a-la-fete-foraine-la-fillette-de-3-ans-grievement-blessee-est-morte-12821950.php\" rel=\"nofollow noopener\" target=\"_blank\">La D\u00e9p\u00eache du Midi<\/a> qu\u2019Actu Toulouse est en mesure de confirmer.\u00a0<\/p>\n<p>    <a href=\"https:\/\/www.google.com\/maps\/embed?pb=!1m18!1m12!1m3!1d33180.85015517078!2d1.2925545710471242!3d43.57472193679943!2m3!1f0!2f0!3f0!3m2!1i1024!2i768!4f13.1!3m3!1m2!1s0x12aeb08c713b8b95%3A0x9b8a0b8da8b7d251!2s31170%20Tournefeuille!5e1!3m2!1sfr!2sfr!4v1752313732645!5m2!1sfr!2sfr\" title=\"Ouvrie le lien\" rel=\"nofollow noopener\" target=\"_blank\">Cliquez ici pour visualiser le contenu<\/a><\/p>\n<p>Une famille bien connue \u00e0 Saint-Jory\u00a0<\/p>\n<p class=\" wall-content\">\u00ab\u00a0C\u2019est avec une immense tristesse que nous avons appris le d\u00e9c\u00e8s de Nelya, <strong>Saint-Joryenne de 3 ans<\/strong>, victime de ce terrible accident de man\u00e8ge\u00a0\u00bb, a indiqu\u00e9 ce samedi matin le maire de Saint-Jory, sur sa page Facebook.<\/p>\n<p class=\" wall-content\">Contact\u00e9 par Actu Toulouse, Victor Denouvion confie que la famille de la fillette est connue et impliqu\u00e9e dans la commune, notamment \u00e0 la Maison de la petite enfance qu\u2019elle c\u00f4toyait r\u00e9guli\u00e8rement.<\/p>\n<p>Sur un toboggan pour enfant\u00a0<\/p>\n<p class=\" wall-content\">L\u2019accident avait eu lieu sur la <strong>f\u00eate foraine de Tournefeuille<\/strong> en plein milieu de l\u2019apr\u00e8s-midi, le 7 juillet, alors que les forains ouvraient leurs man\u00e8ges. La fillette, accompagn\u00e9e de son oncle \u00e2g\u00e9 de 17 ans, avait pris des tickets pour un toboggan pour enfant.<\/p>\n<p>Vid\u00e9os : en ce moment sur Actu<\/p>\n<p class=\" wall-content\">Elle \u00e9tait alors mont\u00e9e avec son oncle sur la structure, s\u2019\u00e9tait install\u00e9 entre ses jambes, pour s\u2019\u00e9lancer sur un toboggan. Mais <strong>une barri\u00e8re de s\u00e9curit\u00e9<\/strong>, qui aurait d\u00fb \u00eatre retir\u00e9e par le propri\u00e9taire du man\u00e8ge, \u00e9tait rest\u00e9e en place, au niveau du dernier tiers de l\u2019attraction.<\/p>\n<p class=\" wall-content\">Une barri\u00e8re de s\u00e9curit\u00e9 que la fillette a percut\u00e9 de plein fouet dans sa descente. Un choc d\u2019une violence inou\u00efe qui a entra\u00een\u00e9 un malaise cardiaque. Imm\u00e9diatement d\u00e9p\u00each\u00e9s sur place, les pompiers ont tent\u00e9 de la r\u00e9animer pendant de longues minutes. Elle a ensuite \u00e9t\u00e9 hospitalis\u00e9e en urgence absolue \u00e0 l\u2019h\u00f4pital de Purpan, o\u00f9 elle est d\u00e9c\u00e9d\u00e9e quelques jours plus tard.<\/p>\n<p class=\" wall-content\">Suite au drame, le propri\u00e9taire du man\u00e8ge avait \u00e9t\u00e9 plac\u00e9 en garde \u00e0 vue.\u00a0<\/p>\n<p class=\" wall-content\">Suivez toute l\u2019actualit\u00e9 de vos villes et m\u00e9dias favoris en vous inscrivant \u00e0 <a href=\"https:\/\/moncompte.actu.fr\" title=\"D\u00e9couvez Mon Actu\" rel=\"nofollow noopener\" data-trk=\"{&quot;cta&quot;:{&quot;action&quot;:&quot;https:\\\/\\\/moncompte.actu.fr&quot;,&quot;category&quot;:&quot;mon compte&quot;,&quot;from&quot;:&quot;article footer&quot;,&quot;name&quot;:&quot;Mon actu&quot;,&quot;type&quot;:&quot;cta&quot;}}\" target=\"_blank\">Mon Actu<\/a>.<\/p>\n","protected":false},"excerpt":{"rendered":"Par Lucie Fraisse Publi\u00e9 le 12 juil. 2025 \u00e0 11h54 La petite fille gravement bless\u00e9e sur un man\u00e8ge&hellip;\n","protected":false},"author":2,"featured_media":244646,"comment_status":"","ping_status":"","sticky":false,"template":"","format":"standard","meta":{"footnotes":""},"categories":[2816],"tags":[1111,11,1777,674,118,1011,27,12,2680,1311,25,2312],"class_list":{"0":"post-244645","1":"post","2":"type-post","3":"status-publish","4":"format-standard","5":"has-post-thumbnail","7":"category-toulouse","8":"tag-actu","9":"tag-actualites","10":"tag-eu","11":"tag-europe","12":"tag-faits-divers","13":"tag-fr","14":"tag-france","15":"tag-news","16":"tag-occitanie","17":"tag-pompiers","18":"tag-republique-francaise","19":"tag-toulouse"},"share_on_mastodon":{"url":"https:\/\/pubeurope.com\/@fr\/114839692432774296","error":""},"_links":{"self":[{"href":"https:\/\/www.europesays.com\/fr\/wp-json\/wp\/v2\/posts\/244645","targetHints":{"allow":["GET"]}}],"collection":[{"href":"https:\/\/www.europesays.com\/fr\/wp-json\/wp\/v2\/posts"}],"about":[{"href":"https:\/\/www.europesays.com\/fr\/wp-json\/wp\/v2\/types\/post"}],"author":[{"embeddable":true,"href":"https:\/\/www.europesays.com\/fr\/wp-json\/wp\/v2\/users\/2"}],"replies":[{"embeddable":true,"href":"https:\/\/www.europesays.com\/fr\/wp-json\/wp\/v2\/comments?post=244645"}],"version-history":[{"count":0,"href":"https:\/\/www.europesays.com\/fr\/wp-json\/wp\/v2\/posts\/244645\/revisions"}],"wp:featuredmedia":[{"embeddable":true,"href":"https:\/\/www.europesays.com\/fr\/wp-json\/wp\/v2\/media\/244646"}],"wp:attachment":[{"href":"https:\/\/www.europesays.com\/fr\/wp-json\/wp\/v2\/media?parent=244645"}],"wp:term":[{"taxonomy":"category","embeddable":true,"href":"https:\/\/www.europesays.com\/fr\/wp-json\/wp\/v2\/categories?post=244645"},{"taxonomy":"post_tag","embeddable":true,"href":"https:\/\/www.europesays.com\/fr\/wp-json\/wp\/v2\/tags?post=244645"}],"curies":[{"name":"wp","href":"https:\/\/api.w.org\/{rel}","templated":true}]}}