{"id":244647,"date":"2025-07-12T10:03:09","date_gmt":"2025-07-12T10:03:09","guid":{"rendered":"https:\/\/www.europesays.com\/fr\/244647\/"},"modified":"2025-07-12T10:03:09","modified_gmt":"2025-07-12T10:03:09","slug":"quand-la-grande-roue-sera-t-elle-de-retour","status":"publish","type":"post","link":"https:\/\/www.europesays.com\/fr\/244647\/","title":{"rendered":"quand la Grande Roue sera-t-elle de retour\u00a0?"},"content":{"rendered":"<p>            Par<br \/>\n        <strong><br \/>\n            <a href=\"https:\/\/actu.fr\/auteur\/gabriel-kenedi\" title=\"Consulter tous les articles de Gabriel Kenedi\" target=\"_blank\" rel=\"noopener\">Gabriel Kenedi<\/a><br \/>\n        <\/strong><\/p>\n<p>        Publi\u00e9 le<\/p>\n<p>            12 juil. 2025 \u00e0 11h30        <\/p>\n<p>Chaque \u00e9t\u00e9, \u00e0 <strong>Toulouse<\/strong>, la Grande Roue s\u2019installe en bords de Garonne. C\u2019est m\u00eame l\u2019attraction phare de la saison estivale.\u00a0<\/p>\n<p>Une structure de 45 m\u00e8tres de haut<\/p>\n<p class=\" wall-content\">Avec son design r\u00e9tro, cette structure de <strong>45 m\u00e8tres de haut<\/strong> donne un air de f\u00eate au Quai Viguerie, o\u00f9 sont \u00e9galement install\u00e9es la guinguette Racines, la p\u00e9niche Horizon et des activit\u00e9s de cabotage durant tout l\u2019\u00e9t\u00e9.<\/p>\n<p>De retour jusqu\u2019au 7 septembre<\/p>\n<p class=\" wall-content\">Comme l\u2019an pass\u00e9, le choix a \u00e9t\u00e9 fait d\u2019attendre les festivit\u00e9s li\u00e9es au 14-Juillet pour remettre en place cette attraction. Et \u00e0 Toulouse, le feu d\u2019artifice et le grand concert NRJ auront lieu le dimanche 13 juillet.\u00a0<\/p>\n<p class=\" wall-content\">Notez-le \u00e0 vos agendas, la Grande Roue sera de retour <strong>du lundi 14 juillet 2025<\/strong> jusqu\u2019au <strong>7 septembre 2025<\/strong>.<\/p>\n<p>Vid\u00e9os : en ce moment sur ActuUne vue extraordinaire\u00a0<\/p>\n<p class=\" wall-content\">Le gros plus de la Grande Roue, c\u2019est \u00e9videmment<strong> la vue extraordinaire<\/strong> qu\u2019elle offre sur la ville ! En y montant, vous surplombez la Garonne, le Pont-Neuf, vous admirez le couvent des Jacobins, le clocher de Saint-Sernin\u2026 un<strong> joli spot<\/strong> pour profiter de la Ville rose et de ses couleurs (notamment au coucher du soleil).\u00a0<\/p>\n<p>Ouverte 7 jours \/ 7\u00a0<\/p>\n<p class=\" wall-content\">La grande roue fonctionne<strong> 7 jours \/ 7<\/strong>, de 11 heures \u00e0 minuit, du dimanche au jeudi, et de 11 heures \u00e0 1 heure du matin les vendredis et samedis.\u00a0<\/p>\n<p>Tarif adulte\u00a0:\u00a07\u00a0\u20ac. Tarif enfant jusqu\u2019\u00e0 11 ans \u00a0:\u00a05\u00a0\u20ac. Les enfants doivent \u00eatre accompagn\u00e9s d\u2019un adulte.<\/p>\n<p class=\" wall-content\">Suivez toute l\u2019actualit\u00e9 de vos villes et m\u00e9dias favoris en vous inscrivant \u00e0 <a href=\"https:\/\/moncompte.actu.fr\" title=\"D\u00e9couvez Mon Actu\" rel=\"nofollow noopener\" data-trk=\"{&quot;cta&quot;:{&quot;action&quot;:&quot;https:\\\/\\\/moncompte.actu.fr&quot;,&quot;category&quot;:&quot;mon compte&quot;,&quot;from&quot;:&quot;article footer&quot;,&quot;name&quot;:&quot;Mon actu&quot;,&quot;type&quot;:&quot;cta&quot;}}\" target=\"_blank\">Mon Actu<\/a>.<\/p>\n","protected":false},"excerpt":{"rendered":"Par Gabriel Kenedi Publi\u00e9 le 12 juil. 2025 \u00e0 11h30 Chaque \u00e9t\u00e9, \u00e0 Toulouse, la Grande Roue s\u2019installe&hellip;\n","protected":false},"author":2,"featured_media":238467,"comment_status":"","ping_status":"","sticky":false,"template":"","format":"standard","meta":{"footnotes":""},"categories":[2816],"tags":[1111,11,1777,674,1011,27,1652,12,2680,25,1341,2312],"class_list":{"0":"post-244647","1":"post","2":"type-post","3":"status-publish","4":"format-standard","5":"has-post-thumbnail","7":"category-toulouse","8":"tag-actu","9":"tag-actualites","10":"tag-eu","11":"tag-europe","12":"tag-fr","13":"tag-france","14":"tag-loisirs-culture","15":"tag-news","16":"tag-occitanie","17":"tag-republique-francaise","18":"tag-sortir-a-toulouse","19":"tag-toulouse"},"share_on_mastodon":{"url":"https:\/\/pubeurope.com\/@fr\/114839696420495317","error":""},"_links":{"self":[{"href":"https:\/\/www.europesays.com\/fr\/wp-json\/wp\/v2\/posts\/244647","targetHints":{"allow":["GET"]}}],"collection":[{"href":"https:\/\/www.europesays.com\/fr\/wp-json\/wp\/v2\/posts"}],"about":[{"href":"https:\/\/www.europesays.com\/fr\/wp-json\/wp\/v2\/types\/post"}],"author":[{"embeddable":true,"href":"https:\/\/www.europesays.com\/fr\/wp-json\/wp\/v2\/users\/2"}],"replies":[{"embeddable":true,"href":"https:\/\/www.europesays.com\/fr\/wp-json\/wp\/v2\/comments?post=244647"}],"version-history":[{"count":0,"href":"https:\/\/www.europesays.com\/fr\/wp-json\/wp\/v2\/posts\/244647\/revisions"}],"wp:featuredmedia":[{"embeddable":true,"href":"https:\/\/www.europesays.com\/fr\/wp-json\/wp\/v2\/media\/238467"}],"wp:attachment":[{"href":"https:\/\/www.europesays.com\/fr\/wp-json\/wp\/v2\/media?parent=244647"}],"wp:term":[{"taxonomy":"category","embeddable":true,"href":"https:\/\/www.europesays.com\/fr\/wp-json\/wp\/v2\/categories?post=244647"},{"taxonomy":"post_tag","embeddable":true,"href":"https:\/\/www.europesays.com\/fr\/wp-json\/wp\/v2\/tags?post=244647"}],"curies":[{"name":"wp","href":"https:\/\/api.w.org\/{rel}","templated":true}]}}