{"id":244648,"date":"2025-07-12T10:04:08","date_gmt":"2025-07-12T10:04:08","guid":{"rendered":"https:\/\/www.europesays.com\/fr\/244648\/"},"modified":"2025-07-12T10:04:08","modified_gmt":"2025-07-12T10:04:08","slug":"quels-magasins-seront-ouverts-le-lundi-14-juillet-dans-la-metropole-de-lille","status":"publish","type":"post","link":"https:\/\/www.europesays.com\/fr\/244648\/","title":{"rendered":"Quels magasins seront ouverts le lundi 14 juillet dans la m\u00e9tropole de Lille\u00a0?"},"content":{"rendered":"<p>            Par<br \/>\n        <strong><br \/>\n            <a href=\"https:\/\/actu.fr\/auteur\/hervine-mahaud\" title=\"Consulter tous les articles de Hervine Mahaud\" target=\"_blank\" rel=\"noopener\">Hervine Mahaud<\/a><br \/>\n        <\/strong><\/p>\n<p>        Publi\u00e9 le<\/p>\n<p>            12 juil. 2025 \u00e0 11h00        <\/p>\n<p>Envie de profiter de votre\u00a0<b>jour f\u00e9ri\u00e9<\/b>\u00a0pour faire du\u00a0<b>shopping<\/b>\u00a0ou quelques courses dans la\u00a0<b>m\u00e9tropole de Lille<\/b>\u2009? La r\u00e9dac\u2019 vous dresse une liste (non exhaustive) des\u00a0<b>magasins<\/b>, <b>boutiques<\/b>\u00a0et\u00a0<b>commerces<\/b>\u00a0pr\u00eats \u00e0 vous accueillir ce\u00a0<b>lundi 14\u00a0juillet 2025<\/b>.<\/p>\n<p>Les magasins ouverts \u00e0 Lille<\/p>\n<p class=\" wall-content\">\u00c0 Lille, voici les magasins qui seront ouverts\u2009:<\/p>\n<ul class=\" wall-content\">\n<li><b>Westfield Euralille<\/b>\u2009: les boutiques de 10\u2009h \u00e0 19\u2009h, Carrefour de 9\u2009h \u00e0 20\u2009h\u2009;<\/li>\n<li><b>Lillenium<\/b>\u2009: Leclerc de 9\u2009h \u00e0 19\u2009h, Smallicieux, Basic Fit, Klarity et New School Tacos seront ouverts, les autres boutiques seront ferm\u00e9es\u2009;<\/li>\n<li><b>Printemps<\/b>\u2009: de 10\u2009h\u200930 \u00e0 19\u2009h\u200930.<\/li>\n<\/ul>\n<p class=\" wall-content\">Dans le\u00a0<b>centre-ville<\/b> (<b>rue de B\u00e9thune, rue Faidherbe, rue Pierre Mauroy, rue du Molinel<\/b>\u2026) et dans le\u00a0<b>Vieux-Lille<\/b>, plusieurs boutiques devraient aussi \u00eatre ouvertes. L\u2019occasion de faire de bonnes affaires pour les <b>soldes d\u2019\u00e9t\u00e9<\/b> qui continuent.<\/p>\n<p>Ailleurs dans la m\u00e9tropole<\/p>\n<p class=\" wall-content\">\u00c0 la recherche de bonnes affaires\u2009? Alors direction\u00a0<b>Roubaix<\/b>\u00a0et ses\u00a0<b>magasins d\u2019usine<\/b>. Les deux\u00a0<b>centres outlet<\/b>\u00a0seront ouverts.\u00a0McArthurGlen, qui a accueilli de nouvelles enseignes, sera ouvert de 10\u2009h \u00e0 19\u2009h, tout comme\u00a0<b>L\u2019Usine<\/b>.<\/p>\n<p>Vid\u00e9os : en ce moment sur Actu<\/p>\n<p class=\" wall-content\">Voici les horaires des autres centres commerciaux de la m\u00e9tropole lilloise\u2009:<\/p>\n<ul class=\" wall-content\">\n<li><b>Centre commercial V2 Villeneuve-d\u2019Ascq<\/b>\u2009: Auchan ouvert de 8\u2009h\u200930 \u00e0 20\u2009h. Les boutiques seront ouvertes de 10\u2009h \u00e0 19\u2009h\u2009;<\/li>\n<li><b>Centre commercial Englos Les G\u00e9ants<\/b>\u2009: Auchan ouvert de 8\u2009h\u200930 \u00e0 20\u2009h. La galerie sera ouverte de 9\u2009h\u200930 \u00e0 19\u2009h\u2009;<\/li>\n<li><b>Centre commercial Faches-Thumesnil<\/b>\u2009: Auchan ouvert de 8\u2009h\u200930 \u00e0 20\u2009h. La galerie sera ouverte de 10\u2009h \u00e0 19\u2009h\u2009;<\/li>\n<li><b>Centre commercial Leers<\/b>\u2009: Auchan ouvert de 8\u2009h\u200930 \u00e0 20\u2009h. Le centre sera ouvert de 9\u2009h\u200930 \u00e0 19\u2009h\u2009;<\/li>\n<li><b>Centre commercial Promenade de Flandre<\/b>\u2009: Auchan Roncq ouvert de 8\u2009h\u200930 \u00e0 20\u2009h. La galerie et la promenade seront ouvertes de 10\u2009h \u00e0 19\u2009h\u2009;<\/li>\n<li><b>Centre commercial Carrefour Wasquehal<\/b>\u2009: hypermarch\u00e9 ouvert de 8\u2009h\u200930 \u00e0 20\u2009h. Les boutiques seront ouvertes.<\/li>\n<\/ul>\n<p class=\" wall-content\">Par ailleurs, <b>Famiflora<\/b>\u00a0\u00e0\u00a0<b>Mouscron<\/b> (Belgique) sera ouvert de 9\u2009h \u00e0 19\u2009h, et le <b>Btwin Village de Lille<\/b>\u00a0sera ouvert de 10\u2009h \u00e0 19\u2009h. Bon shopping\u2009!<\/p>\n<p class=\" wall-content\">Suivez toute l\u2019actualit\u00e9 de vos villes et m\u00e9dias favoris en vous inscrivant \u00e0 <a href=\"https:\/\/moncompte.actu.fr\" title=\"D\u00e9couvez Mon Actu\" rel=\"nofollow noopener\" data-trk=\"{&quot;cta&quot;:{&quot;action&quot;:&quot;https:\\\/\\\/moncompte.actu.fr&quot;,&quot;category&quot;:&quot;mon compte&quot;,&quot;from&quot;:&quot;article footer&quot;,&quot;name&quot;:&quot;Mon actu&quot;,&quot;type&quot;:&quot;cta&quot;}}\" target=\"_blank\">Mon Actu<\/a>.<\/p>\n","protected":false},"excerpt":{"rendered":"Par Hervine Mahaud Publi\u00e9 le 12 juil. 2025 \u00e0 11h00 Envie de profiter de votre\u00a0jour f\u00e9ri\u00e9\u00a0pour faire du\u00a0shopping\u00a0ou&hellip;\n","protected":false},"author":2,"featured_media":244649,"comment_status":"","ping_status":"","sticky":false,"template":"","format":"standard","meta":{"footnotes":""},"categories":[2815],"tags":[1111,11,215,33,1777,674,1011,27,811,1307,12,25,11772],"class_list":{"0":"post-244648","1":"post","2":"type-post","3":"status-publish","4":"format-standard","5":"has-post-thumbnail","7":"category-lille","8":"tag-actu","9":"tag-actualites","10":"tag-commerce","11":"tag-economie","12":"tag-eu","13":"tag-europe","14":"tag-fr","15":"tag-france","16":"tag-hauts-de-france","17":"tag-lille","18":"tag-news","19":"tag-republique-francaise","20":"tag-soldes"},"share_on_mastodon":{"url":"https:\/\/pubeurope.com\/@fr\/114839700325056134","error":""},"_links":{"self":[{"href":"https:\/\/www.europesays.com\/fr\/wp-json\/wp\/v2\/posts\/244648","targetHints":{"allow":["GET"]}}],"collection":[{"href":"https:\/\/www.europesays.com\/fr\/wp-json\/wp\/v2\/posts"}],"about":[{"href":"https:\/\/www.europesays.com\/fr\/wp-json\/wp\/v2\/types\/post"}],"author":[{"embeddable":true,"href":"https:\/\/www.europesays.com\/fr\/wp-json\/wp\/v2\/users\/2"}],"replies":[{"embeddable":true,"href":"https:\/\/www.europesays.com\/fr\/wp-json\/wp\/v2\/comments?post=244648"}],"version-history":[{"count":0,"href":"https:\/\/www.europesays.com\/fr\/wp-json\/wp\/v2\/posts\/244648\/revisions"}],"wp:featuredmedia":[{"embeddable":true,"href":"https:\/\/www.europesays.com\/fr\/wp-json\/wp\/v2\/media\/244649"}],"wp:attachment":[{"href":"https:\/\/www.europesays.com\/fr\/wp-json\/wp\/v2\/media?parent=244648"}],"wp:term":[{"taxonomy":"category","embeddable":true,"href":"https:\/\/www.europesays.com\/fr\/wp-json\/wp\/v2\/categories?post=244648"},{"taxonomy":"post_tag","embeddable":true,"href":"https:\/\/www.europesays.com\/fr\/wp-json\/wp\/v2\/tags?post=244648"}],"curies":[{"name":"wp","href":"https:\/\/api.w.org\/{rel}","templated":true}]}}