{"id":244654,"date":"2025-07-12T10:07:18","date_gmt":"2025-07-12T10:07:18","guid":{"rendered":"https:\/\/www.europesays.com\/fr\/244654\/"},"modified":"2025-07-12T10:07:18","modified_gmt":"2025-07-12T10:07:18","slug":"notre-selection-des-10-lieux-pour-votre-ete","status":"publish","type":"post","link":"https:\/\/www.europesays.com\/fr\/244654\/","title":{"rendered":"notre s\u00e9lection des 10 lieux pour votre \u00e9t\u00e9"},"content":{"rendered":"<p>1 Les Bords de Mer, pour un ap\u00e9ro aux airs de vacances<\/p>\n<p>Le rooftop de<a href=\"https:\/\/www.laprovence.com\/article\/edition-marseille\/5222594\/des-chambres-en-bords-de-mer.html\" target=\"_blank\" rel=\"noopener\"> l\u2019h\u00f4tel Les Bords de Mer, aux Catalans<\/a>, offre un magnifique balcon sur la M\u00e9diterran\u00e9e. Il est accessible tous les jours \u00e0 la client\u00e8le hors de l\u2019h\u00f4tel pour profiter d\u2019un v\u00e9ritable spectacle, notamment au coucher du soleil. L\u2019horizon, les bateaux, la plage et le Frioul au loin\u00a0: un vrai panorama de vacances. Une carte pour picorer propose un d\u00e9licieux tarama d\u2019oursin (12\u20ac), une petite salade de poulpe ou un mini hot-dog (14\u20ac). \u00c0 accompagner de cocktails classiques (14-15\u20ac) ou de bi\u00e8res artisanales Zouma\u00ef (8\u20ac). Le dimanche, on peut profiter d\u2019un verre d\u00e8s 11h (une boisson au collag\u00e8ne pour d\u00e9marrer la journ\u00e9e, 10\u20ac) et des tapas aussi \u00e0 midi.<\/p>\n<p><strong>52, Corniche Kennedy (7e).\u00a0Tous les jours de 17h \u00e0 23h. Jusqu\u2019au 31\u00a0octobre.<\/strong>&#13;\n<\/p>\n<p><img alt=\"Les Bords de Mer\" loading=\"lazy\" decoding=\"async\" data-nimg=\"fill\" class=\" TwicCore_img__i9TC1 undefined  undefined\" style=\"position:absolute;height:100%;width:100%;left:0;top:0;right:0;bottom:0;color:transparent;background-size:cover;background-position:50% 50%;background-repeat:no-repeat;background-image:url(&quot;data:image\/svg+xml;charset=utf-8,%3Csvg xmlns='http:\/\/www.w3.org\/2000\/svg' %3E%3Cfilter id='b' color-interpolation-filters='sRGB'%3E%3CfeGaussianBlur stdDeviation='20'\/%3E%3CfeColorMatrix values='1 0 0 0 0 0 1 0 0 0 0 0 1 0 0 0 0 0 100 -1' result='s'\/%3E%3CfeFlood x='0' y='0' width='100%25' height='100%25'\/%3E%3CfeComposite operator='out' in='s'\/%3E%3CfeComposite in2='SourceGraphic'\/%3E%3CfeGaussianBlur stdDeviation='20'\/%3E%3C\/filter%3E%3Cimage width='100%25' height='100%25' x='0' y='0' preserveAspectRatio='none' style='filter: url(%23b);' href='https:\/\/pictures.laprovence.com\/cdn-cgi\/image\/blur=250\/media\/melody\/2025\/07\/12\/photo-1752313461_7839a515217865c39a51521780049av_.jpg'\/%3E%3C\/svg%3E&quot;)\"   src=\"https:\/\/www.europesays.com\/fr\/wp-content\/uploads\/2025\/07\/photo-1752313461_7839a515217865c39a51521780049av_.jpg\"\/>Les Bords de Mer \/ PHOTO Maki MANOUKIAN2 Le R2, pour les grandes soir\u00e9es clubbing d\u2019\u00e9t\u00e9<\/p>\n<p>Ouvert il y a dix ans, le R2 &#8211; ou Rooftop des Terrasses du Port &#8211; est rapidement devenu le lieu de repli nocturne de la jeunesse dor\u00e9e marseillaise. Avec ses soir\u00e9es th\u00e9matiques et la venue de DJs de renom, il fait danser chaque \u00e9t\u00e9 des milliers de noceurs avec, \u00e0 l\u2019horizon, la M\u00e9diterran\u00e9e \u00e0 perte de vue et les bateaux en partance pour l\u2019\u00cele de Beaut\u00e9. <a href=\"https:\/\/www.laprovence.com\/article\/sortie-loisirs\/70690551141637\/le-r2-rouvre-a-marseille-carte-retravaillee-securite-renforcee-son-nouveau-directeur-devoile-la-saison\" target=\"_blank\" rel=\"noopener\">Cette ann\u00e9e, il b\u00e9n\u00e9ficie d\u2019un nouveau directeur<\/a>, d\u2019un lifting, d\u2019une carte retravaill\u00e9e et d\u2019une nouvelle programmation. Parmi elle, le retour des soir\u00e9es Le Barouf, absentes depuis 8\u00a0ans (le 14\u00a0juillet), la r\u00e9sidence du festival de musique \u00e9lectro Odizia (le 17\u00a0juillet) ou encore le showcase de Gims (le 22\u00a0juillet).<\/p>\n<p><strong>9, quai du Lazaret (2e). Tout le programme sur lerooftopdesterrasses.com.<\/strong>&#13;\n<\/p>\n<p><img alt=\"Le R2.\" loading=\"lazy\" decoding=\"async\" data-nimg=\"fill\" class=\" TwicCore_img__i9TC1 undefined  undefined\" style=\"position:absolute;height:100%;width:100%;left:0;top:0;right:0;bottom:0;color:transparent;background-size:cover;background-position:50% 50%;background-repeat:no-repeat;background-image:url(&quot;data:image\/svg+xml;charset=utf-8,%3Csvg xmlns='http:\/\/www.w3.org\/2000\/svg' %3E%3Cfilter id='b' color-interpolation-filters='sRGB'%3E%3CfeGaussianBlur stdDeviation='20'\/%3E%3CfeColorMatrix values='1 0 0 0 0 0 1 0 0 0 0 0 1 0 0 0 0 0 100 -1' result='s'\/%3E%3CfeFlood x='0' y='0' width='100%25' height='100%25'\/%3E%3CfeComposite operator='out' in='s'\/%3E%3CfeComposite in2='SourceGraphic'\/%3E%3CfeGaussianBlur stdDeviation='20'\/%3E%3C\/filter%3E%3Cimage width='100%25' height='100%25' x='0' y='0' preserveAspectRatio='none' style='filter: url(%23b);' href='https:\/\/pictures.laprovence.com\/cdn-cgi\/image\/blur=250\/media\/melody\/2025\/07\/12\/photo-1752313461_cf95ab9521786c3a5ab95217877a5av_.jpg'\/%3E%3C\/svg%3E&quot;)\"   src=\"https:\/\/www.europesays.com\/fr\/wp-content\/uploads\/2025\/07\/photo-1752313461_cf95ab9521786c3a5ab95217877a5av_.jpg\"\/>Le R2. \/ Photo V.C.3 Le toit de l\u2019h\u00f4tel Herm\u00e8s, pour un rendez-vous confidentiel<\/p>\n<p>C\u2019est l\u2019adresse estivale la plus secr\u00e8te\u00a0: le rooftop de l\u2019h\u00f4tel Herm\u00e8s, derri\u00e8re le Vieux-Port, reprend du service cet \u00e9t\u00e9 pour des ap\u00e9ros avec vue panoramique. Le spot \u00e9tant tr\u00e8s couru (le secret est plus ou moins bien gard\u00e9\u00a0!) et tr\u00e8s petit, il est conseill\u00e9 de venir t\u00f4t pour tenter sa chance. Une fois la capacit\u00e9 maximale atteinte, l\u2019entr\u00e9e, ou plut\u00f4t la mont\u00e9e, vous sera refus\u00e9e. Si c\u2019est votre jour de chance, l\u2019ascension dans les m\u00e9andres de ce petit h\u00f4tel vous portera jusqu\u2019au toit-terrasse simple et intimiste avec une vue \u00e9poustouflante sur le Vieux-Port,<a href=\"https:\/\/www.laprovence.com\/article\/region\/11961845748854\/renovation-de-la-bonne-mere-a-marseille-l-objectif-des-2-8-millions-d-euros-atteint\" target=\"_blank\" rel=\"noopener\"> surplomb\u00e9 par la Bonne M\u00e8re<\/a>. Un cadre d\u00e9tendu et id\u00e9al pour un ap\u00e9ro en amoureux ou entre amis. \u00c0 la carte, des bi\u00e8res marseillaises (7\u20ac) ou du vin du Domaine du Paternel (7\u20ac le verre) mais aussi des cocktails signatures et des tapas. Les incontournables panisses artisanales (9\u20ac) c\u00f4toient des planches (15 \u00e0 25\u20ac) et un duo de tapenades (8\u20ac).<\/p>\n<p><strong>2, rue Bonneterie (2e).\u00a0Du mardi au samedi de 18h \u00e0 23h30.<\/strong>&#13;\n<\/p>\n<p>4 Les R\u00e9form\u00e9s, un lieu de vie sur les toits de la ville<\/p>\n<p>Situ\u00e9 au dernier \u00e9tage du cin\u00e9ma Artplexe, en haut de La Canebi\u00e8re, le restaurant Les R\u00e9form\u00e9s offre une vue rare sur les toits de la ville et sur l\u2019\u00e9glise n\u00e9ogothique du m\u00eame nom. Pour l\u2019atteindre, deux possibilit\u00e9s\u00a0: prendre l\u2019ascenseur par le cin\u00e9ma pendant les horaires d\u2019ouverture de ce dernier ou par les all\u00e9es L\u00e9on-Gambetta. Le lieu, convivial et spacieux, permet de d\u00e9jeuner avec une nouvelle cuisine sign\u00e9e J\u00e9r\u00f4me Caprin (formules de 28 \u00e0 38\u20ac), de d\u00eener ou de venir \u00e0 tout moment de la journ\u00e9e pour un verre ou un caf\u00e9. \u00c0 l\u2019ap\u00e9ro, on pourra opter pour une bi\u00e8re (5 \u00e0 9\u20ac) ou un cocktail (14\u20ac) avec des frites de halloumi sauce yaourt grec \u00e0 la menthe (14\u20ac). Ce spot de quartier rayonne bien au-del\u00e0 de son p\u00e9rim\u00e8tre lors des soir\u00e9es festives du week-end. L\u2019ambiance d\u00e9marre vers 23h pour la salsa le vendredi, les DJ sets de collectifs marseillais (comme Plan\u00e8te 51) le samedi. Sans oublier les aperitivo \u00e0 l\u2019italienne le dimanche. R\u00e9guli\u00e8rement, il accueille aussi les soir\u00e9es de La D\u00e9gaine \u00e0 l\u2019esprit pop et friendly.<\/p>\n<p><strong>125, La Canebi\u00e8re (1er).\u00a0Tous les jours de 11h \u00e0 1h.<\/strong>&#13;\n<\/p>\n<p><img alt=\"Les R\u00e9form\u00e9s.\" loading=\"lazy\" decoding=\"async\" data-nimg=\"fill\" class=\" TwicCore_img__i9TC1 undefined  undefined\" style=\"position:absolute;height:100%;width:100%;left:0;top:0;right:0;bottom:0;color:transparent;background-size:cover;background-position:50% 50%;background-repeat:no-repeat;background-image:url(&quot;data:image\/svg+xml;charset=utf-8,%3Csvg xmlns='http:\/\/www.w3.org\/2000\/svg' %3E%3Cfilter id='b' color-interpolation-filters='sRGB'%3E%3CfeGaussianBlur stdDeviation='20'\/%3E%3CfeColorMatrix values='1 0 0 0 0 0 1 0 0 0 0 0 1 0 0 0 0 0 100 -1' result='s'\/%3E%3CfeFlood x='0' y='0' width='100%25' height='100%25'\/%3E%3CfeComposite operator='out' in='s'\/%3E%3CfeComposite in2='SourceGraphic'\/%3E%3CfeGaussianBlur stdDeviation='20'\/%3E%3C\/filter%3E%3Cimage width='100%25' height='100%25' x='0' y='0' preserveAspectRatio='none' style='filter: url(%23b);' href='https:\/\/pictures.laprovence.com\/cdn-cgi\/image\/blur=250\/media\/melody\/2025\/07\/12\/photo-1752313461_8c0d9e0c21786b01d9e0c2178c41d9v_.jpg'\/%3E%3C\/svg%3E&quot;)\"   src=\"https:\/\/www.europesays.com\/fr\/wp-content\/uploads\/2025\/07\/photo-1752313461_8c0d9e0c21786b01d9e0c2178c41d9v_.jpg\"\/>Les R\u00e9form\u00e9s. \/ Photo Gilles Bader5 Le Sky Rooftop du Cabaret Al\u00e9atoire, pour des f\u00eates \u00e9lectro<\/p>\n<p>Repaire des nuits \u00e9lectro \u00e0 Marseille bas\u00e9 \u00e0 La Friche, le Cabaret Al\u00e9atoire a depuis l\u2019an dernier son adresse estivale, perch\u00e9e sur le toit du campus Biaggi, dans le 3e arrondissement. En mode ap\u00e9ro afterwork et DJ sets, il occupe sa r\u00e9sidence secondaire du mercredi au vendredi, de 18h \u00e0 22h30, jusqu\u2019au 29\u00a0ao\u00fbt. Si le quartier n\u2019est pas un lieu habituel des sorties marseillaises, <a href=\"https:\/\/www.laprovence.com\/article\/culture-loisirs\/6699600920030814\/a-marseille-le-cabaret-aleatoire-prend-de-la-hauteur-et-se-delocalise-au-sky-rooftop\" target=\"_blank\" rel=\"noopener\">le cadre offert par le Sky Rooftop vaut bien le d\u00e9placement<\/a>, avec sa superbe vue sur la baie de Marseille. Surtout, il est un spot intimiste o\u00f9 on trouve de quoi grignoter avec le traiteur Demeyere, tout en \u00e9coutant du bon son. Les DJs invit\u00e9s y ont carte blanche, brassant hip-hop, black music, funk, groove et \u00e9lectro. Prochains rendez-vous avec DJ Djel (le 16\u00a0juillet), Anticlimax (le 17\u00a0juillet) ou encore David Bouts et Anthony Capaldi (le 18\u00a0juillet) pour un pr\u00e9lude au festival Utopia qu\u2019organise le Cabaret Al\u00e9atoire \u00e0 domicile.<\/p>\n<p><strong>6, rue Jospeh Biaggi (3e). Du mercredi au vendredi de 18h \u00e0 22h30. Gratuit, puis 5\u20ac \u00e0 partir de 19h.<\/strong>&#13;\n<\/p>\n<p><img alt=\"Le Cabaret Al\u00e9atoire.\" loading=\"lazy\" decoding=\"async\" data-nimg=\"fill\" class=\" TwicCore_img__i9TC1 undefined  undefined\" style=\"position:absolute;height:100%;width:100%;left:0;top:0;right:0;bottom:0;color:transparent;background-size:cover;background-position:50% 50%;background-repeat:no-repeat;background-image:url(&quot;data:image\/svg+xml;charset=utf-8,%3Csvg xmlns='http:\/\/www.w3.org\/2000\/svg' %3E%3Cfilter id='b' color-interpolation-filters='sRGB'%3E%3CfeGaussianBlur stdDeviation='20'\/%3E%3CfeColorMatrix values='1 0 0 0 0 0 1 0 0 0 0 0 1 0 0 0 0 0 100 -1' result='s'\/%3E%3CfeFlood x='0' y='0' width='100%25' height='100%25'\/%3E%3CfeComposite operator='out' in='s'\/%3E%3CfeComposite in2='SourceGraphic'\/%3E%3CfeGaussianBlur stdDeviation='20'\/%3E%3C\/filter%3E%3Cimage width='100%25' height='100%25' x='0' y='0' preserveAspectRatio='none' style='filter: url(%23b);' href='https:\/\/pictures.laprovence.com\/cdn-cgi\/image\/blur=250\/media\/melody\/2025\/07\/12\/photo-1752313463_4504485c217864904485c21780d044v_.jpg'\/%3E%3C\/svg%3E&quot;)\"   src=\"https:\/\/www.europesays.com\/fr\/wp-content\/uploads\/2025\/07\/photo-1752313463_4504485c217864904485c21780d044v_.jpg\"\/>Le Cabaret Al\u00e9atoire. \/ Photo La Provence6 Ciel, pour manger en t\u00eate-\u00e0-t\u00eate avec la Bonne M\u00e8re<\/p>\n<p>Avec ses ombrages et lampions de guinguette, son long comptoir de bois peint en blanc, ses lustres de paille et sa balan\u00e7oire instagrammable, on pourrait se croire dans une paillote en bord de mer. Et pourtant, Ciel est plus proche de la Bonne M\u00e8re que des rochers de Malmousque. <a href=\"https:\/\/www.laprovence.com\/article\/femina-provence\/6425865\/food-ciel-le-nouveau-restaurant-sur-le-toit-de-marseille.html\" target=\"_blank\" rel=\"noopener\">Nich\u00e9 tout en haut de l\u2019ancien immeuble des Galeries Lafayette<\/a>, rue Saint-Ferr\u00e9ol, il offre une escapade bleu azur au-dessus des toits de brique de la ville. On y vient pour d\u00e9jeuner et d\u00eener de plats simples (p\u00e2tes, salades et pizzas), ou pour prendre un aperitivo italien, car l\u2019effet \u00ab\u00a0waouh\u00a0\u00bb est garanti. La r\u00e9servation se fait en ligne.<\/p>\n<p><strong>17 rue Haxo (1er). Du lundi au dimanche de midi \u00e0 minuit. ciel-rooftop.com.<\/strong>&#13;\n<\/p>\n<p><img alt=\"Ciel.\" loading=\"lazy\" decoding=\"async\" data-nimg=\"fill\" class=\" TwicCore_img__i9TC1 undefined  undefined\" style=\"position:absolute;height:100%;width:100%;left:0;top:0;right:0;bottom:0;color:transparent;background-size:cover;background-position:50% 50%;background-repeat:no-repeat;background-image:url(&quot;data:image\/svg+xml;charset=utf-8,%3Csvg xmlns='http:\/\/www.w3.org\/2000\/svg' %3E%3Cfilter id='b' color-interpolation-filters='sRGB'%3E%3CfeGaussianBlur stdDeviation='20'\/%3E%3CfeColorMatrix values='1 0 0 0 0 0 1 0 0 0 0 0 1 0 0 0 0 0 100 -1' result='s'\/%3E%3CfeFlood x='0' y='0' width='100%25' height='100%25'\/%3E%3CfeComposite operator='out' in='s'\/%3E%3CfeComposite in2='SourceGraphic'\/%3E%3CfeGaussianBlur stdDeviation='20'\/%3E%3C\/filter%3E%3Cimage width='100%25' height='100%25' x='0' y='0' preserveAspectRatio='none' style='filter: url(%23b);' href='https:\/\/pictures.laprovence.com\/cdn-cgi\/image\/blur=250\/media\/melody\/2025\/07\/12\/photo-1752313463_604528cc21786644528cc217848452v_.jpg'\/%3E%3C\/svg%3E&quot;)\"   src=\"https:\/\/www.europesays.com\/fr\/wp-content\/uploads\/2025\/07\/photo-1752313463_604528cc21786644528cc217848452v_.jpg\"\/>Ciel. \/ Photo Val\u00e9rie Vrel7 Le Dant\u00e8s, pour un afterwork chic et cosy<\/p>\n<p>Le panorama de l\u2019h\u00f4tel 5 \u00e9toiles Sofitel Vieux-Port reste un grand classique pour une parenth\u00e8se luxe en plein air. Une fois le lobby de l\u2019h\u00f4tel pass\u00e9, on emprunte l\u2019ascenseur, direction le rooftop skylounge d\u00e9nomm\u00e9 Le Dant\u00e8s. Une vue panoramique embrasse tout le Vieux-Port pour un coucher de soleil romantique. On s\u2019installe dans des fauteuils cosy afin de profiter d\u2019un cocktail accompagn\u00e9 de tapas. \u00c0 la carte, des cr\u00e9ations du barman, une mixture rafra\u00eechissante aux notes d\u2019agrumes, \u00e0 base de vodka, qui r\u00e9pond au nom \u00e9vocateur de \u00ab\u00a0Em\u2019brasse\u2019moi\u00a0!\u00a0\u00bb (22\u20ac), ou encore la \u00ab\u00a0Douceur du Sud\u00a0\u00bb, \u00ab\u00a0sans \u00e9thanol\u00a0\u00bb avec coulis passion et sirop de fraise. C\u00f4t\u00e9 tapas, on pourra partager des gyozas aux l\u00e9gumes et des falafels sauce yaourt (12\u20ac les 6 pi\u00e8ces) ou bien tout simplement des planches (25\u20ac). Un moment suspendu qui fait toujours son effet pour regarder la nuit tomber sur Marseille.<\/p>\n<p><strong>36, bd Charles Livon (7e). Tous les jours de 17h \u00e0 00h30.<\/strong>&#13;\n<\/p>\n<p><img alt=\"Le dant\u00e8s.\" loading=\"lazy\" decoding=\"async\" data-nimg=\"fill\" class=\" TwicCore_img__i9TC1 undefined  undefined\" style=\"position:absolute;height:100%;width:100%;left:0;top:0;right:0;bottom:0;color:transparent;background-size:cover;background-position:50% 50%;background-repeat:no-repeat;background-image:url(&quot;data:image\/svg+xml;charset=utf-8,%3Csvg xmlns='http:\/\/www.w3.org\/2000\/svg' %3E%3Cfilter id='b' color-interpolation-filters='sRGB'%3E%3CfeGaussianBlur stdDeviation='20'\/%3E%3CfeColorMatrix values='1 0 0 0 0 0 1 0 0 0 0 0 1 0 0 0 0 0 100 -1' result='s'\/%3E%3CfeFlood x='0' y='0' width='100%25' height='100%25'\/%3E%3CfeComposite operator='out' in='s'\/%3E%3CfeComposite in2='SourceGraphic'\/%3E%3CfeGaussianBlur stdDeviation='20'\/%3E%3C\/filter%3E%3Cimage width='100%25' height='100%25' x='0' y='0' preserveAspectRatio='none' style='filter: url(%23b);' href='https:\/\/pictures.laprovence.com\/cdn-cgi\/image\/blur=250\/media\/melody\/2025\/07\/12\/photo-1752313464_db46341d21786bf46341d217873563v_.jpg'\/%3E%3C\/svg%3E&quot;)\"   src=\"https:\/\/www.europesays.com\/fr\/wp-content\/uploads\/2025\/07\/photo-1752313464_db46341d21786bf46341d217873563v_.jpg\"\/>Le dant\u00e8s. \/ Photo DR8 Le Massilia Beach, pour faire la f\u00eate avec vue sur le stade V\u00e9lodrome<\/p>\n<p>Au sommet du centre commercial Prado Shopping, dans le 8e arrondissement, la nouvelle \u00e9quipe jeune et dynamique du Massilia Beach accueille, depuis\u00a02022, les Marseillais <a href=\"https:\/\/www.laprovence.com\/article\/femina-provence\/6754656\/marseille-massilia-beach-tea-time-afterworks-soirees-festives-le-rooftop-boheme-du-centre-prado-\" target=\"_blank\" rel=\"noopener\">pour des afterworks perch\u00e9s et des soir\u00e9es festives<\/a>. \u00c0 partir de 19h, install\u00e9s sur des tables hautes en bois, ou dans les fauteuils en bout de rooftop avec vue sur la vague olympienne du stade V\u00e9lodrome, les habitu\u00e9s et la client\u00e8le de passage prennent l\u2019ap\u00e9ro. Cocktails classiques (12\u20ac), carte de tapas vari\u00e9s avec des brochettes de saumon mi-cuit marin\u00e9 (18\u20ac), frites au cheddar (8\u20ac) ou planche mixte traditionnelle (22\u20ac) agr\u00e9mentent l\u2019afterwork. C\u2019est \u00e0 22h que l\u2019ambiance prend un autre tournant avec des DJ sets en live (originaires de Marseille et de Montpellier par exemple). Le rooftop se transforme alors en dancefloor jusqu\u2019\u00e0 2h du matin. Au programme \u00e9galement\u00a0: des soir\u00e9es th\u00e9matiques comme la Pyjama Party \u00e0 la d\u00e9co hyper girly ce soir ou encore la Beach Party avec sa cascade de bou\u00e9es multicolores le 26\u00a0juillet prochain (entr\u00e9e 15\u20ac sur Shotgun).<\/p>\n<p><strong>Centre commercial Prado Shopping, 41 bd Michelet 8e. Du lundi au samedi de 19h \u00e0 2h.<\/strong>&#13;\n<\/p>\n<p><img alt=\"Le Massilia Beach.\" loading=\"lazy\" decoding=\"async\" data-nimg=\"fill\" class=\" TwicCore_img__i9TC1 undefined  undefined\" style=\"position:absolute;height:100%;width:100%;left:0;top:0;right:0;bottom:0;color:transparent;background-size:cover;background-position:50% 50%;background-repeat:no-repeat;background-image:url(&quot;data:image\/svg+xml;charset=utf-8,%3Csvg xmlns='http:\/\/www.w3.org\/2000\/svg' %3E%3Cfilter id='b' color-interpolation-filters='sRGB'%3E%3CfeGaussianBlur stdDeviation='20'\/%3E%3CfeColorMatrix values='1 0 0 0 0 0 1 0 0 0 0 0 1 0 0 0 0 0 100 -1' result='s'\/%3E%3CfeFlood x='0' y='0' width='100%25' height='100%25'\/%3E%3CfeComposite operator='out' in='s'\/%3E%3CfeComposite in2='SourceGraphic'\/%3E%3CfeGaussianBlur stdDeviation='20'\/%3E%3C\/filter%3E%3Cimage width='100%25' height='100%25' x='0' y='0' preserveAspectRatio='none' style='filter: url(%23b);' href='https:\/\/pictures.laprovence.com\/cdn-cgi\/image\/blur=250\/media\/melody\/2025\/07\/12\/photo-1752313465_ffb2e04d21786f3c2e04d2178d7c2ev_.jpg'\/%3E%3C\/svg%3E&quot;)\"   src=\"https:\/\/www.europesays.com\/fr\/wp-content\/uploads\/2025\/07\/photo-1752313465_ffb2e04d21786f3c2e04d2178d7c2ev_.jpg\"\/>Le Massilia Beach. \/ Photo Philippe Laurenson9 Le Rowing Club, pour d\u00e9jeuner, d\u00eener, faire l\u2019ap\u00e9ro et m\u00eame bruncher<\/p>\n<p>Le rooftop du Rowing Club est ouvert tous les jours en \u00e9t\u00e9 et s\u2019adresse \u00e0 tous, le midi comme le soir. Pour un d\u00e9jeuner avec vue panoramique sur le Vieux-Port, le fort Saint-Jean, le Mucem et la M\u00e9diterran\u00e9e. Mais aussi pour un ap\u00e9ro d\u00eenatoire ou un d\u00eener (plancha de seiches en persillade 19\u20ac, duo de gravlax de daurade et de truite fum\u00e9e 23\u20ac) et pour siroter des cocktails (10-14\u20ac). Le tout avec des DJ sets en live, ou des soir\u00e9es festives organis\u00e9es par des collectifs marseillais du jeudi au samedi. Tandis que certains lundis soir (les 21\u00a0juillet, 28\u00a0juillet et 4\u00a0ao\u00fbt), un comedy club investit les lieux avec cinq humoristes programm\u00e9s sur une sc\u00e8ne \u00e9ph\u00e9m\u00e8re. Pour du rire avec vue. Enfin le dimanche, pour tous ceux qui cherchent une adresse de brunch estivale et gourmande, direction le Rowing encore avec deux services, l\u2019un \u00e0 10h45 et l\u2019autre \u00e0 13h15 pour les l\u00e8ve-tard, afin de profiter d\u2019un buffet \u00e0 volont\u00e9 (39\u20ac).<\/p>\n<p><strong>34, bd Charles Livon, 7e. 7j\/7 de 12h \u00e0 14h et de 19h \u00e0 23h. Instagram rowingclub_marseille.<\/strong>&#13;\n<\/p>\n<p><img alt=\"Le Rowing Club.\" loading=\"lazy\" decoding=\"async\" data-nimg=\"fill\" class=\" TwicCore_img__i9TC1 undefined  undefined\" style=\"position:absolute;height:100%;width:100%;left:0;top:0;right:0;bottom:0;color:transparent;background-size:cover;background-position:50% 50%;background-repeat:no-repeat;background-image:url(&quot;data:image\/svg+xml;charset=utf-8,%3Csvg xmlns='http:\/\/www.w3.org\/2000\/svg' %3E%3Cfilter id='b' color-interpolation-filters='sRGB'%3E%3CfeGaussianBlur stdDeviation='20'\/%3E%3CfeColorMatrix values='1 0 0 0 0 0 1 0 0 0 0 0 1 0 0 0 0 0 100 -1' result='s'\/%3E%3CfeFlood x='0' y='0' width='100%25' height='100%25'\/%3E%3CfeComposite operator='out' in='s'\/%3E%3CfeComposite in2='SourceGraphic'\/%3E%3CfeGaussianBlur stdDeviation='20'\/%3E%3C\/filter%3E%3Cimage width='100%25' height='100%25' x='0' y='0' preserveAspectRatio='none' style='filter: url(%23b);' href='https:\/\/pictures.laprovence.com\/cdn-cgi\/image\/blur=250\/media\/melody\/2025\/07\/12\/photo-1752313466_0e39287d217865249287d217846492v_.jpg'\/%3E%3C\/svg%3E&quot;)\"   src=\"https:\/\/www.europesays.com\/fr\/wp-content\/uploads\/2025\/07\/photo-1752313466_0e39287d217865249287d217846492v_.jpg\"\/>Le Rowing Club. \/ Photo Fr\u00e9d\u00e9ric Speich10 Au 30e \u00e9tage de la tour La Marseillaise, d\u00e9couvrez la ville depuis le nouveau Sky Center<\/p>\n<p>\u00c0 partir d\u2019aujourd\u2019hui, le rooftop du gratte-ciel marseillais imagin\u00e9 par Jean Nouvel, <a href=\"https:\/\/www.laprovence.com\/article\/economie\/31799516686185\/le-sky-center-rooftop-de-la-tour-la-marseillaise-souvre-au-public\" target=\"_blank\" rel=\"noopener\">est ouvert au public tous les jours<\/a>. Avec cependant un billet payant de 17\u20ac en journ\u00e9e et 20\u20ac pour le coucher de soleil. Pens\u00e9e comme une exp\u00e9rience immersive, la visite de la terrasse la plus haute de la ville, \u00e0 135\u00a0m de haut, permet de d\u00e9couvrir les points d\u2019int\u00e9r\u00eat de la cit\u00e9 phoc\u00e9enne, de l\u2019Estaque au V\u00e9lodrome, sous le regard de la Bonne M\u00e8re. Une chasse aux tr\u00e9sors interactive a aussi \u00e9t\u00e9 con\u00e7ue pour les enfants. En plus de cet aspect touristique, le Sky Center offre la possibilit\u00e9 de boire un cocktail (de 12 \u00e0 17\u20ac) et de manger des tapas (avec des noms de chansons made in Marseille comme Je danse le mia alias les panisses de l\u2019Estaque et leur mayonnaise au fenouil, 9\u20ac) tout en admirant le coucher de soleil trois soirs par semaine. On d\u00e9ambule sur la terrasse, et m\u00eame si on est sujet au vertige, pas d\u2019inqui\u00e9tude, la vue n\u2019est vertigineuse que par sa beaut\u00e9\u00a0!<\/p>\n<p><strong>2 bis bd Eurom\u00e9diterran\u00e9e (2e). Tous les jours jusqu\u2019au 24\u00a0ao\u00fbt. skycenter-marseille.com.<\/strong>&#13;\n<\/p>\n<p><img alt=\"Le Sky Center\" loading=\"lazy\" decoding=\"async\" data-nimg=\"fill\" class=\" TwicCore_img__i9TC1 undefined  undefined\" style=\"position:absolute;height:100%;width:100%;left:0;top:0;right:0;bottom:0;color:transparent;background-size:cover;background-position:50% 50%;background-repeat:no-repeat;background-image:url(&quot;data:image\/svg+xml;charset=utf-8,%3Csvg xmlns='http:\/\/www.w3.org\/2000\/svg' %3E%3Cfilter id='b' color-interpolation-filters='sRGB'%3E%3CfeGaussianBlur stdDeviation='20'\/%3E%3CfeColorMatrix values='1 0 0 0 0 0 1 0 0 0 0 0 1 0 0 0 0 0 100 -1' result='s'\/%3E%3CfeFlood x='0' y='0' width='100%25' height='100%25'\/%3E%3CfeComposite operator='out' in='s'\/%3E%3CfeComposite in2='SourceGraphic'\/%3E%3CfeGaussianBlur stdDeviation='20'\/%3E%3C\/filter%3E%3Cimage width='100%25' height='100%25' x='0' y='0' preserveAspectRatio='none' style='filter: url(%23b);' href='https:\/\/pictures.laprovence.com\/cdn-cgi\/image\/blur=250\/media\/melody\/2025\/07\/12\/photo-1752313467_52e2d5ad2178636e2d5ad21781ae2dv_.jpg'\/%3E%3C\/svg%3E&quot;)\"   src=\"https:\/\/www.europesays.com\/fr\/wp-content\/uploads\/2025\/07\/photo-1752313467_52e2d5ad2178636e2d5ad21781ae2dv_.jpg\"\/>Le Sky Center \/ PHOTO S\u00e9bastien DELARQUE<\/p>\n<p>Et aussi&#13;\n<\/p>\n<p>Limone, un nouveau rooftop pour danser tout l\u2019\u00e9t\u00e9 \u00e0 La Ciotat<\/p>\n<p>Perch\u00e9 sur les hauteurs de La Ciotat, \u00e0 c\u00f4t\u00e9 du centre commercial Ancre Marine et au sommet du multiplexe \u00ab\u00a0Le Spot\u00a0\u00bb, le rooftop Limone a ouvert ses portes au mois de juin. Plus de 1 000m2 et une nouvelle adresse festive pour des soir\u00e9es clubbing en plein air (ou dans l\u2019immense salle climatis\u00e9e, au choix). Dans une d\u00e9co estivale acidul\u00e9e et citronn\u00e9e, sous des \u00e9tendages o\u00f9 flottent bikinis, shorts de bain et serviettes de plage, en clin d\u2019\u0153il au style de vie m\u00e9diterran\u00e9en, on sirote des cocktails maison (15\u20ac). Le \u00ab\u00a0Passion Smash\u00a0\u00bb (\u00e0 base d\u2019amaretto et citron vert) ou le \u00ab\u00a0Berrylicious\u00a0\u00bb (avec vodka et framboises fra\u00eeches) s\u2019accompagnent de plats \u00e0 partager aux accents italiens\u00a0: arancini \u00e0 la truffe (19\u20ac), petites pizzas (15-19\u20ac). Pour ceux qui veulent vraiment s\u2019installer \u00e0 table pour d\u00eener, la carte propose aussi des plats de viande et de p\u00e2tes. Niveau ambiance, le volume sonore est d\u00e9j\u00e0 install\u00e9 d\u00e8s 19h et se poursuit avec un line up de DJs locaux de Marseille \u00e0 Toulon. Sans oublier les cours de bachata le mardi soir et les dimanches disco et ann\u00e9es\u00a080 avec une client\u00e8le plus \u00e2g\u00e9e. Des soir\u00e9es th\u00e9matiques, comme les soir\u00e9es blanches, ou encore la venue d\u2019artistes musicaux sont pr\u00e9vues au fil de l\u2019\u00e9t\u00e9.<\/p>\n<p><strong>756, avenue \u00c9mile-Bodin \u00e0 La Ciotat. Du mardi au dimanche. De 19h \u00e0 3h. Entr\u00e9e gratuite avant 22h.<\/strong>&#13;\n<\/p>\n<p>Vue panoramique sur Cassis \u00e0 l\u2019h\u00f4tel Liautaud<\/p>\n<p>L\u2019institution install\u00e9e sur le port de Cassis est devenue depuis sa r\u00e9novation et sa r\u00e9ouverture l\u2019\u00e9t\u00e9 dernier, un \u00e9crin design, chic et moderne. La d\u00e9co \u00e9pur\u00e9e et min\u00e9rale \u00e0 l\u2019int\u00e9rieur nous replonge dans la dolce vita proven\u00e7ale des ann\u00e9es\u00a050. Tandis que le toit-terrasse au mobilier cosy offre un panorama unique sur le port de Cassis pour l\u2019ap\u00e9ro au coucher de soleil. On y d\u00e9guste des vins locaux (\u00e0 partir de 11\u20ac le verre) ou des recettes de cocktails (19\u20ac) qui rendent hommage aux figures cassidaines, comme \u00ab\u00a0Calendal\u00a0\u00bb, le h\u00e9ros et p\u00eacheur de Fr\u00e9d\u00e9ric Mistral (pour un cocktail \u00e0 base de gin, sirop maison de basilic et p\u00eache, jus de pomme et citron). C\u00f4t\u00e9 tapas, l\u2019offre s\u2019\u00e9largit cet \u00e9t\u00e9 avec des assiettes de charcuterie ou de fromages (23\u20ac) ou encore une planche de M\u00e9diterran\u00e9e (26\u20ac). Nouveaut\u00e9 aussi de cette saison\u00a0: des soir\u00e9es musicales (live piano-voix le 17\u00a0juillet, soir\u00e9e corse le 24\u00a0juillet, soir\u00e9e italienne le 31\u00a0juillet).<\/p>\n<p><strong>Rue Marcel Barth\u00e9l\u00e9my \u00e0 Cassis. Tous les soirs sauf le mardi. hotelliautaudcassis.com.<\/strong><\/p>\n","protected":false},"excerpt":{"rendered":"1 Les Bords de Mer, pour un ap\u00e9ro aux airs de vacances Le rooftop de l\u2019h\u00f4tel Les Bords&hellip;\n","protected":false},"author":2,"featured_media":244655,"comment_status":"","ping_status":"","sticky":false,"template":"","format":"standard","meta":{"footnotes":""},"categories":[2814],"tags":[17,1111,11,154,1777,674,1011,27,9692,2831,884,12,14455,471,882,25,38437,1650],"class_list":{"0":"post-244654","1":"post","2":"type-post","3":"status-publish","4":"format-standard","5":"has-post-thumbnail","7":"category-marseille","8":"tag-17","9":"tag-actu","10":"tag-actualites","11":"tag-des","12":"tag-eu","13":"tag-europe","14":"tag-fr","15":"tag-france","16":"tag-lieux","17":"tag-loisirs-traditions","18":"tag-marseille","19":"tag-news","20":"tag-notre","21":"tag-pour","22":"tag-provence-alpes-cote-dazur","23":"tag-republique-francaise","24":"tag-rooftops","25":"tag-selection"},"share_on_mastodon":{"url":"https:\/\/pubeurope.com\/@fr\/114839712564230928","error":""},"_links":{"self":[{"href":"https:\/\/www.europesays.com\/fr\/wp-json\/wp\/v2\/posts\/244654","targetHints":{"allow":["GET"]}}],"collection":[{"href":"https:\/\/www.europesays.com\/fr\/wp-json\/wp\/v2\/posts"}],"about":[{"href":"https:\/\/www.europesays.com\/fr\/wp-json\/wp\/v2\/types\/post"}],"author":[{"embeddable":true,"href":"https:\/\/www.europesays.com\/fr\/wp-json\/wp\/v2\/users\/2"}],"replies":[{"embeddable":true,"href":"https:\/\/www.europesays.com\/fr\/wp-json\/wp\/v2\/comments?post=244654"}],"version-history":[{"count":0,"href":"https:\/\/www.europesays.com\/fr\/wp-json\/wp\/v2\/posts\/244654\/revisions"}],"wp:featuredmedia":[{"embeddable":true,"href":"https:\/\/www.europesays.com\/fr\/wp-json\/wp\/v2\/media\/244655"}],"wp:attachment":[{"href":"https:\/\/www.europesays.com\/fr\/wp-json\/wp\/v2\/media?parent=244654"}],"wp:term":[{"taxonomy":"category","embeddable":true,"href":"https:\/\/www.europesays.com\/fr\/wp-json\/wp\/v2\/categories?post=244654"},{"taxonomy":"post_tag","embeddable":true,"href":"https:\/\/www.europesays.com\/fr\/wp-json\/wp\/v2\/tags?post=244654"}],"curies":[{"name":"wp","href":"https:\/\/api.w.org\/{rel}","templated":true}]}}