{"id":244680,"date":"2025-07-12T10:20:14","date_gmt":"2025-07-12T10:20:14","guid":{"rendered":"https:\/\/www.europesays.com\/fr\/244680\/"},"modified":"2025-07-12T10:20:14","modified_gmt":"2025-07-12T10:20:14","slug":"motogp-allemagne-q2-marc-marquez-en-pole-jai-pousse-un-peu-mais-parce-que-je-le-sentais","status":"publish","type":"post","link":"https:\/\/www.europesays.com\/fr\/244680\/","title":{"rendered":"MotoGP, Allemagne Q2, Marc M\u00e1rquez en pole : \u00ab\u00a0J&rsquo;ai pouss\u00e9 un peu mais parce que je le sentais\u00a0\u00bb"},"content":{"rendered":"<p><strong>Marc M\u00e1rquez a d\u00fb prendre des risques pour d\u00e9crocher la<br \/>\npole position, qu\u2019il estime toutefois limit\u00e9s car il avait la<br \/>\nsituation sous contr\u00f4le.<\/strong><\/p>\n<p>C\u2019est sous une pluie battante que <strong>Marc M\u00e1rquez<\/strong><br \/>\na \u00e9t\u00e9 d\u00e9crocher sa septi\u00e8me pole position de la saison. D\u00e9j\u00e0 ce<br \/>\nmatin, lors des FP2, il avait r\u00e9alis\u00e9 le meilleur temps sur le<br \/>\nmouill\u00e9 et \u00e9tait logiquement favori pour les qualifications, sur le<br \/>\ncircuit du Sachsenring o\u00f9 ses statistiques de succ\u00e8s affolent les<br \/>\ncompteurs.<\/p>\n<p>\u00c0\u00a0l\u2019entame de la Q2, il a imm\u00e9diatement men\u00e9 la s\u00e9ance, et<br \/>\ns\u2019est m\u00eame fait une grosse chaleur avant d\u2019aller \u00e9tablir un chrono<br \/>\nqui semblait difficilement atteignable pour ses adversaires, le<br \/>\nsecond \u00e9tant alors rel\u00e9gu\u00e9 \u00e0 neuf dixi\u00e8mes. Toutefois, Johann Zarco<br \/>\nou encore Marco Bezzecchi ont gagn\u00e9 en rythme et se sont<br \/>\nprogressivement rapproch\u00e9s, ce qui a contraint le num\u00e9ro #93 \u00e0 se<br \/>\nrelancer pour conserver sa pole position.<\/p>\n<p>Le Fran\u00e7ais a m\u00eame entrevu la possibilit\u00e9 de la lui prendre,<br \/>\nmais le pilote espagnol a eu le dernier mot pour un dixi\u00e8me.<br \/>\n\u00ab\u00a0J\u2019\u00e9tais de plus en plus chaud et puis je me suis fait<br \/>\nune chaleur au virage 11. Quand j\u2019ai pass\u00e9 la ligne avec ce 1\u203328\u20190,<br \/>\nje me suis dit \u2018ok, maintenant du calme, l\u2019objectif de la premi\u00e8re<br \/>\nligne est atteint\u2019 ou du moins c\u2019est ce que je pensais\u00a0\u00bb,<br \/>\na expliqu\u00e9 <strong>M\u00e1rquez<\/strong> \u00e0 chaud au micro de <a href=\"https:\/\/www.motogp.com\/fr\" rel=\"nofollow noopener\" target=\"_blank\">MotoGP.com<\/a>.<\/p>\n<p>\u00ab\u00a0Mais ensuite j\u2019ai vu sur les \u00e9crans quelques casques<br \/>\nrouges, j\u2019ai aussi vu sur mon panneau que le chrono du deuxi\u00e8me<br \/>\n\u00e9tait de plus en plus proche. J\u2019ai donc pouss\u00e9 un peu mais parce<br \/>\nque je le sentais. Je sentais que je pouvais le<br \/>\nfaire.\u00a0\u00bb<\/p>\n<p>La pluie devrait se maintenir pour la course sprint, dont le<br \/>\nd\u00e9part sera donn\u00e9 \u00e0 15h. Le num\u00e9ro #93 d\u00e9crochera-t-il sa dixi\u00e8me<br \/>\nvictoire sur les 11 courses disput\u00e9es ?<\/p>\n<p><strong>R\u00e9sultats des <a href=\"https:\/\/www.paddock-gp.com\/motogp-allemagne-qualifications\/\" target=\"_blank\" rel=\"noopener nofollow\">qualifications<\/a> du Grand Prix<br \/>\nd\u2019Allemagne :<\/strong><\/p>\n<p><img loading=\"lazy\" decoding=\"async\" class=\"aligncenter size-full wp-image-1308815\" src=\"https:\/\/www.europesays.com\/fr\/wp-content\/uploads\/2025\/07\/Capture-decran-2025-07-12-121059.png\" alt=\"qualifications Allemagne\" width=\"793\" height=\"527\"  \/><\/p>\n<p>Cr\u00e9dit classement : <a href=\"https:\/\/www.motogp.com\/fr\" rel=\"nofollow noopener\" target=\"_blank\">MotoGP.com<\/a><\/p>\n","protected":false},"excerpt":{"rendered":"Marc M\u00e1rquez a d\u00fb prendre des risques pour d\u00e9crocher la pole position, qu\u2019il estime toutefois limit\u00e9s car il&hellip;\n","protected":false},"author":2,"featured_media":244681,"comment_status":"","ping_status":"","sticky":false,"template":"","format":"standard","meta":{"footnotes":""},"categories":[1587],"tags":[11,672,1804,1805,1803,1777,674,1801,12,1802],"class_list":{"0":"post-244680","1":"post","2":"type-post","3":"status-publish","4":"format-standard","5":"has-post-thumbnail","7":"category-allemagne","8":"tag-actualites","9":"tag-allemagne","10":"tag-bundesrepublik-deutschland","11":"tag-de","12":"tag-deutschland","13":"tag-eu","14":"tag-europe","15":"tag-germany","16":"tag-news","17":"tag-republique-federale-dallemagne"},"share_on_mastodon":{"url":"https:\/\/pubeurope.com\/@fr\/114839763554103690","error":""},"_links":{"self":[{"href":"https:\/\/www.europesays.com\/fr\/wp-json\/wp\/v2\/posts\/244680","targetHints":{"allow":["GET"]}}],"collection":[{"href":"https:\/\/www.europesays.com\/fr\/wp-json\/wp\/v2\/posts"}],"about":[{"href":"https:\/\/www.europesays.com\/fr\/wp-json\/wp\/v2\/types\/post"}],"author":[{"embeddable":true,"href":"https:\/\/www.europesays.com\/fr\/wp-json\/wp\/v2\/users\/2"}],"replies":[{"embeddable":true,"href":"https:\/\/www.europesays.com\/fr\/wp-json\/wp\/v2\/comments?post=244680"}],"version-history":[{"count":0,"href":"https:\/\/www.europesays.com\/fr\/wp-json\/wp\/v2\/posts\/244680\/revisions"}],"wp:featuredmedia":[{"embeddable":true,"href":"https:\/\/www.europesays.com\/fr\/wp-json\/wp\/v2\/media\/244681"}],"wp:attachment":[{"href":"https:\/\/www.europesays.com\/fr\/wp-json\/wp\/v2\/media?parent=244680"}],"wp:term":[{"taxonomy":"category","embeddable":true,"href":"https:\/\/www.europesays.com\/fr\/wp-json\/wp\/v2\/categories?post=244680"},{"taxonomy":"post_tag","embeddable":true,"href":"https:\/\/www.europesays.com\/fr\/wp-json\/wp\/v2\/tags?post=244680"}],"curies":[{"name":"wp","href":"https:\/\/api.w.org\/{rel}","templated":true}]}}