{"id":244682,"date":"2025-07-12T10:21:11","date_gmt":"2025-07-12T10:21:11","guid":{"rendered":"https:\/\/www.europesays.com\/fr\/244682\/"},"modified":"2025-07-12T10:21:11","modified_gmt":"2025-07-12T10:21:11","slug":"france-inter-rtl-europe-1-nos-10-coups-de-coeur-radio-de-lete","status":"publish","type":"post","link":"https:\/\/www.europesays.com\/fr\/244682\/","title":{"rendered":"France Inter, RTL, Europe\u00a01\u2026 Nos\u00a010 coups de c\u0153ur radio de l\u2019\u00e9t\u00e9"},"content":{"rendered":"<p class=\"paragraph text_align_left lp-f-body-02\"><b>\u00ab Canicule sentimentale \u00bb du lundi au vendredi \u00e0 8h55, sur France Inter (3 minutes).<\/b> Raconter ses vacances en messages vocaux.<b> <\/b>C\u2019est l\u2019id\u00e9e de cette s\u00e9rie de 10 \u00e9pisodes, incarn\u00e9e par les humoristes chroniqueurs <a href=\"https:\/\/www.leparisien.fr\/culture-loisirs\/humour\/quand-on-est-harcele-on-se-croit-tout-seul-jesse-lhumoriste-qui-brise-les-non-dits-avec-panache-23-12-2024-CQX6WPYUJZE5TFMJHIDCJNJTD4.php\" target=\"_blank\" rel=\"noreferrer nofollow noopener\">Jess\u00e9 <\/a>et <a href=\"https:\/\/www.leparisien.fr\/culture-loisirs\/humour\/la-maternite-une-arnaque-complete-le-succes-fou-de-marine-leonardi-la-maman-la-plus-drole-de-france-12-06-2025-DTAXKLNGNNHSHJ4UCV6KCIJXPM.php\" target=\"_blank\" rel=\"noreferrer nofollow noopener\">Marine L\u00e9onardi<\/a>. L\u2019\u00e9mission nous plonge dans les petits tracas de deux amis pendant la saison estivale. Entre la charge mentale d\u2019une m\u00e8re de famille et la vie d\u2019un jeune c\u00e9libataire, ce ping-pong vocal narre les probl\u00e8mes du quotidien avec d\u00e9rision et l\u00e9g\u00e8ret\u00e9.<\/p>\n","protected":false},"excerpt":{"rendered":"\u00ab Canicule sentimentale \u00bb du lundi au vendredi \u00e0 8h55, sur France Inter (3 minutes). Raconter ses vacances&hellip;\n","protected":false},"author":2,"featured_media":244683,"comment_status":"","ping_status":"","sticky":false,"template":"","format":"standard","meta":{"footnotes":""},"categories":[1586],"tags":[11,872,1777,674,1011,27,12,25,2205],"class_list":{"0":"post-244682","1":"post","2":"type-post","3":"status-publish","4":"format-standard","5":"has-post-thumbnail","7":"category-europe","8":"tag-actualites","9":"tag-culture-et-loisirs","10":"tag-eu","11":"tag-europe","12":"tag-fr","13":"tag-france","14":"tag-news","15":"tag-republique-francaise","16":"tag-television-medias"},"share_on_mastodon":{"url":"https:\/\/pubeurope.com\/@fr\/114839767187924033","error":""},"_links":{"self":[{"href":"https:\/\/www.europesays.com\/fr\/wp-json\/wp\/v2\/posts\/244682","targetHints":{"allow":["GET"]}}],"collection":[{"href":"https:\/\/www.europesays.com\/fr\/wp-json\/wp\/v2\/posts"}],"about":[{"href":"https:\/\/www.europesays.com\/fr\/wp-json\/wp\/v2\/types\/post"}],"author":[{"embeddable":true,"href":"https:\/\/www.europesays.com\/fr\/wp-json\/wp\/v2\/users\/2"}],"replies":[{"embeddable":true,"href":"https:\/\/www.europesays.com\/fr\/wp-json\/wp\/v2\/comments?post=244682"}],"version-history":[{"count":0,"href":"https:\/\/www.europesays.com\/fr\/wp-json\/wp\/v2\/posts\/244682\/revisions"}],"wp:featuredmedia":[{"embeddable":true,"href":"https:\/\/www.europesays.com\/fr\/wp-json\/wp\/v2\/media\/244683"}],"wp:attachment":[{"href":"https:\/\/www.europesays.com\/fr\/wp-json\/wp\/v2\/media?parent=244682"}],"wp:term":[{"taxonomy":"category","embeddable":true,"href":"https:\/\/www.europesays.com\/fr\/wp-json\/wp\/v2\/categories?post=244682"},{"taxonomy":"post_tag","embeddable":true,"href":"https:\/\/www.europesays.com\/fr\/wp-json\/wp\/v2\/tags?post=244682"}],"curies":[{"name":"wp","href":"https:\/\/api.w.org\/{rel}","templated":true}]}}