{"id":244694,"date":"2025-07-12T10:27:11","date_gmt":"2025-07-12T10:27:11","guid":{"rendered":"https:\/\/www.europesays.com\/fr\/244694\/"},"modified":"2025-07-12T10:27:11","modified_gmt":"2025-07-12T10:27:11","slug":"kevin-kobrine-double-k-et-double-menace-pour-lalterna-stade-poitevin","status":"publish","type":"post","link":"https:\/\/www.europesays.com\/fr\/244694\/","title":{"rendered":"Kevin Kobrine, double K et double menace pour l\u2019Alterna Stade Poitevin"},"content":{"rendered":"<p>Apr\u00e8s le double J, le double K. Si Jonathan Jeanne avait enflamm\u00e9 la salle Jean-Pierre-Garnier sous le maillot du PB 86, Kevin Kobrine va tenter d\u2019en faire de m\u00eame \u00e0 Lawson-Body sous les couleurs de l\u2019Alterna Stade Poitevin la saison prochaine. Le pointu de 25\u00a0ans, dont l\u2019arriv\u00e9e a \u00e9t\u00e9 officialis\u00e9e par le club poitevin ce vendredi, ne devrait pas se contenter d\u2019\u00eatre connu simplement pour ses initiales. Si le natif de Newport Beach d\u00e9barque \u00e0 Poitiers, c\u2019est bien pour se faire un nom dans le championnat de France, m\u00eame s\u2019il devrait avoir le statut de doublure de Dusan Nikolic&#8230;. <\/p>\n<p>    Cet article a \u00e9t\u00e9 tronqu\u00e9. Abonnez-vous pour lire l&rsquo;article complet sur notre site.<\/p>\n<p style=\"margin: 0 !important; padding: 0 !important; font-size: 12px !important;\">Cet article a \u00e9t\u00e9 tronqu\u00e9. Abonnez-vous pour lire l&rsquo;article complet.<\/p>\n<p>    <a href=\"https:\/\/www.lanouvellerepublique.fr\/abonnements\" style=\"display: inline-block; margin-top: 5px !important; padding: 6px 12px !important; background: #cb1c27; color: white; text-decoration: none; border-radius: 4px; font-size: 12px !important;\" target=\"_blank\" rel=\"noopener\"><br \/>\n      S&rsquo;abonner<br \/>\n    <\/a><\/p>\n","protected":false},"excerpt":{"rendered":"Apr\u00e8s le double J, le double K. Si Jonathan Jeanne avait enflamm\u00e9 la salle Jean-Pierre-Garnier sous le maillot&hellip;\n","protected":false},"author":2,"featured_media":244695,"comment_status":"","ping_status":"","sticky":false,"template":"","format":"standard","meta":{"footnotes":""},"categories":[1417],"tags":[1392,1654,1011,27,1655,1653,60,1584,1470,1469],"class_list":{"0":"post-244694","1":"post","2":"type-post","3":"status-publish","4":"format-standard","5":"has-post-thumbnail","7":"category-volley","8":"tag-a-la-une-local","9":"tag-alterna-stade-poitevin-volley-ball","10":"tag-fr","11":"tag-france","12":"tag-ligue-a","13":"tag-poitiers","14":"tag-sports","15":"tag-vienne","16":"tag-volley","17":"tag-volleyball"},"share_on_mastodon":{"url":"https:\/\/pubeurope.com\/@fr\/114839790821633986","error":""},"_links":{"self":[{"href":"https:\/\/www.europesays.com\/fr\/wp-json\/wp\/v2\/posts\/244694","targetHints":{"allow":["GET"]}}],"collection":[{"href":"https:\/\/www.europesays.com\/fr\/wp-json\/wp\/v2\/posts"}],"about":[{"href":"https:\/\/www.europesays.com\/fr\/wp-json\/wp\/v2\/types\/post"}],"author":[{"embeddable":true,"href":"https:\/\/www.europesays.com\/fr\/wp-json\/wp\/v2\/users\/2"}],"replies":[{"embeddable":true,"href":"https:\/\/www.europesays.com\/fr\/wp-json\/wp\/v2\/comments?post=244694"}],"version-history":[{"count":0,"href":"https:\/\/www.europesays.com\/fr\/wp-json\/wp\/v2\/posts\/244694\/revisions"}],"wp:featuredmedia":[{"embeddable":true,"href":"https:\/\/www.europesays.com\/fr\/wp-json\/wp\/v2\/media\/244695"}],"wp:attachment":[{"href":"https:\/\/www.europesays.com\/fr\/wp-json\/wp\/v2\/media?parent=244694"}],"wp:term":[{"taxonomy":"category","embeddable":true,"href":"https:\/\/www.europesays.com\/fr\/wp-json\/wp\/v2\/categories?post=244694"},{"taxonomy":"post_tag","embeddable":true,"href":"https:\/\/www.europesays.com\/fr\/wp-json\/wp\/v2\/tags?post=244694"}],"curies":[{"name":"wp","href":"https:\/\/api.w.org\/{rel}","templated":true}]}}