{"id":244696,"date":"2025-07-12T10:28:10","date_gmt":"2025-07-12T10:28:10","guid":{"rendered":"https:\/\/www.europesays.com\/fr\/244696\/"},"modified":"2025-07-12T10:28:10","modified_gmt":"2025-07-12T10:28:10","slug":"coupe-du-monde-u20-a-quelle-heure-et-sur-quelle-chaine-suivre-la-demi-finale-france-nouvelle-zelande-lequipe","status":"publish","type":"post","link":"https:\/\/www.europesays.com\/fr\/244696\/","title":{"rendered":"Coupe du monde U20 : \u00e0 quelle heure et sur quelle cha\u00eene suivre la demi-finale France &#8211; Nouvelle-Z\u00e9lande ? &#8211; L&#039;\u00c9quipe"},"content":{"rendered":"<ol>\n<li><a href=\"https:\/\/news.google.com\/rss\/articles\/CBMi3wFBVV95cUxNNzRxdWxpajlERkU2bjlnVXFmeFo1bDVtQjhYZjhLTTNTSlp2a2kxT2tVeXEydm93RTlIOUNfNEtINnVVQXlNZHcxVjlRQXg3ZlEyaGduQVFndlN0LUZEZTRCYnlMYzFwMC1GMGJ3S294MGt5Uk5QMEZKQmNsNGdqN0U1Y3htbVpDYk93aklEVm1yMkJDOU1DQVhsU2VKOU1nOVhUZlgtTXl2dDhFejEzbmpJZHBtVndEUFJNdF9FRXRYUkkzMTZZYjkyYkxNUnVVV2pGT3hIeUNEeUJLbVVv?oc=5\" target=\"_blank\" rel=\"nofollow noopener\">Coupe du monde U20 : \u00e0 quelle heure et sur quelle cha\u00eene suivre la demi-finale France &#8211; Nouvelle-Z\u00e9lande ?<\/a>&nbsp;&nbsp;L&rsquo;\u00c9quipe<\/li>\n<li><a href=\"https:\/\/news.google.com\/rss\/articles\/CBMilgJBVV95cUxQcWNqVGhxRnZaNm56bVpwWHJmcXljcnhOd3VmdXJzQTRYQjhBTWtwSVBFTkdldi15VzFZcFpWbUtUd0tFUS1IRUZtU1ZnOVg2enNHaHUtYlRpTFdkZ19DY0FLTjMyci1LODBJNktuZ3M2alZHUUpBZnB5Q3EtTGNNNUxSUFgzUFdSRVlqdHRtTmxidGFCeWI5aDFEMEpvUE13QU41S1BiMTZEcFpRTEc4RGkzMDRFb3BrY21EZDVCSXNnU19lMXNHTUt1V0s0cG1jTGRIZU81NC1NanFVb0N0NGlTOFZfLXhNdFUwaWl0b1N2dkZMdkp4U0plR0s3eUpDZ2hrWG1rRFJBak1rOGRhaUo2NEJ2QQ?oc=5\" target=\"_blank\" rel=\"nofollow noopener\">\u00ab\u00a0Non le haka ou les All Blacks \u00e7a ne change rien\u00a0\u00bb, les Bleuets pas impressionn\u00e9s avant la demie<\/a>&nbsp;&nbsp;Rugbyrama<\/li>\n<li><a href=\"https:\/\/news.google.com\/rss\/articles\/CBMi-gFBVV95cUxQNXpZRzAxa1NPWVdkbnBsdDRUWGxadUExNmh6Q0RHZnktbTZ4MmxJaWEwVTFaNnBPR0dOZDczaXE4Yk5DdzZHQlNMMU1QbHViWFl5cmJQUXJuREVXTUxfWERoOEpyQzdTRjJXZFJONXBoMHpFUHBISmlFRjg1bHVlVkdVdFo5UnI4c3NrbTM1bm55ZlBENGNGMzBlVkNaNkVoWnBiOFB5ZjNwMlJuSW5LbzFmeldLb2dMRUlDMHhLMU5TNG1TUWw4WTBiNlJPZUpvT1RiQTQyYjl6Mm8xSTRQS3RzSVR1OTBEYWI1NWxmRUVkUGtnUm50MlBB?oc=5\" target=\"_blank\" rel=\"nofollow noopener\">Coupe du monde U20 de rugby : \u00e0 quelle heure et sur quelle cha\u00eene voir la demi-finale France-Nouvelle-Z\u00e9lande ?<\/a>&nbsp;&nbsp;Le Figaro<\/li>\n<li><a href=\"https:\/\/news.google.com\/rss\/articles\/CBMinwFBVV95cUxOVHBjYy1RVFV3bzc3NGtpZVh6VC1tUDVaRWhuNnFkTThUYzEtWkZQclJtVklHT2N0dnRyM2QxcnIzX21TQ3hhWWt5aGVLY3g4dXRKaWlleVlyWVk3Q0t2QmpvTHJNT2xFRXNGZUZCRnFhS3BRbktmb2xUWFA1YmRaMmIwaGNRelJjYUlWcHRZQVBueTE0NWVnZnYzNUR1TnM?oc=5\" target=\"_blank\" rel=\"nofollow noopener\">Championnat du monde 2025 : Place aux demi-finales<\/a>&nbsp;&nbsp;F\u00e9d\u00e9ration Fran\u00e7aise de Rugby<\/li>\n<li><a href=\"https:\/\/news.google.com\/rss\/articles\/CBMizgFBVV95cUxOWjlDeFM2alcyVEdqdkJGa3VLUEpsR2hVNHQwRkNoa2NLbGJwN2NSWmpBZzNrVW1Sb0JSOHg4cEYwN3NRSW84aHlFdlIyT2gzREIzX05ORU9Rdzg4VmhEQk13NHR1VmttMHJIT1lBcnpRQnZNZk9fcE54TEFEQlVocnR0TUZpQU04LUFHemxZSkYxbDlja0lvV0NsWFpwdGI2R01oNkVKSzQyckxYbWpNYk1VYXJNeGVSdW9pMkZfVXd3M09NQnRSVXNXLUpfZ9IBzAFBVV95cUxNSTE2TmxoMGtPNDBacDVXQzBQdFVXUlRjVE5ZelN1SFFyeXBndDJCR254ZGJ6R2hPZkhHMlJoZ2I5elAzOEV6TVdJVmhDd3FmbFFnYzl0TXJELU1Qa2g2N1Y3Z3pRWW9qalBOMXdreVVIR0k4M2xDVmVXSUQ4Z1ZoM1lWSWk1bUhsUWR5X0lfRzVtS0hDdXZVUk1qOVF2M1BYbTA2NXpEaURReW5rcTliSV94MDB3bWphZk5OUmVlRmctMEZmajJkRlVZNGE?oc=5\" target=\"_blank\" rel=\"nofollow noopener\">Coupe du monde U20 : Les Bleuets ont \u00ab encore de la marge \u00bb<\/a>&nbsp;&nbsp;Orange Actualit\u00e9s | Sports<\/li>\n<\/ol>\n","protected":false},"excerpt":{"rendered":"Coupe du monde U20 : \u00e0 quelle heure et sur quelle cha\u00eene suivre la demi-finale France &#8211; Nouvelle-Z\u00e9lande&hellip;\n","protected":false},"author":2,"featured_media":244697,"comment_status":"","ping_status":"","sticky":false,"template":"","format":"standard","meta":{"footnotes":""},"categories":[1416],"tags":[1011,27,479,1468,60],"class_list":{"0":"post-244696","1":"post","2":"type-post","3":"status-publish","4":"format-standard","5":"has-post-thumbnail","7":"category-rugby","8":"tag-fr","9":"tag-france","10":"tag-rugby","11":"tag-rugby-football","12":"tag-sports"},"share_on_mastodon":{"url":"https:\/\/pubeurope.com\/@fr\/114839794669367353","error":""},"_links":{"self":[{"href":"https:\/\/www.europesays.com\/fr\/wp-json\/wp\/v2\/posts\/244696","targetHints":{"allow":["GET"]}}],"collection":[{"href":"https:\/\/www.europesays.com\/fr\/wp-json\/wp\/v2\/posts"}],"about":[{"href":"https:\/\/www.europesays.com\/fr\/wp-json\/wp\/v2\/types\/post"}],"author":[{"embeddable":true,"href":"https:\/\/www.europesays.com\/fr\/wp-json\/wp\/v2\/users\/2"}],"replies":[{"embeddable":true,"href":"https:\/\/www.europesays.com\/fr\/wp-json\/wp\/v2\/comments?post=244696"}],"version-history":[{"count":0,"href":"https:\/\/www.europesays.com\/fr\/wp-json\/wp\/v2\/posts\/244696\/revisions"}],"wp:featuredmedia":[{"embeddable":true,"href":"https:\/\/www.europesays.com\/fr\/wp-json\/wp\/v2\/media\/244697"}],"wp:attachment":[{"href":"https:\/\/www.europesays.com\/fr\/wp-json\/wp\/v2\/media?parent=244696"}],"wp:term":[{"taxonomy":"category","embeddable":true,"href":"https:\/\/www.europesays.com\/fr\/wp-json\/wp\/v2\/categories?post=244696"},{"taxonomy":"post_tag","embeddable":true,"href":"https:\/\/www.europesays.com\/fr\/wp-json\/wp\/v2\/tags?post=244696"}],"curies":[{"name":"wp","href":"https:\/\/api.w.org\/{rel}","templated":true}]}}