{"id":244710,"date":"2025-07-12T10:36:12","date_gmt":"2025-07-12T10:36:12","guid":{"rendered":"https:\/\/www.europesays.com\/fr\/244710\/"},"modified":"2025-07-12T10:36:12","modified_gmt":"2025-07-12T10:36:12","slug":"a-rodez-a-la-table-de-soulages","status":"publish","type":"post","link":"https:\/\/www.europesays.com\/fr\/244710\/","title":{"rendered":"A Rodez, \u00e0 la table de Soulages"},"content":{"rendered":"<p>                         <img loading=\"lazy\" decoding=\"async\" src=\"https:\/\/www.europesays.com\/fr\/wp-content\/uploads\/2025\/07\/e4987fb_ftp-import-images-1-uud9wuadfup7-389614-3429679.jpg\" alt=\"La salle du Caf\u00e9 Bras, \u00e0 c\u00f4t\u00e9 du Mus\u00e9e Soulages, \u00e0 Rodez.\"   width=\"664\" height=\"443\"\/>    La salle du Caf\u00e9 Bras, \u00e0 c\u00f4t\u00e9 du Mus\u00e9e Soulages, \u00e0 Rodez.  CAF\u00c9 BRAS\/C.BOUSQUET                 <\/p>\n<p class=\"article__paragraph  \">Rodez est un eldorado en puissance. Perch\u00e9e \u00e0 627 m\u00e8tres d\u2019altitude, la commune occitane promet de faire chuter la temp\u00e9rature d\u2019une poign\u00e9e de degr\u00e9s. Un luxe par les temps caniculaires qui courent et largement de quoi concurrencer l\u2019ardent pourtour m\u00e9diterran\u00e9en, du moins le temps d\u2019une journ\u00e9e. Depuis la c\u00f4te, rejoindre l\u2019A75, franchir le viaduc de Millau, traverser des lieux-dits cern\u00e9s par les brebis, pour fouler la pelouse du jardin du Foirail. C\u2019est ici, au beau milieu de quelque 5\u00a0000 m\u00e8tres carr\u00e9s d\u2019espaces verts, qu\u2019\u00e9tait \u00e9rig\u00e9e, en\u00a02014, l\u2019une des grandes fiert\u00e9s r\u00e9gionales\u00a0: le Mus\u00e9e Soulages.<\/p>\n<p class=\"article__paragraph  \">Comme l\u2019indique son nom, l\u2019\u00e9difice abrite l\u2019\u0153uvre \u2013 riche de plusieurs centaines de peintures \u2013 du ma\u00eetre de l\u2019abstraction. Mais c\u2019est une autre forme de g\u00e9nie qui prend place tout \u00e0 c\u00f4t\u00e9, au Caf\u00e9 Bras. A l\u2019ext\u00e9rieur, le m\u00eame acier Corten (un mat\u00e9riau se parant d\u2019un bel aspect rouill\u00e9 avec le temps). A l\u2019int\u00e9rieur, les m\u00eames pav\u00e9s gris anthracite, la m\u00eame atmosph\u00e8re monacale. Si le mus\u00e9e et le restaurant ont autant en commun, c\u2019est parce que le second a \u00e9t\u00e9 pens\u00e9 dans la continuit\u00e9 du premier. S\u00e9par\u00e9s par une porte vitr\u00e9e, les deux espaces communiquent litt\u00e9ralement.<\/p>\n<p class=\"reading-mode-only \"><strong>Il vous reste 74.54% de cet article \u00e0 lire. La suite est r\u00e9serv\u00e9e aux abonn\u00e9s.<\/strong><\/p>\n","protected":false},"excerpt":{"rendered":"La salle du Caf\u00e9 Bras, \u00e0 c\u00f4t\u00e9 du Mus\u00e9e Soulages, \u00e0 Rodez. CAF\u00c9 BRAS\/C.BOUSQUET Rodez est un eldorado&hellip;\n","protected":false},"author":2,"featured_media":244711,"comment_status":"","ping_status":"","sticky":false,"template":"","format":"standard","meta":{"footnotes":""},"categories":[1358],"tags":[1348,1384,1385,1386,58,59,1011,27],"class_list":{"0":"post-244710","1":"post","2":"type-post","3":"status-publish","4":"format-standard","5":"has-post-thumbnail","7":"category-arts-et-design","8":"tag-arts","9":"tag-arts-and-design","10":"tag-arts-et-design","11":"tag-design","12":"tag-divertissement","13":"tag-entertainment","14":"tag-fr","15":"tag-france"},"share_on_mastodon":{"url":"https:\/\/pubeurope.com\/@fr\/114839826318745769","error":""},"_links":{"self":[{"href":"https:\/\/www.europesays.com\/fr\/wp-json\/wp\/v2\/posts\/244710","targetHints":{"allow":["GET"]}}],"collection":[{"href":"https:\/\/www.europesays.com\/fr\/wp-json\/wp\/v2\/posts"}],"about":[{"href":"https:\/\/www.europesays.com\/fr\/wp-json\/wp\/v2\/types\/post"}],"author":[{"embeddable":true,"href":"https:\/\/www.europesays.com\/fr\/wp-json\/wp\/v2\/users\/2"}],"replies":[{"embeddable":true,"href":"https:\/\/www.europesays.com\/fr\/wp-json\/wp\/v2\/comments?post=244710"}],"version-history":[{"count":0,"href":"https:\/\/www.europesays.com\/fr\/wp-json\/wp\/v2\/posts\/244710\/revisions"}],"wp:featuredmedia":[{"embeddable":true,"href":"https:\/\/www.europesays.com\/fr\/wp-json\/wp\/v2\/media\/244711"}],"wp:attachment":[{"href":"https:\/\/www.europesays.com\/fr\/wp-json\/wp\/v2\/media?parent=244710"}],"wp:term":[{"taxonomy":"category","embeddable":true,"href":"https:\/\/www.europesays.com\/fr\/wp-json\/wp\/v2\/categories?post=244710"},{"taxonomy":"post_tag","embeddable":true,"href":"https:\/\/www.europesays.com\/fr\/wp-json\/wp\/v2\/tags?post=244710"}],"curies":[{"name":"wp","href":"https:\/\/api.w.org\/{rel}","templated":true}]}}