{"id":244718,"date":"2025-07-12T10:40:46","date_gmt":"2025-07-12T10:40:46","guid":{"rendered":"https:\/\/www.europesays.com\/fr\/244718\/"},"modified":"2025-07-12T10:40:46","modified_gmt":"2025-07-12T10:40:46","slug":"le-requin-a-failli-detruire-spielberg-un-documentaire-raconte-les-coulisses-des-dents-de-la-mer","status":"publish","type":"post","link":"https:\/\/www.europesays.com\/fr\/244718\/","title":{"rendered":"\u00ab\u00a0Le requin a failli d\u00e9truire Spielberg\u00a0\u00bb\u00a0: un documentaire raconte les coulisses des \u00ab\u00a0Dents de la mer\u00a0\u00bb"},"content":{"rendered":"<p class=\"paragraph text_align_left lp-f-body-02\">Les images d\u2019archives parlent d\u2019elles-m\u00eames. Des files d\u2019attente interminables devant les cin\u00e9mas de New York, \u00e0 sa sortie, en 1975. Des spectateurs qui assurent n\u2019avoir \u00ab jamais rien vu de semblable \u00bb, fascin\u00e9s, remu\u00e9s n\u2019h\u00e9sitant pas \u00e0 parler du \u00ab meilleur film de leur vie \u00bb. Certains qui vont le voir, 10, 15 fois, voire 31 fois, comme <a href=\"https:\/\/www.leparisien.fr\/culture-loisirs\/cinema\/presence-steven-soderbergh-invente-le-cinema-fantome-05-02-2025-QK6GZ57XUFC5RCVPPRQADCNICY.php\" target=\"_blank\" rel=\"noreferrer nofollow noopener\">Steven Soderbergh<\/a>.<\/p>\n<p class=\"paragraph text_align_left lp-f-body-02\">Culte, grandiose, terrifiant : \u00ab Les Dents de la mer \u00bb a 50 ans. Et cet anniversaire a donn\u00e9 \u00e0 Laurent Bouzereau, sp\u00e9cialiste des making of et documentaires sur les r\u00e9alisateurs, l\u2019envie de revenir sur l\u2019histoire de ce ph\u00e9nom\u00e8ne de pop culture qu\u2019est devenu le long-m\u00e9trage. Cela donne un film passionnant, mis en ligne ce vendredi sur Disney +. Il raconte les coulisses du tournage, aussi rocambolesque que traumatisant pour <a href=\"https:\/\/www.leparisien.fr\/culture-loisirs\/cinema\/steven-spielberg-raconte-son-enfance-dans-the-fabelmans-le-covid-ma-un-peu-force-a-faire-ce-film-21-02-2023-3HQTLKT2T5F3PH4L4DP5QKO2KU.php\" target=\"_self\" rel=\"nofollow noopener\">Steven Spielberg, \u00e2g\u00e9 d\u2019\u00e0 peine 27 ans \u00e0 l\u2019\u00e9poque<\/a>. Il d\u00e9crit et analyse l\u2019histoire de la cr\u00e9ation et l\u2019h\u00e9ritage de ce blockbuster, premier du genre.<\/p>\n","protected":false},"excerpt":{"rendered":"Les images d\u2019archives parlent d\u2019elles-m\u00eames. Des files d\u2019attente interminables devant les cin\u00e9mas de New York, \u00e0 sa sortie,&hellip;\n","protected":false},"author":2,"featured_media":244719,"comment_status":"","ping_status":"","sticky":false,"template":"","format":"standard","meta":{"footnotes":""},"categories":[1354],"tags":[650,872,58,59,1346,1011,27,1360],"class_list":{"0":"post-244718","1":"post","2":"type-post","3":"status-publish","4":"format-standard","5":"has-post-thumbnail","7":"category-films","8":"tag-cinema","9":"tag-culture-et-loisirs","10":"tag-divertissement","11":"tag-entertainment","12":"tag-films","13":"tag-fr","14":"tag-france","15":"tag-movies"},"share_on_mastodon":{"url":"https:\/\/pubeurope.com\/@fr\/114839845831166966","error":""},"_links":{"self":[{"href":"https:\/\/www.europesays.com\/fr\/wp-json\/wp\/v2\/posts\/244718","targetHints":{"allow":["GET"]}}],"collection":[{"href":"https:\/\/www.europesays.com\/fr\/wp-json\/wp\/v2\/posts"}],"about":[{"href":"https:\/\/www.europesays.com\/fr\/wp-json\/wp\/v2\/types\/post"}],"author":[{"embeddable":true,"href":"https:\/\/www.europesays.com\/fr\/wp-json\/wp\/v2\/users\/2"}],"replies":[{"embeddable":true,"href":"https:\/\/www.europesays.com\/fr\/wp-json\/wp\/v2\/comments?post=244718"}],"version-history":[{"count":0,"href":"https:\/\/www.europesays.com\/fr\/wp-json\/wp\/v2\/posts\/244718\/revisions"}],"wp:featuredmedia":[{"embeddable":true,"href":"https:\/\/www.europesays.com\/fr\/wp-json\/wp\/v2\/media\/244719"}],"wp:attachment":[{"href":"https:\/\/www.europesays.com\/fr\/wp-json\/wp\/v2\/media?parent=244718"}],"wp:term":[{"taxonomy":"category","embeddable":true,"href":"https:\/\/www.europesays.com\/fr\/wp-json\/wp\/v2\/categories?post=244718"},{"taxonomy":"post_tag","embeddable":true,"href":"https:\/\/www.europesays.com\/fr\/wp-json\/wp\/v2\/tags?post=244718"}],"curies":[{"name":"wp","href":"https:\/\/api.w.org\/{rel}","templated":true}]}}