{"id":244726,"date":"2025-07-12T10:44:09","date_gmt":"2025-07-12T10:44:09","guid":{"rendered":"https:\/\/www.europesays.com\/fr\/244726\/"},"modified":"2025-07-12T10:44:09","modified_gmt":"2025-07-12T10:44:09","slug":"top-5-dji-pny-riviera-et-bar-les-meilleurs-bons-plans-du-12-07-2025","status":"publish","type":"post","link":"https:\/\/www.europesays.com\/fr\/244726\/","title":{"rendered":"Top 5 : DJI, PNY, Riviera-et-Bar&#8230; les meilleurs bons plans du 12\/07\/2025"},"content":{"rendered":"<p class=\"ed__a-p ed__bdy__l\">Avec la r\u00e9gularit\u00e9 d&rsquo;un m\u00e9tronome, DJI renouvelle ses produits phares avec cette fois l&rsquo;\u00e9volution de sa petite Osmo Action qui passe en version\u00a05 Pro, promesse de hautes performances.<\/p>\n<p class=\"ed__a-p ed__bdy__l\">Apr\u00e8s le lancement r\u00e9ussi de son petit drone Air\u00a03 au d\u00e9but de l\u2019\u00e9t\u00e9, DJI s\u2019est rapidement remis en selle avec la sortie de l&rsquo;Osmo Action\u00a04, moins d\u2019un an apr\u00e8s l\u2019Action\u00a03.<\/p>\n<p>            Publicit\u00e9, votre contenu continue ci-dessous<\/p>\n<p>        Publicit\u00e9<\/p>\n<p class=\"ed__a-p ed__bdy__l\">Et la lumi\u00e8re fut : pour son premier SSD NVMe compatible PCIe Gen5, PNY mise le maximum sur le dissipateur thermique. Le PNY CS3150 XLR8 est ainsi \u00e9quip\u00e9 de deux petits ventilateux, mais aussi d&rsquo;un \u00e9clairage RGB optionnel.<\/p>\n<p class=\"ed__a-p ed__bdy__l\">Malgr\u00e9 un large catalogue d&rsquo;appareils d\u00e9di\u00e9s \u00e0 la pr\u00e9paration culinaire, le fran\u00e7ais Riviera-et-Bar ne vend qu&rsquo;un seul extracteur de jus, le PEJ730. Gr\u00e2ce \u00e0 ses quatre programmes, il s&rsquo;adapte aux types de fruits \u00e0 presser, du plus dur au plus mou.<\/p>\n<p class=\"ed__a-p ed__bdy__l\">Le clavier <a href=\"https:\/\/www.lesnumeriques.com\/clavier\/logitech-mx-keys-p53885\/test.html\" title=\"Logitech MX Keys : les cl\u00e9s de la r\u00e9ussite d&#039;un clavier bureautique\" rel=\"nofollow noopener\" target=\"_blank\">Logitech MX Keys<\/a> avait re\u00e7u nos louanges et le constructeur propose d\u00e9sormais une version sans pav\u00e9 num\u00e9rique de son clavier sans-fil\u00a0: le MX Keys Mini. Un format compact qui est une belle r\u00e9ussite.<\/p>\n<p class=\"ed__a-p ed__bdy__l\">NB : La baisse de prix rapport\u00e9e est calcul\u00e9e en comparant le prix le plus bas du jour avec la moyenne des prix les plus bas pratiqu\u00e9s par tous les marchands pour le produit le mois dernier, avec des r\u00e8gles de s\u00e9curit\u00e9 pour \u00e9carter les prix des boutiques dont la politique en mati\u00e8re de TVA n\u2019est pas claire (dites boutiques \u201cgrises\u201d, typiquement en cas d\u2019import de Chine).<\/p>\n<p>    Les bons plans sur Les Num\u00e9riques<\/p>\n<p>            <img decoding=\"async\" src=\"data:image\/svg+xml,%3Csvg xmlns='http:\/\/www.w3.org\/2000\/svg'%3E%3C\/svg%3E\" draggable=\"false\" class=\"ed__title-xxs\" alt=\"Les bons plans sur Les Num\u00e9riques\"\/><\/p>\n<p class=\"ed__a-p ed__bdy__l\">Un \u00ab\u00a0Bon plan\u00a0\u00bb sur Les Num\u00e9riques, c&rsquo;est un article qui met en avant un tr\u00e8s bon produit subitement propos\u00e9 \u00e0 un prix r\u00e9duit, pr\u00e9alablement test\u00e9 dans nos laboratoires et approuv\u00e9. Notre vocation premi\u00e8re, c&rsquo;est de vous d\u00e9nicher LE VRAI bon produit adapt\u00e9 \u00e0 vos besoins. L&rsquo;id\u00e9e n&rsquo;est pas d&rsquo;acheter plus, mais mieux ! Nous vous aidons \u00e0 trouver l&rsquo;appareil qui ne vous d\u00e9cevra pas, r\u00e9parable, qui ne sera pas rang\u00e9 dans un tiroir peu apr\u00e8s son achat. Un produit durable dans le temps, donc fiable. C&rsquo;est pour cela que nous vous proposons d\u00e9sormais le top 5 des meilleurs bons plans du jour. Ce sont des produits auxquels nos algorithmes d\u00e9livrent un taux de 80 % ou plus en termes d&rsquo;int\u00e9r\u00eat du bon plan et de rapport qualit\u00e9\/prix \u00e0 un instant T.<\/p>\n<p>\n                                                                Article recommand\u00e9\u00a0:\u00a0\n    <\/p>\n","protected":false},"excerpt":{"rendered":"Avec la r\u00e9gularit\u00e9 d&rsquo;un m\u00e9tronome, DJI renouvelle ses produits phares avec cette fois l&rsquo;\u00e9volution de sa petite Osmo&hellip;\n","protected":false},"author":2,"featured_media":913,"comment_status":"","ping_status":"","sticky":false,"template":"","format":"standard","meta":{"footnotes":""},"categories":[7],"tags":[1011,27,43,40,41,39,42,44],"class_list":{"0":"post-244726","1":"post","2":"type-post","3":"status-publish","4":"format-standard","5":"has-post-thumbnail","7":"category-sciences-et-technologies","8":"tag-fr","9":"tag-france","10":"tag-science","11":"tag-science-and-technology","12":"tag-sciences","13":"tag-sciences-et-technologies","14":"tag-technologies","15":"tag-technology"},"share_on_mastodon":{"url":"https:\/\/pubeurope.com\/@fr\/114839857720597767","error":""},"_links":{"self":[{"href":"https:\/\/www.europesays.com\/fr\/wp-json\/wp\/v2\/posts\/244726","targetHints":{"allow":["GET"]}}],"collection":[{"href":"https:\/\/www.europesays.com\/fr\/wp-json\/wp\/v2\/posts"}],"about":[{"href":"https:\/\/www.europesays.com\/fr\/wp-json\/wp\/v2\/types\/post"}],"author":[{"embeddable":true,"href":"https:\/\/www.europesays.com\/fr\/wp-json\/wp\/v2\/users\/2"}],"replies":[{"embeddable":true,"href":"https:\/\/www.europesays.com\/fr\/wp-json\/wp\/v2\/comments?post=244726"}],"version-history":[{"count":0,"href":"https:\/\/www.europesays.com\/fr\/wp-json\/wp\/v2\/posts\/244726\/revisions"}],"wp:featuredmedia":[{"embeddable":true,"href":"https:\/\/www.europesays.com\/fr\/wp-json\/wp\/v2\/media\/913"}],"wp:attachment":[{"href":"https:\/\/www.europesays.com\/fr\/wp-json\/wp\/v2\/media?parent=244726"}],"wp:term":[{"taxonomy":"category","embeddable":true,"href":"https:\/\/www.europesays.com\/fr\/wp-json\/wp\/v2\/categories?post=244726"},{"taxonomy":"post_tag","embeddable":true,"href":"https:\/\/www.europesays.com\/fr\/wp-json\/wp\/v2\/tags?post=244726"}],"curies":[{"name":"wp","href":"https:\/\/api.w.org\/{rel}","templated":true}]}}