{"id":24473,"date":"2025-04-14T14:38:09","date_gmt":"2025-04-14T14:38:09","guid":{"rendered":"https:\/\/www.europesays.com\/fr\/24473\/"},"modified":"2025-04-14T14:38:09","modified_gmt":"2025-04-14T14:38:09","slug":"les-trois-activistes-relaches-sans-poursuite","status":"publish","type":"post","link":"https:\/\/www.europesays.com\/fr\/24473\/","title":{"rendered":"les trois activistes rel\u00e2ch\u00e9s sans poursuite"},"content":{"rendered":"<p>Action d&rsquo;Extinction Rebellion qui tourne mal : les trois activistes rel\u00e2ch\u00e9s sans poursuite &#8211; DR Extinction Rebellion<\/p>\n<p itemprop=\"description\"><strong>Ce samedi apr\u00e8s-midi, les militants d&rsquo;Extinction Rebellion comptaient r\u00e9aliser une nouvelle action contre la pollution aux PFAS, apr\u00e8s celle du week-end dernier sur le m\u00eame th\u00e8me. Sauf que ces trois activistes \u00e9cologistes ont vu leur op\u00e9ration tourner au fiasco.<\/strong><\/p>\n<p><strong>Mise \u00e0 jour ce lundi <\/strong>: Une tape sur les doigts, et puis s&rsquo;en va. A l&rsquo;issue de leur garde \u00e0 vue, les trois activistes d&rsquo;Extinction Rebellion ont \u00e9t\u00e9 laiss\u00e9s libres. Et l&rsquo;enqu\u00eate ouverte pour mise en danger de la vie d&rsquo;autrui a \u00e9t\u00e9 class\u00e9e sans suite, en l&rsquo;absence de plaintes d\u00e9pos\u00e9es ou de victimes.<\/p>\n<p><strong>Article initial <\/strong>: Sur le toit d&rsquo;un immeuble de la place des Terreaux dans le 1er arrondissement de Lyon, ils comptaient d\u00e9ployer une banderole pour attirer l&rsquo;attention des passants.<\/p>\n<p>Sauf que le vent l&rsquo;a propuls\u00e9e contre le toit du b\u00e2timent, faisant chuter plusieurs tuiles au sol. Certaines se sont fracass\u00e9es en contrebas sur des voitures stationn\u00e9es. Fort heureusement, aucune n&rsquo;est tomb\u00e9e sur un badaud.<\/p>\n<p>Pour cette action qui aurait pu avoir des cons\u00e9quences dramatiques, les trois jeunes ont \u00e9t\u00e9 interpell\u00e9s et ont fini leur journ\u00e9e en garde \u00e0 vue. Ils pourraient \u00eatre poursuivis pour mise en danger de la vie d&rsquo;autrui.<\/p>\n<p>Pour rappel, Extinction Rebellion s&rsquo;en prend aux industriels d&rsquo;Oullins-Pierre B\u00e9nite dans le cadre du scandale sanitaire des polluants \u00e9ternels. Le groupe d&rsquo;activistes \u00e9cologistes r\u00e9clame \u00ab\u00a0une prise en charge des probl\u00e8mes de sant\u00e9 des citoyens et une \u00e9tude \u00e9pid\u00e9miologique locale li\u00e9s aux PFAS\u00a0\u00bb et une \u00ab\u00a0d\u00e9pollution des zones contamin\u00e9es aux frais des entreprises : le sol, les cours d\u2019eau, les nappes phr\u00e9atiques, les parcs, les jardins\u00a0\u00bb.<\/p>\n","protected":false},"excerpt":{"rendered":"Action d&rsquo;Extinction Rebellion qui tourne mal : les trois activistes rel\u00e2ch\u00e9s sans poursuite &#8211; DR Extinction Rebellion Ce&hellip;\n","protected":false},"author":2,"featured_media":21676,"comment_status":"","ping_status":"","sticky":false,"template":"","format":"standard","meta":{"footnotes":""},"categories":[1889],"tags":[1111,11,2813,2190,2430,1109,251,1112,2811,1777,674,118,1011,27,1922,1110,1114,2428,2810,12,241,316,25,2812,517,800],"class_list":{"0":"post-24473","1":"post","2":"type-post","3":"status-publish","4":"format-standard","5":"has-post-thumbnail","7":"category-lyon","8":"tag-actu","9":"tag-actualites","10":"tag-article","11":"tag-asvel","12":"tag-auvergne-rhone-alpes","13":"tag-breves","14":"tag-culture","15":"tag-depeches","16":"tag-economique","17":"tag-eu","18":"tag-europe","19":"tag-faits-divers","20":"tag-fr","21":"tag-france","22":"tag-info","23":"tag-informations","24":"tag-infos","25":"tag-lyon","26":"tag-lyonmag","27":"tag-news","28":"tag-ol","29":"tag-politique","30":"tag-republique-francaise","31":"tag-sociale","32":"tag-sport","33":"tag-transports"},"share_on_mastodon":{"url":"https:\/\/pubeurope.com\/@fr\/114336832386931582","error":""},"_links":{"self":[{"href":"https:\/\/www.europesays.com\/fr\/wp-json\/wp\/v2\/posts\/24473","targetHints":{"allow":["GET"]}}],"collection":[{"href":"https:\/\/www.europesays.com\/fr\/wp-json\/wp\/v2\/posts"}],"about":[{"href":"https:\/\/www.europesays.com\/fr\/wp-json\/wp\/v2\/types\/post"}],"author":[{"embeddable":true,"href":"https:\/\/www.europesays.com\/fr\/wp-json\/wp\/v2\/users\/2"}],"replies":[{"embeddable":true,"href":"https:\/\/www.europesays.com\/fr\/wp-json\/wp\/v2\/comments?post=24473"}],"version-history":[{"count":0,"href":"https:\/\/www.europesays.com\/fr\/wp-json\/wp\/v2\/posts\/24473\/revisions"}],"wp:featuredmedia":[{"embeddable":true,"href":"https:\/\/www.europesays.com\/fr\/wp-json\/wp\/v2\/media\/21676"}],"wp:attachment":[{"href":"https:\/\/www.europesays.com\/fr\/wp-json\/wp\/v2\/media?parent=24473"}],"wp:term":[{"taxonomy":"category","embeddable":true,"href":"https:\/\/www.europesays.com\/fr\/wp-json\/wp\/v2\/categories?post=24473"},{"taxonomy":"post_tag","embeddable":true,"href":"https:\/\/www.europesays.com\/fr\/wp-json\/wp\/v2\/tags?post=24473"}],"curies":[{"name":"wp","href":"https:\/\/api.w.org\/{rel}","templated":true}]}}