{"id":244733,"date":"2025-07-12T10:48:11","date_gmt":"2025-07-12T10:48:11","guid":{"rendered":"https:\/\/www.europesays.com\/fr\/244733\/"},"modified":"2025-07-12T10:48:11","modified_gmt":"2025-07-12T10:48:11","slug":"emmanuel-macron-instaure-une-journee-de-commemoration-en-lhonneur-dalfred-dreyfus","status":"publish","type":"post","link":"https:\/\/www.europesays.com\/fr\/244733\/","title":{"rendered":"Emmanuel Macron instaure une journ\u00e9e de comm\u00e9moration en l\u2019honneur d\u2019Alfred Dreyfus"},"content":{"rendered":"<p>Le pr\u00e9sident de la R\u00e9publique a annonc\u00e9 qu\u2019une c\u00e9r\u00e9monie de comm\u00e9moration se tiendra chaque ann\u00e9e pour Alfred Dreyfus, pour la victoire de la justice et de la v\u00e9rit\u00e9 contre la haine et l\u2019antis\u00e9mitisme, \u00e0 compter du 12 juillet 2026.<\/p>\n<p class=\"fig-paragraph\">Emmanuel Macron a instaur\u00e9 samedi une journ\u00e9e nationale de comm\u00e9moration, le 12 juillet, de la r\u00e9habilitation par la justice d&rsquo;<a href=\"http:\/\/www.lefigaro.fr\/actualite-france\/emmanuel-macron-reflechit-a-un-geste-necessaire-sur-dreyfus-eleve-au-grade-de-general-de-brigade-20250603\" data-fig-type=\"NewsFlash\" data-gtm-custom-categorie=\"navigation\" data-gtm-custom-action=\"crossclick\" data-gtm-custom-label=\"Contextuel\" data-gtm-event=\"customEventSPE\" data-fig-domain=\"LEFIGARO\" rel=\"nofollow noopener\" target=\"_blank\">Alfred Dreyfus<\/a>, officier juif injustement accus\u00e9 de trahison \u00e0 la fin du XIXe si\u00e8cle, en appelant \u00e0 \u00abtoujours\u00bb rester vigilant \u00abcontre les vieux d\u00e9mons\u00bb de l&rsquo;antis\u00e9mitisme. \u00abD\u00e9sormais, chaque 12 juillet, se tiendra une c\u00e9r\u00e9monie de comm\u00e9moration pour Dreyfus, pour la victoire de la justice et de la v\u00e9rit\u00e9 contre la haine et l&rsquo;antis\u00e9mitisme\u00bb, \u00e9crit le chef de l&rsquo;\u00c9tat dans une d\u00e9claration publi\u00e9e par l&rsquo;\u00c9lys\u00e9e.<\/p>\n<p class=\"fig-paragraph\">La premi\u00e8re c\u00e9r\u00e9monie aura lieu en 2026, pour le 120e anniversaire de la reconnaissance par la Cour de cassation de l\u2019innocence du capitaine. \u00abAinsi, Alfred Dreyfus et ceux qui combattirent \u00e0 travers lui pour la Libert\u00e9, l\u2019Egalit\u00e9 et la Fraternit\u00e9 continueront d\u2019\u00eatre l\u2019exemple qui doit inspirer notre conduite\u00bb, souligne le pr\u00e9sident.<\/p>\n<p>                                    <a class=\"fig-a11y-skip a11y-hidden\" href=\"#fig-a11y-skip-main-inarticle\"><br \/>\n        Passer la publicit\u00e9<br \/>\n    <\/a><\/p>\n<p class=\"fig-paragraph\"><a href=\"http:\/\/www.lefigaro.fr\/vox\/politique\/l-antisemitisme-de-gauche-les-lecons-de-l-affaire-dreyfus-20240614\" data-fig-type=\"Article\" data-gtm-custom-categorie=\"navigation\" data-gtm-custom-action=\"crossclick\" data-gtm-custom-label=\"Contextuel\" data-gtm-event=\"customEventSPE\" data-fig-domain=\"LEFIGARO\" rel=\"nofollow noopener\" target=\"_blank\">\u00abL\u2019Affaire Dreyfus\u00bb<\/a>\u00a0a d\u00e9chir\u00e9 l\u2019opinion fran\u00e7aise pendant plus d\u2019une d\u00e9cennie sur fond d\u2019antis\u00e9mitisme et de conspiration politico-militaire. De 1894, ann\u00e9e de son arrestation, au 12 juillet 1906, date de l\u2019arr\u00eat mettant fin judiciairement \u00e0 l\u2019Affaire, Alfred Dreyfus aura connu deux proc\u00e8s, l\u2019emprisonnement et le bagne sur l\u2019\u00eele du Diable en Guyane. \u00abH\u00e9las, la filiation des h\u00e9ritiers des antidreyfusards, antir\u00e9publicains et antis\u00e9mites du d\u00e9but et du milieu du XXe si\u00e8cle ne s\u2019est jamais \u00e9teinte\u00bb, poursuit le chef de l\u2019\u00c9tat. \u00abNous savons qu\u2019il faut toujours faire de preuve de vigilance et pers\u00e9v\u00e9rance contre ces vieux d\u00e9mons antis\u00e9mites engendr\u00e9s par la haine. Et aujourd\u2019hui plus que jamais\u00bb, ajoute-t-il.<\/p>\n<p class=\"fig-paragraph\">Entre janvier et mai 2025, 504 actes antis\u00e9mites ont \u00e9t\u00e9 recens\u00e9s en France, selon le minist\u00e8re de l\u2019Int\u00e9rieur, soit une baisse de 24% sur un an mais un doublement par rapport \u00e0 la m\u00eame p\u00e9riode de 2013.<\/p>\n","protected":false},"excerpt":{"rendered":"Le pr\u00e9sident de la R\u00e9publique a annonc\u00e9 qu\u2019une c\u00e9r\u00e9monie de comm\u00e9moration se tiendra chaque ann\u00e9e pour Alfred Dreyfus,&hellip;\n","protected":false},"author":2,"featured_media":244734,"comment_status":"","ping_status":"","sticky":false,"template":"","format":"standard","meta":{"footnotes":""},"categories":[2],"tags":[11,27580,1073,1011,27,12],"class_list":{"0":"post-244733","1":"post","2":"type-post","3":"status-publish","4":"format-standard","5":"has-post-thumbnail","7":"category-actualites","8":"tag-actualites","9":"tag-alfred-dreyfus","10":"tag-emmanuel-macron","11":"tag-fr","12":"tag-france","13":"tag-news"},"share_on_mastodon":{"url":"https:\/\/pubeurope.com\/@fr\/114839873350740891","error":""},"_links":{"self":[{"href":"https:\/\/www.europesays.com\/fr\/wp-json\/wp\/v2\/posts\/244733","targetHints":{"allow":["GET"]}}],"collection":[{"href":"https:\/\/www.europesays.com\/fr\/wp-json\/wp\/v2\/posts"}],"about":[{"href":"https:\/\/www.europesays.com\/fr\/wp-json\/wp\/v2\/types\/post"}],"author":[{"embeddable":true,"href":"https:\/\/www.europesays.com\/fr\/wp-json\/wp\/v2\/users\/2"}],"replies":[{"embeddable":true,"href":"https:\/\/www.europesays.com\/fr\/wp-json\/wp\/v2\/comments?post=244733"}],"version-history":[{"count":0,"href":"https:\/\/www.europesays.com\/fr\/wp-json\/wp\/v2\/posts\/244733\/revisions"}],"wp:featuredmedia":[{"embeddable":true,"href":"https:\/\/www.europesays.com\/fr\/wp-json\/wp\/v2\/media\/244734"}],"wp:attachment":[{"href":"https:\/\/www.europesays.com\/fr\/wp-json\/wp\/v2\/media?parent=244733"}],"wp:term":[{"taxonomy":"category","embeddable":true,"href":"https:\/\/www.europesays.com\/fr\/wp-json\/wp\/v2\/categories?post=244733"},{"taxonomy":"post_tag","embeddable":true,"href":"https:\/\/www.europesays.com\/fr\/wp-json\/wp\/v2\/tags?post=244733"}],"curies":[{"name":"wp","href":"https:\/\/api.w.org\/{rel}","templated":true}]}}