{"id":244735,"date":"2025-07-12T10:49:30","date_gmt":"2025-07-12T10:49:30","guid":{"rendered":"https:\/\/www.europesays.com\/fr\/244735\/"},"modified":"2025-07-12T10:49:30","modified_gmt":"2025-07-12T10:49:30","slug":"un-concert-a-leglise-de-malmont-a-saint-just-malmont-le-vendredi-18-juillet-a-20-h-45","status":"publish","type":"post","link":"https:\/\/www.europesays.com\/fr\/244735\/","title":{"rendered":"Un concert \u00e0 l\u2019\u00e9glise de \u00ab Malmont \u00bb \u00e0 Saint Just-Malmont le vendredi 18 juillet \u00e0 20 h 45"},"content":{"rendered":"<p>\t\t\t\t\t\t\t\t\t\t\t\t\t\t\t\t\t\t\t\t\t\t\t\t\t\t\t\t\t\t\t\t\t\t\t\t\t\t\t\t\t\t\t\t\t\t<img decoding=\"async\" src=\"https:\/\/www.europesays.com\/fr\/wp-content\/uploads\/2025\/07\/carre_copy_copy.gif\" alt=\"Fraisse David carr\u00e9 2024\"\/><\/p>\n<p>\t\t\t\t\t\t\t\t\t\t\t\t\t\t\t\t\t\t\t\t\t\t\t\t\t\t\t\t\t\t\t\t\t\t\t\t\t\t\t\t\t\t\t\t\t\t\t\t\t\t\t\t\t\t\t\t\t\t\t\t\t\t\t<a href=\"https:\/\/www.lacommere43.fr\/component\/banners\/click\/1798.html\" target=\"_blank\" title=\"HPV escape game juillet 2025\" rel=\"nofollow noopener\"><br \/>\n\t\t\t\t\t\t\t<img decoding=\"async\" src=\"https:\/\/www.europesays.com\/fr\/wp-content\/uploads\/2025\/07\/pub_la_Commre_-_enquete.gif\" alt=\"HPV escape game juillet 2025\"\/><br \/>\n\t\t\t\t\t\t<\/a><\/p>\n<p><strong>Un concert est organis\u00e9 \u00e0 l\u2019\u00e9glise de \u00ab\u00a0Malmont\u00a0\u00bb \u00e0 Saint Just-Malmont le vendredi 18 juillet \u00e0 20 h 45 avec Suzanne Trouilleux, Jean Baptiste Bresson trompettistes et Pierre Astor organiste.<\/strong><\/p>\n<p>Les bonnes dimensions de l\u2019\u00e9glise et son acoustique permettront d\u2019appr\u00e9cier un programme varie\u0301 avec une pr\u00e9dominance pour les auteurs baroques et classiques : Vivaldi dont le c\u00e9l\u00e8bre concerto pour 2 trompettes, Bach, Vivaldi, Haendel, Manfredini.<\/p>\n<p>Les pi\u00e8ces jou\u00e9es seront toutes expliqu\u00e9es.<\/p>\n<p>Suzanne TROUILLEUX commence la musique avec le violon \u00e0 l\u2019\u00e2ge de 5 ans au conservatoire de Vichy et ne rencontre la trompette que 4 ans plus tard gr\u00e2ce \u00e0 l\u2019orchestre \u00e0 l\u2019\u00e9cole. Elle poursuit son apprentissage des deux instruments jusqu\u2019\u00e0 l\u2019obtention de ses certificats d\u2019\u00e9tudes musicales en 2018. Elle int\u00e8gre ensuite le Conservatoire de Lyon o\u00f9 elle obtient son Dipl\u00f4me d\u2019\u00c9tudes Musicales de trompette en 2020. Elle \u00e9tudie parall\u00e8lement la musicologie \u00e0 l\u2019Universit\u00e9 Lumi\u00e8re Lyon 2 en licence, puis en master de recherche. Elle est \u00e9galement professeure de trompette \u00e0 l\u2019\u00c9cole de Musique des Monts d\u2019Or. \u00a0\u00a0\u00a0\u00a0\u00a0 \u00a0\u00a0\u00a0\u00a0\u00a0\u00a0\u00a0<\/p>\n<p>Musicien originaire d\u2019Yssingeaux, Jean Baptiste BRESSON a \u00e9tudi\u00e9\u0301 la trompette a\u0300 l\u2019\u00e9cole de musique intercommunale des Sucs, puis au Conservatoire a\u0300 Rayonnement R\u00e9gional de Saint Etienne ou\u0300 il a obtenu un Dipl\u00f4me d\u2019\u00c9tudes Musicales de Trompette. Il \u00e9tudie parall\u00e8lement la musicologie \u00e0 l\u2019universit\u00e9 Jean Monnet. La r\u00e9ussite \u00e0 l\u2019examen du Dipl\u00f4me d\u2019\u00c9tude Musicales lui permet d\u2019int\u00e9grer le CEFEDEM Auvergne Rh\u00f4ne Alpes \u00e0 Lyon. Il obtient ainsi en 2022 le Dipl\u00f4me d\u2019\u00c9tat de professeur de trompette. Il poursuit depuis 2020 ses \u00e9tudes musicales en Parcours Pr\u00e9paratoire \u00e0 l\u2019Enseignement Sup\u00e9rieur au Conservatoire de Lyon. Il est \u00e9galement professeur de trompette \u00e0 l\u2019\u00c9cole Intercommunale de Musique des Sucs et \u00e0 l\u2019\u00e9cole de musique Jean Wiener de V\u00e9nissieux.<\/p>\n<p>Premiers prix d&rsquo;orgue et d&rsquo;improvisation des Conservatoires re\u0301gionaux de Lyon, St Maur des Foss\u00e9s, de la ville de Paris et du Conservatoire national supe\u0301rieur de musique de Lyon, Pierre ASTOR est organiste de la cath\u00e9drale Saint Charles a\u0300 Saint Etienne ; il enseigne a\u0300 l\u2019\u00e9cole de musique de Firminy ainsi qu\u2019aux conservatoires a\u0300 rayonnement d\u00e9partemental de Bourgoin-Jallieu et de la Creuse.<\/p>\n<p>En plus d\u2019une production habituelle de concerts, cet ensemble consacre l\u2019essentiel de ses activit\u00e9s de diffusion \u00e0 irriguer des petites communes rurales o\u00f9 n\u2019existe ni saison culturelle, ni activit\u00e9 de diffusion musicale. Il se produit parfois dans des tr\u00e8s petits villages, et parfois lieux insolites &#8211; ch\u00e2teaux, chapelles, maisons fortes, maison d\u2019assembl\u00e9e- ou \u00e0 r\u00e9habiliter, ces musiciens se proposent de mettre en valeur des monuments vari\u00e9s anciens ou r\u00e9cents, sacr\u00e9s ou non. Ils ont toujours rencontre\u0301 un tr\u00e8s large public enthousiaste.<\/p>\n<p>L\u2019entr\u00e9e reste libre.<\/p>\n","protected":false},"excerpt":{"rendered":"Un concert est organis\u00e9 \u00e0 l\u2019\u00e9glise de \u00ab\u00a0Malmont\u00a0\u00bb \u00e0 Saint Just-Malmont le vendredi 18 juillet \u00e0 20 h&hellip;\n","protected":false},"author":2,"featured_media":244736,"comment_status":"","ping_status":"","sticky":false,"template":"","format":"standard","meta":{"footnotes":""},"categories":[9653],"tags":[1111,2281,11,2430,1777,674,2282,1011,27,2280,2284,2285,2283,12,25,4001],"class_list":{"0":"post-244735","1":"post","2":"type-post","3":"status-publish","4":"format-standard","5":"has-post-thumbnail","7":"category-saint-etienne","8":"tag-actu","9":"tag-actualite-43","10":"tag-actualites","11":"tag-auvergne-rhone-alpes","12":"tag-eu","13":"tag-europe","14":"tag-faits-divers-auvergne","15":"tag-fr","16":"tag-france","17":"tag-information-haute-loire","18":"tag-infos-43","19":"tag-journal-haute-loire","20":"tag-la-commere-43","21":"tag-news","22":"tag-republique-francaise","23":"tag-saint-etienne"},"share_on_mastodon":{"url":"https:\/\/pubeurope.com\/@fr\/114839877409007485","error":""},"_links":{"self":[{"href":"https:\/\/www.europesays.com\/fr\/wp-json\/wp\/v2\/posts\/244735","targetHints":{"allow":["GET"]}}],"collection":[{"href":"https:\/\/www.europesays.com\/fr\/wp-json\/wp\/v2\/posts"}],"about":[{"href":"https:\/\/www.europesays.com\/fr\/wp-json\/wp\/v2\/types\/post"}],"author":[{"embeddable":true,"href":"https:\/\/www.europesays.com\/fr\/wp-json\/wp\/v2\/users\/2"}],"replies":[{"embeddable":true,"href":"https:\/\/www.europesays.com\/fr\/wp-json\/wp\/v2\/comments?post=244735"}],"version-history":[{"count":0,"href":"https:\/\/www.europesays.com\/fr\/wp-json\/wp\/v2\/posts\/244735\/revisions"}],"wp:featuredmedia":[{"embeddable":true,"href":"https:\/\/www.europesays.com\/fr\/wp-json\/wp\/v2\/media\/244736"}],"wp:attachment":[{"href":"https:\/\/www.europesays.com\/fr\/wp-json\/wp\/v2\/media?parent=244735"}],"wp:term":[{"taxonomy":"category","embeddable":true,"href":"https:\/\/www.europesays.com\/fr\/wp-json\/wp\/v2\/categories?post=244735"},{"taxonomy":"post_tag","embeddable":true,"href":"https:\/\/www.europesays.com\/fr\/wp-json\/wp\/v2\/tags?post=244735"}],"curies":[{"name":"wp","href":"https:\/\/api.w.org\/{rel}","templated":true}]}}