{"id":244737,"date":"2025-07-12T10:50:12","date_gmt":"2025-07-12T10:50:12","guid":{"rendered":"https:\/\/www.europesays.com\/fr\/244737\/"},"modified":"2025-07-12T10:50:12","modified_gmt":"2025-07-12T10:50:12","slug":"saint-etienne-le-parc-mitterrand-pret-a-faire-peau-neuve","status":"publish","type":"post","link":"https:\/\/www.europesays.com\/fr\/244737\/","title":{"rendered":"SAINT-\u00c9TIENNE : LE PARC MITTERRAND PR\u00caT \u00c0 FAIRE PEAU NEUVE"},"content":{"rendered":"<p>                <a href=\"https:\/\/cadenceradio.fr\" target=\"_blank\" aria-label=\"Banni\u00e8re Cadence 2025\" rel=\"noopener\"><img loading=\"lazy\" decoding=\"async\" src=\"https:\/\/www.europesays.com\/fr\/wp-content\/uploads\/2025\/07\/Banniere-Cadence-2025-scaled.jpg\" alt=\"\"   width=\"2560\" height=\"738\"\/><\/a><\/p>\n<p>Le parc Fran\u00e7ois-Mitterrand va b\u00e9n\u00e9ficier d\u2019une r\u00e9novation compl\u00e8te qui promet de transformer radicalement cet espace de dix hectares en v\u00e9ritable havre de paix urbain.<\/p>\n<p>Les travaux de r\u00e9habilitation s\u2019\u00e9taleront sur une p\u00e9riode d\u2019un an et demi, n\u00e9cessitant un investissement municipal de 6 millions d\u2019euros. Cette op\u00e9ration d\u2019envergure vise \u00e0 cr\u00e9er un espace de d\u00e9tente moderne et attractif au c\u0153ur de la ville, r\u00e9pondant aux attentes des habitants en qu\u00eate de nature et de tranquillit\u00e9.<\/p>\n<p>Un \u00e9crin de verdure repens\u00e9 de A \u00e0 Z<\/p>\n<p>Le projet pr\u00e9voit une v\u00e9g\u00e9talisation intensive avec la plantation de 450 nouveaux arbres accompagn\u00e9s de 350 arbustes, cr\u00e9ant ainsi un v\u00e9ritable \u00e9cosyst\u00e8me urbain. Les espaces enherb\u00e9s repr\u00e9senteront 2,5 hectares de pelouses soigneusement am\u00e9nag\u00e9es, offrant de vastes zones de d\u00e9tente et de loisirs pour tous les \u00e2ges.<\/p>\n<p>Pour rendre ce lieu plus attractif, plusieurs entr\u00e9es seront d\u00e9gag\u00e9es et mises en valeur, am\u00e9liorant consid\u00e9rablement la visibilit\u00e9 et l\u2019accessibilit\u00e9 du parc depuis les axes principaux. Les cheminements int\u00e9rieurs feront \u00e9galement l\u2019objet d\u2019une attention particuli\u00e8re avec la r\u00e9fection compl\u00e8te des all\u00e9es.<\/p>\n<p>Du mobilier urbain pour tous les go\u00fbts<\/p>\n<p>Les am\u00e9nagements incluront l\u2019installation de mobilier urbain adapt\u00e9 aux besoins des utilisateurs : tables pour les pique-niques, bancs pour les moments de repos, et sanitaires publics pour assurer le confort des visiteurs. Ces \u00e9quipements permettront aux St\u00e9phanois de profiter pleinement de leur nouveau lieu de d\u00e9tente.<\/p>\n<p>Seul b\u00e9mol dans ce projet ambitieux : le panneau indicateur situ\u00e9 boulevard Jules-Janin comporterait une erreur sur le pr\u00e9nom de l\u2019ancien pr\u00e9sident de la R\u00e9publique. La municipalit\u00e9 devrait profiter de ces travaux pour rectifier cette coquille et rendre ainsi un hommage plus fid\u00e8le \u00e0 Fran\u00e7ois Mitterrand. Une correction pr\u00e9vue pour le mois de septembre, histoire que tout soit parfait dans ce nouveau poumon vert st\u00e9phanois.<\/p>\n","protected":false},"excerpt":{"rendered":"Le parc Fran\u00e7ois-Mitterrand va b\u00e9n\u00e9ficier d\u2019une r\u00e9novation compl\u00e8te qui promet de transformer radicalement cet espace de dix hectares&hellip;\n","protected":false},"author":2,"featured_media":244738,"comment_status":"","ping_status":"","sticky":false,"template":"","format":"standard","meta":{"footnotes":""},"categories":[9653],"tags":[1111,11,2430,1777,674,1011,27,12,36179,25,4001,2086],"class_list":{"0":"post-244737","1":"post","2":"type-post","3":"status-publish","4":"format-standard","5":"has-post-thumbnail","7":"category-saint-etienne","8":"tag-actu","9":"tag-actualites","10":"tag-auvergne-rhone-alpes","11":"tag-eu","12":"tag-europe","13":"tag-fr","14":"tag-france","15":"tag-news","16":"tag-parc-francois-mitterrand","17":"tag-republique-francaise","18":"tag-saint-etienne","19":"tag-travaux"},"share_on_mastodon":{"url":"https:\/\/pubeurope.com\/@fr\/114839881413142304","error":""},"_links":{"self":[{"href":"https:\/\/www.europesays.com\/fr\/wp-json\/wp\/v2\/posts\/244737","targetHints":{"allow":["GET"]}}],"collection":[{"href":"https:\/\/www.europesays.com\/fr\/wp-json\/wp\/v2\/posts"}],"about":[{"href":"https:\/\/www.europesays.com\/fr\/wp-json\/wp\/v2\/types\/post"}],"author":[{"embeddable":true,"href":"https:\/\/www.europesays.com\/fr\/wp-json\/wp\/v2\/users\/2"}],"replies":[{"embeddable":true,"href":"https:\/\/www.europesays.com\/fr\/wp-json\/wp\/v2\/comments?post=244737"}],"version-history":[{"count":0,"href":"https:\/\/www.europesays.com\/fr\/wp-json\/wp\/v2\/posts\/244737\/revisions"}],"wp:featuredmedia":[{"embeddable":true,"href":"https:\/\/www.europesays.com\/fr\/wp-json\/wp\/v2\/media\/244738"}],"wp:attachment":[{"href":"https:\/\/www.europesays.com\/fr\/wp-json\/wp\/v2\/media?parent=244737"}],"wp:term":[{"taxonomy":"category","embeddable":true,"href":"https:\/\/www.europesays.com\/fr\/wp-json\/wp\/v2\/categories?post=244737"},{"taxonomy":"post_tag","embeddable":true,"href":"https:\/\/www.europesays.com\/fr\/wp-json\/wp\/v2\/tags?post=244737"}],"curies":[{"name":"wp","href":"https:\/\/api.w.org\/{rel}","templated":true}]}}