{"id":244755,"date":"2025-07-12T10:59:13","date_gmt":"2025-07-12T10:59:13","guid":{"rendered":"https:\/\/www.europesays.com\/fr\/244755\/"},"modified":"2025-07-12T10:59:13","modified_gmt":"2025-07-12T10:59:13","slug":"auvergne-rhone-alpes-islamogauchisme-a-luniversite-laurent-wauquiez-ecrit-a-francois-bayrou-et-cite-sciences-po-grenoble","status":"publish","type":"post","link":"https:\/\/www.europesays.com\/fr\/244755\/","title":{"rendered":"Auvergne-Rh\u00f4ne-Alpes. Islamogauchisme \u00e0 l\u2019universit\u00e9\u00a0? Laurent Wauquiez \u00e9crit \u00e0 Fran\u00e7ois Bayrou et cite Sciences Po Grenoble"},"content":{"rendered":"<p>Il y a quelques jours, Philippe Baptiste \u2013 ministre de l\u2019Enseignement sup\u00e9rieur \u2013 <a href=\"https:\/\/www.bfmtv.com\/politique\/gouvernement\/video-pour-le-ministre-philippe-baptiste-l-universite-n-est-pas-gangrenee-par-l-islamo-gauchisme_VN-202507100542.html\" target=\"_blank\" rel=\"noopener\">contestait l\u2019existence de \u00ab\u00a0l\u2019islamogauchisme\u00a0\u00bb<\/a> au sein de l\u2019universit\u00e9 fran\u00e7aise, pr\u00e9cisant que le terme n\u2019existait pas \u00ab\u00a0en tant que terme universitaire.\u00a0\u00bb<\/p>\n<p>Des propos qui ont tellement surpris l\u2019ex-pr\u00e9sident de la R\u00e9gion Auvergne-Rh\u00f4ne-Alpes et actuel d\u00e9put\u00e9 <a href=\"https:\/\/www.ledauphine.com\/p\/laurent-wauquiez\" target=\"_blank\" rel=\"noopener\">Laurent Wauquiez<\/a> (LR), qu\u2019il a \u00e9crit une lettre ouverte au Premier ministre, <a href=\"https:\/\/www.ledauphine.com\/p\/francois-bayrou\" target=\"_blank\" rel=\"noopener\">Fran\u00e7ois Bayrou<\/a>. Dans cette missive, qui est visible en int\u00e9gralit\u00e9 sur le r\u00e9seau social X (ex-Twitter), l\u2019\u00e9lu \u00e9crit\u00a0: \u201cC\u2019est avec consternation que nous avons pris connaissance de votre ministre de l\u2019Enseignement sup\u00e9rieur, selon lequel l\u2019islamogauchisme n\u2019existe pas. Sur bien des sujets, nous pouvons avoir des divergences d\u2019opinions et de sensibilit\u00e9s, il est des questions qu\u2019il n\u2019est plus possible d\u2019\u00e9luder par d\u00e9ni ou relativisme\u201d.<\/p>\n<p>Il ajoute\u00a0: \u201cComment expliquer que l\u2019universit\u00e9 ne serait pas concern\u00e9e par l\u2019islamogauchisme, alors que pour citer le seul exemple de ma propre r\u00e9gion, un professeur a \u00e9t\u00e9 menac\u00e9 par des activistes \u00e0 Science Po Grenoble au motif qu\u2019il aurait remis en cause le terme d\u2019islamophobie [\u2026] Face \u00e0 ces d\u00e9rives, aucune complaisance, aucune faiblesse, n\u2019est possible. La r\u00e9ponse de l\u2019\u00c9tat doit \u00eatre implacable et d\u2019une clart\u00e9 absolue. Aussi, je vous demande de clarifier la position de votre gouvernement\u201d.<\/p>\n<p>Ce contenu est bloqu\u00e9 car vous n&rsquo;avez pas accept\u00e9 les cookies et autres traceurs.<\/p>\n<p>En cliquant sur \u00ab J\u2019accepte \u00bb, les cookies et autres traceurs seront d\u00e9pos\u00e9s et vous pourrez visualiser les contenus  (<a href=\"\" class=\"consentModule_policy\" target=\"_blank\" title=\"Consulter la politique de protection des donn\u00e9es du fournisseur\">plus d&rsquo;informations<\/a>).<\/p>\n<p>En cliquant sur \u00ab J\u2019accepte tous les cookies \u00bb, vous autorisez des d\u00e9p\u00f4ts de cookies et autres traceurs pour le stockage de vos donn\u00e9es sur nos sites et applications \u00e0 des fins de personnalisation et de ciblage publicitaire.<\/p>\n<p class=\"consentModule_secondaryText\">Vous gardez la possibilit\u00e9 de retirer votre consentement \u00e0 tout moment en consultant notre <a href=\"https:\/\/www.ledauphine.com\/protection-des-donnees\" target=\"_blank\" title=\"Consulter notre politique de protection des donn\u00e9es\" rel=\"noopener\">politique de protection des donn\u00e9es<\/a>. <br \/>&#13;<br \/>\n            <a href=\"https:\/\/www.ledauphine.com\/education\/2025\/07\/12\/javascript:Didomi.notice.show()\" class=\"consentModule_cmp\" target=\"_blank\" rel=\"noopener\">G\u00e9rer mes choix<\/a>&#13;\n        <\/p>\n<p>&#13;<br \/>\n                        J&rsquo;accepte&#13;<br \/>\n            J&rsquo;accepte tous les cookies&#13;\n        <\/p>\n","protected":false},"excerpt":{"rendered":"Il y a quelques jours, Philippe Baptiste \u2013 ministre de l\u2019Enseignement sup\u00e9rieur \u2013 contestait l\u2019existence de \u00ab\u00a0l\u2019islamogauchisme\u00a0\u00bb au&hellip;\n","protected":false},"author":2,"featured_media":244756,"comment_status":"","ping_status":"","sticky":false,"template":"","format":"standard","meta":{"footnotes":""},"categories":[9566],"tags":[1111,11,2738,4646,2430,2730,112,1057,4854,1777,674,107,1011,27,329,2731,2732,4638,108,6319,12,316,25],"class_list":{"0":"post-244755","1":"post","2":"type-post","3":"status-publish","4":"format-standard","5":"has-post-thumbnail","7":"category-grenoble","8":"tag-actu","9":"tag-actualites","10":"tag-ain","11":"tag-ardeche","12":"tag-auvergne-rhone-alpes","13":"tag-drome","14":"tag-edition-grenoble-agglomeration","15":"tag-education","16":"tag-enseignement-superieur","17":"tag-eu","18":"tag-europe","19":"tag-fil-info","20":"tag-fr","21":"tag-france","22":"tag-france-monde","23":"tag-grenoble","24":"tag-grenoble-bassin","25":"tag-haute-savoie","26":"tag-isere","27":"tag-les-republicains","28":"tag-news","29":"tag-politique","30":"tag-republique-francaise"},"share_on_mastodon":{"url":"https:\/\/pubeurope.com\/@fr\/114839916540402515","error":""},"_links":{"self":[{"href":"https:\/\/www.europesays.com\/fr\/wp-json\/wp\/v2\/posts\/244755","targetHints":{"allow":["GET"]}}],"collection":[{"href":"https:\/\/www.europesays.com\/fr\/wp-json\/wp\/v2\/posts"}],"about":[{"href":"https:\/\/www.europesays.com\/fr\/wp-json\/wp\/v2\/types\/post"}],"author":[{"embeddable":true,"href":"https:\/\/www.europesays.com\/fr\/wp-json\/wp\/v2\/users\/2"}],"replies":[{"embeddable":true,"href":"https:\/\/www.europesays.com\/fr\/wp-json\/wp\/v2\/comments?post=244755"}],"version-history":[{"count":0,"href":"https:\/\/www.europesays.com\/fr\/wp-json\/wp\/v2\/posts\/244755\/revisions"}],"wp:featuredmedia":[{"embeddable":true,"href":"https:\/\/www.europesays.com\/fr\/wp-json\/wp\/v2\/media\/244756"}],"wp:attachment":[{"href":"https:\/\/www.europesays.com\/fr\/wp-json\/wp\/v2\/media?parent=244755"}],"wp:term":[{"taxonomy":"category","embeddable":true,"href":"https:\/\/www.europesays.com\/fr\/wp-json\/wp\/v2\/categories?post=244755"},{"taxonomy":"post_tag","embeddable":true,"href":"https:\/\/www.europesays.com\/fr\/wp-json\/wp\/v2\/tags?post=244755"}],"curies":[{"name":"wp","href":"https:\/\/api.w.org\/{rel}","templated":true}]}}