{"id":244759,"date":"2025-07-12T11:01:15","date_gmt":"2025-07-12T11:01:15","guid":{"rendered":"https:\/\/www.europesays.com\/fr\/244759\/"},"modified":"2025-07-12T11:01:15","modified_gmt":"2025-07-12T11:01:15","slug":"les-animations-prevues-sur-le-bord-de-la-route-en-ille-et-vilaine-samedi-12-juillet","status":"publish","type":"post","link":"https:\/\/www.europesays.com\/fr\/244759\/","title":{"rendered":"les animations pr\u00e9vues sur le bord de la route en Ille-et-Vilaine, samedi 12 juillet"},"content":{"rendered":"<p>            Par<br \/>\n        <strong><br \/>\n            <a href=\"https:\/\/actu.fr\/auteur\/brian-legoff\" title=\"Consulter tous les articles de Brian Le Goff\" rel=\"nofollow noopener\" target=\"_blank\">Brian Le Goff<\/a><br \/>\n        <\/strong><\/p>\n<p>        Publi\u00e9 le<\/p>\n<p>            12 juil. 2025 \u00e0 9h27        <\/p>\n<p><strong>Samedi 12\u00a0juillet 2025,<\/strong> \u00e0 l\u2019occasion de la <a href=\"https:\/\/actu.fr\/bretagne\/rennes_35238\/carte-tour-de-france-decouvrez-le-trace-de-la-8e-etape-entre-saint-meen-le-grand-pres-de-rennes-et-laval_62860441.html\" rel=\"nofollow noopener\" target=\"_blank\">huiti\u00e8me \u00e9tape du Tour de France entre Saint-M\u00e9en-le-Grand et Laval<\/a>, le d\u00e9partement d\u2019Ille-et-Vilaine, travers\u00e9 de l\u2019ouest vers l\u2019est, sera en f\u00eate. <strong>De nombreux villages et villes se mobilisent<\/strong> pour c\u00e9l\u00e9brer le passage du peloton. Petit tour d\u2019horizon des animations organis\u00e9es dans le bord de la route de la Grande Boucle.<\/p>\n<p class=\" wall-content\">[Cette liste n\u2019est pas exhaustive. Elle a \u00e9t\u00e9 construite \u00e0 partir des informations communiqu\u00e9es \u00e0 actu Rennes, disponibles sur les sites officiels des Villes ou via leurs r\u00e9seaux sociaux.]<\/p>\n<p>Grand d\u00e9part de Saint-M\u00e9en<\/p>\n<p class=\" wall-content\">Ville d\u00e9part de la huiti\u00e8me \u00e9tape, Saint-M\u00e9en-le-Grand, berceau du triple vainqueur Louison Bobet, organise son<strong> festival V\u00e9lo en M\u00e9en<\/strong> (se dit main), samedi apr\u00e8s-midi apr\u00e8s les animations et le podium avec les \u00e9quipes cyclistes au village d\u00e9part du Tour.<\/p>\n<p class=\" wall-content\">Buvette et restauration d\u00e8s 10h, avant le<strong> passage de la caravane \u00e0 11h et 11h30\u2009;<\/strong> au programme <strong>d\u00e8s 13h<\/strong> sur les terrains de sport\u2009:<\/p>\n<ul class=\" wall-content\">\n<li>retransmission de l\u2019\u00e9tape sur \u00e9cran g\u00e9ant\u2009;<\/li>\n<li>v\u00e9lo smoothie (pr\u00e9parez votre boisson \u00ab\u2009smoothie\u2009\u00bb en p\u00e9dalant\u2009!) ;<\/li>\n<li>jeux en bois\u2009;<\/li>\n<li>draisiennes et ateliers de r\u00e9paration de v\u00e9los\u2009;<\/li>\n<li>cyclo Village avec skatepark, circuit BMX, animations r\u00e9alit\u00e9 virtuelle et v\u00e9lo rigolo\u2009;<\/li>\n<li>d\u00e9ambulation d\u2019une <strong>fanfare<\/strong>\u2009;<\/li>\n<li><strong>concert<\/strong> Jam Rock \u00e0 18h\u2009;<\/li>\n<li><strong>bal<\/strong> du (14) 12\u00a0juillet cette ann\u00e9e anim\u00e9 par Vinyle Idylle d\u00e8s 21h.<\/li>\n<\/ul>\n<p class=\" wall-content\">Pour conna\u00eetre les<strong> modalit\u00e9s d\u2019acc\u00e8s et de stationnement<\/strong> \u00e0 Saint-M\u00e9en-le-Grand, consultez la carte ci-dessous. Plus d\u2019informations sur <a href=\"https:\/\/www.stmeen.fr\/tour-de-france-2025\/\" rel=\"nofollow noopener\" target=\"_blank\">stmeen.fr<\/a>.<\/p>\n<p>    <a href=\"https:\/\/www.google.fr\/maps\/d\/embed?mid=13LDEA_sQYKLh1Kw6MGdR8-tnnWSPeR8&amp;ehbc=2E312F\" title=\"Ouvrie le lien\" rel=\"nofollow noopener\" target=\"_blank\">Cliquez ici pour visualiser le contenu<\/a><\/p>\n<p>Vid\u00e9os : en ce moment sur ActuSaint-Onen-la-Chapelle<\/p>\n<p class=\" wall-content\">La caravane est attendue entre 11h15 et 11h30. Des <strong>animations<\/strong>, organis\u00e9es par la municipalit\u00e9 et les deux clubs de v\u00e9lo, sont pr\u00e9vues<strong> sur l\u2019esplanade de l\u2019\u00e9glise<\/strong> avec notamment la pr\u00e9sence d\u2019un <strong>bagad entre 11h et 13h<\/strong>. Les coureurs arriveront vers 13h15.<\/p>\n<p class=\" wall-content\">Il y aura \u00e9galement <strong>le r\u00e9sultat du concours de la meilleure d\u00e9coration<\/strong> (maison, jardin, parc) avec des lots \u00e0 gagner.<\/p>\n<p>Montauban-de-Bretagne<\/p>\n<p class=\" wall-content\">Samedi 12\u00a0juillet 2025, les<strong> coureurs passeront vers 13h30<\/strong> la rue d\u2019Iffendic, l\u2019avenue de la Gare, la rue du G\u00e9n\u00e9ral de Gaulle, la rue de Romill\u00e9, les P\u00eacheries, la rue des Fontenelles et rue de Rennes. La <strong>caravane arrivera deux heures plus t\u00f4t,<\/strong> vers 11h35.<\/p>\n<p class=\" wall-content\">Animations sur les terrasses du c\u0153ur de ville\u2009:<\/p>\n<ul class=\" wall-content\">\n<li><strong>camion boutique\u2009:<\/strong> vente des produits officiels du Tour de France\u2009;<\/li>\n<li>de 8h \u00e0 16h\u2009: <strong>\u00ab\u2009D\u00e9fi v\u00e9lo\u2009\u00bb solidaire<\/strong> organis\u00e9 par le GACM battra son plein pour l\u2019AFM T\u00e9l\u00e9thon\u2009: 8\u00a0heures de p\u00e9dalage sur les v\u00e9los d\u2019appartement \u00e0 disposition en partenariat avec Orange Bleue et Fightness Training, tombola, gourmandises et bonne humeur pendant le passage du Tour de France\u2009;<\/li>\n<li>11h45\u2009: Fitness et animation fun avec Fightness Training\u2009;<\/li>\n<li>12h45\u2009: Body combat avec Fightness Training\u2009;<\/li>\n<li>15h\u2009: r\u00e9sultats concours de v\u00e9los d\u00e9cor\u00e9s.<\/li>\n<\/ul>\n<p class=\" wall-content\">Sur le parvis de l\u2019\u00e9glise\u2009:<\/p>\n<ul class=\" wall-content\">\n<li>buvette et restauration par l\u2019OCM Cyclo\u2009;<\/li>\n<li>11h, 12h et 13h\u2009: <strong>cours de v\u00e9los d\u2019appartement<\/strong> (30 min) par Orange Bleue.<\/li>\n<\/ul>\n<p>Romill\u00e9<\/p>\n<p class=\" wall-content\">Dans le village de Romill\u00e9, le bar Au Boulot organise un <strong>concert du groupe Don Julio el Pirata<\/strong> (guitare, accord\u00e9on chromatique), selon le site internet officiel municipal.<\/p>\n<p class=\" wall-content\">L\u2019association Anim\u2019\u00e2ge ensemble propose un stand de galettes de vente de galettes saucisses au niveau du centre municipal de Sant\u00e9.<\/p>\n<p>G\u00e9vez\u00e9<\/p>\n<p class=\" wall-content\">Les temps forts de la journ\u00e9e\u2009:<\/p>\n<ul class=\" wall-content\">\n<li>12h, d\u00e9fil\u00e9 de la caravane publicitaire\u2009;<\/li>\n<li>14h, passage des coureurs dans le centre-ville\u2009;<\/li>\n<\/ul>\n<p>    <a href=\"https:\/\/www.facebook.com\/plugins\/post.php?href=https%3A%2F%2Fwww.facebook.com%2Fmairiedegeveze%2Fposts%2Fpfbid0KfebVSGopaeDL4Xy58TDUUqu3mAAKg1qkGNLBGsvHcv94h4aUQEdJQrrLSDKhZ2Wl&amp;show_text=true&amp;width=350\" title=\"Ouvrie le lien\" rel=\"nofollow noopener\" target=\"_blank\">Cliquez ici pour visualiser le contenu<\/a><\/p>\n<p class=\" wall-content\"><strong>Ambiance festive avec animations et restauration<\/strong> sur place, garantit la Ville.<\/p>\n<p>Melesse<\/p>\n<p class=\" wall-content\">\u00ab\u2009Moment de f\u00eate populaire\u2009\u00bb, le passage du Tour de France est un temps privil\u00e9gi\u00e9 pour faire d\u00e9couvrir notre commune, explique la Ville sur son site internet.<\/p>\n<p class=\" wall-content\">Une <strong>\u00e9dition sp\u00e9ciale du concours des maisons fleuries<\/strong> sur le th\u00e8me de la Grande boucle a donc lieu. Une <strong>votation citoyenne<\/strong> est organis\u00e9e<strong> jusqu\u2019\u00e0 ce samedi 12\u00a0juillet<\/strong> afin de s\u00e9lectionner les 10 premiers balcons ou jardins. Un jury passera ensuite voir les 10 s\u00e9lectionn\u00e9s et \u00e9tablira un classement. La remise de prix aura lieu \u00e0 l\u2019occasion du march\u00e9 de No\u00ebl 2025.<\/p>\n<p class=\" wall-content\">C\u00f4t\u00e9 animations,<strong> de 10h \u00e0 17h, place de l\u2019\u00e9glise\u2009:<\/strong><\/p>\n<ul class=\" wall-content\">\n<li>l\u2019association Transports Mobilit\u00e9 organise une <strong>grande vente de v\u00e9lo<\/strong> sur la place de l\u2019\u00c9glise\u2009;<\/li>\n<li>une <strong>piste d\u2019essai de diff\u00e9rents v\u00e9los<\/strong> sera \u00e9galement mise en place (v\u00e9lo \u00e9lectrique, couch\u00e9, tandem, cargo\u2026) ;<\/li>\n<li>J\u00e9ran Bricaud, pilote de <strong>VTT Trial<\/strong> depuis l\u2019\u00e2ge de 14\u00a0ans, viendra r\u00e9aliser des <strong>d\u00e9monstrations<\/strong> sur plusieurs obstacles.<\/li>\n<\/ul>\n<p>Chevaign\u00e9<\/p>\n<p class=\" wall-content\">Pour le passage du Tour de France \u00e0 Chevaign\u00e9, au nord de Betton, ce samedi, on met les petits plats dans les grands. Et c\u2019est bien toute la ville, du comit\u00e9 des f\u00eates aux associations, qui s\u2019est mobilis\u00e9e pour saluer les coureurs\u2009:<\/p>\n<ul class=\" wall-content\">\n<li>Les associations repair cafe \u2018Canal Repair\u2019 et de VTT \u2018Canal Riders\u2019 mettent en place une<strong> fresque XXL en forme de v\u00e9lo visible depuis le ciel<\/strong> \u00e0 proximit\u00e9 du passage des coureurs. Cette fresque sera plac\u00e9e dans une prairie au niveau de la rivi\u00e8re en contrebas du village. Celle-ci est constitu\u00e9e d\u2019<strong>environ 100 v\u00e9los<\/strong> donn\u00e9s par les habitants dans les d\u00e9ch\u00e8teries de Rennes M\u00e9tropole. L\u2019association Canal Repair organise \u00e9galement une <strong>vente de v\u00e9los recycl\u00e9s, de 10h \u00e0 16h, pr\u00e8s de la gare<\/strong>.<\/li>\n<li>Le Comit\u00e9 des F\u00eates sera heureux de vous accueillir sur la<strong> Fan zone<\/strong> qui se situera sur le <strong>parking nord de la Gare de 10h \u00e0 17h<\/strong>. Le public pourra suivre le Tour de France gr\u00e2ce \u00e0 <strong>l\u2019\u00e9cran g\u00e9ant<\/strong>, pourra participer au<strong> challenge Home Rider<\/strong> et voir figurer son nom sur le grand \u00e9cran et contribuer \u00e0 la cagnotte au profit du T\u00e9l\u00e9thon, <strong>admirer un v\u00e9lo datant de 1830<\/strong> (le public averti pourra juger son poids r\u00e9el et pourra gagner un lot), tout en se restaurant aupr\u00e8s d\u2019une galette saucisse, frites et cr\u00eapes, participer au <strong>concours d\u2019initiation aux palets<\/strong> ou pour les plus jeunes un <strong>parcours VTT<\/strong>.<\/li>\n<\/ul>\n<p>Saint-Sulpice-la-For\u00eat<\/p>\n<ul class=\" wall-content\">\n<li>L\u2019Association Socioculturelle de la commune animera un <strong>stand d\u2019animation et de buvette<\/strong> au niveau de La R\u00e9sidence La Chesnais\u2009;<\/li>\n<li>une<strong> installation agricole \u00ab\u2009vue du ciel\u2009\u00bb<\/strong> sera install\u00e9e dans un champ au niveau du carrefour de La Chesnais\u2009;<\/li>\n<li>le Guibra animera un <strong>stand de buvette et galettes saucisses<\/strong> sur le parking de la salle polyvalente\u2009;<\/li>\n<li>le <strong>foodtruck<\/strong> Krazymick (cr\u00eapes et galettes) sera \u00e9galement pr\u00e9sent sur le parking du 4 Rue Naise\u2009;<\/li>\n<li>une <strong>animation de Permajuice<\/strong> sera pr\u00e9sente sur le parking de la salle polyvalente\u2009;<\/li>\n<li>la <strong>fanfare<\/strong> Silly animera enfin le c\u0153ur de bourg.<\/li>\n<\/ul>\n<p>Pour le reste du parcours\u2009:<\/p>\n<p class=\" wall-content\">Dans <strong>le pays de Foug\u00e8res,<\/strong> <a href=\"https:\/\/actu.fr\/bretagne\/liffre_35152\/ille-et-vilaine-ces-deux-communes-pres-de-rennes-vont-faire-la-fete-lors-du-tour-de-france_62884614.html\" rel=\"nofollow noopener\" target=\"_blank\">les communes de Liffr\u00e9 et Chasn\u00e9-sur-Illet pr\u00e9voient \u00e9galement de nombreuses animations, \u00e0 lire sur La Chronique R\u00e9publicaine<\/a>.<\/p>\n<p class=\" wall-content\">Dans le pays de <a href=\"https:\/\/actu.fr\/bretagne\/vitre_35360\/tour-de-france-a-vitre-ecran-geant-animations-quel-programme-le-12-juillet_62730078.html\" rel=\"nofollow noopener\" target=\"_blank\">Vitr\u00e9, la ville centre d\u2019abord se mobilise<\/a>. Ce sera aussi le cas <a href=\"https:\/\/actu.fr\/bretagne\/vitre_35360\/tour-de-france-en-ille-et-vilaine-ecran-geant-et-animations-dans-cette-commune_62900208.html\" rel=\"nofollow noopener\" target=\"_blank\">d\u2019Argentr\u00e9-du-Plessis, comme vous pouvez le lire sur Le Journal de Vitr\u00e9<\/a>.<\/p>\n<p class=\" wall-content\">En <strong>Mayenne<\/strong>, d\u00e9couvrez <a href=\"https:\/\/actu.fr\/pays-de-la-loire\/laval_53130\/tour-de-france-2025-ou-se-placer-en-mayenne-pour-bien-voir-les-coureurs-lors-de-letape-8_62886071.html\" rel=\"nofollow noopener\" target=\"_blank\">les meilleurs endroits o\u00f9 vous placer pour bien voir les coureurs gr\u00e2ce \u00e0 notre m\u00e9dia Le Publicateur LIbre<\/a>.<\/p>\n<p class=\" wall-content\">Profitez bien de cette journ\u00e9e avec <a href=\"https:\/\/actu.fr\/\" rel=\"nofollow noopener\" target=\"_blank\">actu.fr<\/a>, <strong>prot\u00e9gez-vous du soleil<\/strong> (chapeau, casquette, cr\u00e8me solaire\u2026), <strong>buvez<\/strong> r\u00e9guli\u00e8rement <strong>de l\u2019eau<\/strong>, ne prenez pas de risque sur la route et <strong>restez bien sur le bord<\/strong> au passage des v\u00e9hicules et des v\u00e9los.<\/p>\n<p class=\" wall-content\">Suivez toute l\u2019actualit\u00e9 de vos villes et m\u00e9dias favoris en vous inscrivant \u00e0 <a href=\"https:\/\/moncompte.actu.fr\" title=\"D\u00e9couvez Mon Actu\" rel=\"nofollow noopener\" data-trk=\"{&quot;cta&quot;:{&quot;action&quot;:&quot;https:\\\/\\\/moncompte.actu.fr&quot;,&quot;category&quot;:&quot;mon compte&quot;,&quot;from&quot;:&quot;article footer&quot;,&quot;name&quot;:&quot;Mon actu&quot;,&quot;type&quot;:&quot;cta&quot;}}\" target=\"_blank\">Mon Actu<\/a>.<\/p>\n","protected":false},"excerpt":{"rendered":"Par Brian Le Goff Publi\u00e9 le 12 juil. 2025 \u00e0 9h27 Samedi 12\u00a0juillet 2025, \u00e0 l\u2019occasion de la&hellip;\n","protected":false},"author":2,"featured_media":244760,"comment_status":"","ping_status":"","sticky":false,"template":"","format":"standard","meta":{"footnotes":""},"categories":[2821],"tags":[1111,11,1063,829,1777,674,3696,1011,27,12,584,25,210,2116],"class_list":{"0":"post-244759","1":"post","2":"type-post","3":"status-publish","4":"format-standard","5":"has-post-thumbnail","7":"category-rennes","8":"tag-actu","9":"tag-actualites","10":"tag-animations","11":"tag-bretagne","12":"tag-eu","13":"tag-europe","14":"tag-evenements","15":"tag-fr","16":"tag-france","17":"tag-news","18":"tag-rennes","19":"tag-republique-francaise","20":"tag-tour-de-france","21":"tag-tour-de-france-2025"},"share_on_mastodon":{"url":"https:\/\/pubeurope.com\/@fr\/114839924501886462","error":""},"_links":{"self":[{"href":"https:\/\/www.europesays.com\/fr\/wp-json\/wp\/v2\/posts\/244759","targetHints":{"allow":["GET"]}}],"collection":[{"href":"https:\/\/www.europesays.com\/fr\/wp-json\/wp\/v2\/posts"}],"about":[{"href":"https:\/\/www.europesays.com\/fr\/wp-json\/wp\/v2\/types\/post"}],"author":[{"embeddable":true,"href":"https:\/\/www.europesays.com\/fr\/wp-json\/wp\/v2\/users\/2"}],"replies":[{"embeddable":true,"href":"https:\/\/www.europesays.com\/fr\/wp-json\/wp\/v2\/comments?post=244759"}],"version-history":[{"count":0,"href":"https:\/\/www.europesays.com\/fr\/wp-json\/wp\/v2\/posts\/244759\/revisions"}],"wp:featuredmedia":[{"embeddable":true,"href":"https:\/\/www.europesays.com\/fr\/wp-json\/wp\/v2\/media\/244760"}],"wp:attachment":[{"href":"https:\/\/www.europesays.com\/fr\/wp-json\/wp\/v2\/media?parent=244759"}],"wp:term":[{"taxonomy":"category","embeddable":true,"href":"https:\/\/www.europesays.com\/fr\/wp-json\/wp\/v2\/categories?post=244759"},{"taxonomy":"post_tag","embeddable":true,"href":"https:\/\/www.europesays.com\/fr\/wp-json\/wp\/v2\/tags?post=244759"}],"curies":[{"name":"wp","href":"https:\/\/api.w.org\/{rel}","templated":true}]}}