{"id":244761,"date":"2025-07-12T11:02:12","date_gmt":"2025-07-12T11:02:12","guid":{"rendered":"https:\/\/www.europesays.com\/fr\/244761\/"},"modified":"2025-07-12T11:02:12","modified_gmt":"2025-07-12T11:02:12","slug":"moins-mediatisee-que-rennes-cette-petite-ville-bretonne-enchante-par-son-patrimoine-preserve","status":"publish","type":"post","link":"https:\/\/www.europesays.com\/fr\/244761\/","title":{"rendered":"Moins m\u00e9diatis\u00e9e que Rennes, cette petite ville bretonne enchante par son patrimoine pr\u00e9serv\u00e9"},"content":{"rendered":"<p><strong>\u00c0 l\u2019ombre des projecteurs qui illuminent Rennes, cette cit\u00e9 m\u00e9di\u00e9vale bretonne cache un tr\u00e9sor architectural exceptionnel. Entre remparts s\u00e9culaires et maisons \u00e0 pans de bois color\u00e9es, je t\u2019invite \u00e0 d\u00e9couvrir un joyau du patrimoine breton pr\u00e9serv\u00e9 des flux touristiques massifs. Une escapade dans le temps qui promet \u00e9merveillement et authenticit\u00e9 \u00e0 seulement quelques kilom\u00e8tres de la capitale r\u00e9gionale.<\/strong><\/p>\n<p>Un \u00e9crin m\u00e9di\u00e9val pr\u00e9serv\u00e9 au c\u0153ur de la Bretagne<\/p>\n<p>Je me souviens encore de ma premi\u00e8re visite dans cette ville fortifi\u00e9e. D\u00e8s que j\u2019ai franchi ses imposants remparts, j\u2019ai eu l\u2019impression de remonter le temps. Contrairement \u00e0 Rennes qui a subi un incendie d\u00e9vastateur en 1720, cette petite cit\u00e9 a conserv\u00e9 son \u00e2me m\u00e9di\u00e9vale presque intacte. Ses fortifications, parmi les mieux conserv\u00e9es de Bretagne, s\u2019\u00e9tendent sur pr\u00e8s de trois kilom\u00e8tres.<\/p>\n<p>Ce qui m\u2019a imm\u00e9diatement frapp\u00e9, c\u2019est l\u2019harmonie architecturale qui r\u00e8gne dans ses ruelles pav\u00e9es. Les maisons \u00e0 colombages aux fa\u00e7ades color\u00e9es s\u2019alignent parfaitement, t\u00e9moignant d\u2019un riche pass\u00e9 commercial. Ici, pas besoin de chercher le patrimoine, il t\u2019entoure \u00e0 chaque coin de rue. Le ch\u00e2teau, imposante forteresse m\u00e9di\u00e9vale, domine la cit\u00e9 et offre un panorama saisissant sur les toits d\u2019ardoise et la campagne environnante.<\/p>\n<p>Si tu cherches l\u2019authenticit\u00e9 bretonne, tu la trouveras ici, loin des circuits touristiques traditionnels. \u00c0 l\u2019instar d\u2019<a href=\"https:\/\/www.newsofmarseille.com\/peu-connu-touristes-village-breton-est-pourtant-veritable-tresor-decouvrir-00121122025.html\" target=\"_blank\" rel=\"noopener\">autres villages bretons m\u00e9connus qui rec\u00e8lent de v\u00e9ritables tr\u00e9sors<\/a>, cette ville a su pr\u00e9server son identit\u00e9 tout en restant accueillante pour les visiteurs curieux.<\/p>\n<p>Les amateurs d\u2019histoire seront combl\u00e9s par la richesse du patrimoine religieux. L\u2019\u00e9glise Notre-Dame, chef-d\u2019\u0153uvre gothique flamboyant du XVe si\u00e8cle, abrite des vitraux exceptionnels qui racontent l\u2019histoire de la ville et de ses habitants. Un spectacle de lumi\u00e8re qui m\u2019a laiss\u00e9 sans voix lors de ma premi\u00e8re visite.<\/p>\n<p>Fl\u00e2neries architecturales entre Renaissance et Moyen \u00c2ge<\/p>\n<p>Ce qui rend cette ville si particuli\u00e8re, c\u2019est son incroyable concentration de maisons anciennes. Je me plais \u00e0 d\u00e9ambuler dans ses ruelles \u00e9troites pour admirer les fa\u00e7ades richement d\u00e9cor\u00e9es. Plus de 100 maisons \u00e0 pans de bois ont travers\u00e9 les si\u00e8cles, certaines datant du XVe si\u00e8cle. Chacune raconte une histoire, avec ses motifs sculpt\u00e9s, ses encorbellements audacieux et ses colombages apparents.<\/p>\n<p>La place du Marchix repr\u00e9sente \u00e0 elle seule un livre d\u2019histoire \u00e0 ciel ouvert. J\u2019y passe toujours de longs moments \u00e0 observer les d\u00e9tails architecturaux des h\u00f4tels particuliers qui l\u2019entourent. L\u2019H\u00f4tel Ringues de la Troussannais, avec sa tour d\u2019escalier polygonale et ses fen\u00eatres \u00e0 meneaux, illustre parfaitement l\u2019\u00e9l\u00e9gance de la Renaissance bretonne.<\/p>\n<p>Au d\u00e9tour d\u2019une ruelle, tu d\u00e9couvriras peut-\u00eatre la Maison des Porches, l\u2019une des plus anciennes de la ville. Ses piliers de bois sculpt\u00e9s soutiennent une fa\u00e7ade vertigineuse qui d\u00e9fie les lois de la gravit\u00e9 depuis plus de cinq si\u00e8cles. Un miracle d\u2019\u00e9quilibre qui t\u00e9moigne du savoir-faire des charpentiers m\u00e9di\u00e9vaux.<\/p>\n<p>Le patrimoine s\u2019\u00e9tend au-del\u00e0 des remparts. En visitant les alentours, j\u2019ai d\u00e9couvert des chapelles isol\u00e9es et des manoirs discrets qui ponctuent la campagne environnante. Ces tr\u00e9sors cach\u00e9s \u00e9voquent l\u2019atmosph\u00e8re myst\u00e9rieuse que l\u2019on retrouve \u00e9galement sur <a href=\"https:\/\/www.newsofmarseille.com\/ile-meconnue-bretagne-veritable-petit-paradis-00112092025.html\" target=\"_blank\" rel=\"noopener\">certaines \u00eeles m\u00e9connues de Bretagne, v\u00e9ritables petits paradis<\/a> pr\u00e9serv\u00e9s du tourisme de masse.<\/p>\n<p>Une vie culturelle dynamique dans un cadre historique<\/p>\n<p>Ne crois pas que cette ville soit fig\u00e9e dans le pass\u00e9 ! Derri\u00e8re ses fa\u00e7ades s\u00e9culaires bat un c\u0153ur culturel vibrant. J\u2019ai assist\u00e9 \u00e0 plusieurs festivals qui animent ses places historiques, notamment les Jeudis de l\u2019\u00e9t\u00e9 qui transforment les cours des h\u00f4tels particuliers en sc\u00e8nes de concert \u00e0 ciel ouvert.<\/p>\n<p>Les artisans d\u2019art ont trouv\u00e9 refuge dans d\u2019anciennes \u00e9choppes, perp\u00e9tuant des savoir-faire traditionnels tout en les r\u00e9inventant. J\u2019ai rencontr\u00e9 des verriers, des c\u00e9ramistes et des tisserands qui puisent leur inspiration dans le patrimoine local. Leurs ateliers-boutiques offrent une alternative rafra\u00eechissante aux souvenirs standardis\u00e9s.<\/p>\n<p>Le march\u00e9 hebdomadaire, install\u00e9 sous les halles m\u00e9di\u00e9vales depuis plus de 600 ans, reste un rendez-vous incontournable. J\u2019y vais syst\u00e9matiquement pour d\u00e9nicher des produits du terroir et \u00e9changer avec les producteurs locaux. L\u2019ambiance y est conviviale, loin du tumulte des grandes villes.<\/p>\n<p>Les amateurs de gastronomie ne seront pas en reste. Dans les restaurants nich\u00e9s dans d\u2019anciennes demeures \u00e0 colombages, j\u2019ai go\u00fbt\u00e9 des sp\u00e9cialit\u00e9s bretonnes revisit\u00e9es avec cr\u00e9ativit\u00e9. Le galette-saucisse, embl\u00e8me de la street-food rennaise, trouve ici des versions sophistiqu\u00e9es qui s\u00e9duisent les palais les plus exigeants.<\/p>\n<p>Un joyau nomm\u00e9 Vitr\u00e9 qui m\u00e9rite le d\u00e9tour<\/p>\n<p>Si cette description t\u2019a donn\u00e9 envie de d\u00e9couvrir cette petite merveille bretonne, sache qu\u2019il s\u2019agit de Vitr\u00e9, situ\u00e9e \u00e0 seulement 40 kilom\u00e8tres \u00e0 l\u2019est de Rennes. Victor Hugo lui-m\u00eame en \u00e9tait tomb\u00e9 amoureux, la d\u00e9crivant comme \u00ab\u00a0une ville du XVe si\u00e8cle compl\u00e8te\u00a0\u00bb. Aujourd\u2019hui encore, elle conserve ce charme intemporel qui s\u00e9duit les visiteurs en qu\u00eate d\u2019authenticit\u00e9.<\/p>\n<p>J\u2019ai d\u00e9couvert Vitr\u00e9 presque par hasard, lors d\u2019un d\u00e9tour impr\u00e9vu sur la route de Saint-Malo. Ce qui devait \u00eatre une simple pause s\u2019est transform\u00e9 en coup de c\u0153ur imm\u00e9diat. Depuis, j\u2019y retourne r\u00e9guli\u00e8rement, d\u00e9couvrant \u00e0 chaque visite de nouveaux tr\u00e9sors cach\u00e9s derri\u00e8re ses remparts.<\/p>\n<p>Contrairement \u00e0 sa voisine rennaise qui attire les projecteurs, Vitr\u00e9 cultive une discr\u00e9tion qui fait tout son charme. Tu n\u2019y croiseras pas de hordes de touristes m\u00eame en pleine saison estivale. Les ruelles pav\u00e9es conservent une tranquillit\u00e9 propice \u00e0 la contemplation et \u00e0 la d\u00e9couverte paisible.<\/p>\n<p>As-tu d\u00e9j\u00e0 visit\u00e9 cette perle m\u00e9di\u00e9vale bretonne ? Partage ton exp\u00e9rience ou tes questions dans les commentaires ! Et si tu souhaites organiser ton propre s\u00e9jour \u00e0 Vitr\u00e9, n\u2019h\u00e9site pas \u00e0 me contacter pour des conseils personnalis\u00e9s sur les incontournables \u00e0 ne pas manquer.<\/p>\n<p><img loading=\"lazy\" decoding=\"async\" width=\"150\" height=\"150\" src=\"data:image\/svg+xml,%3Csvg%20xmlns=\" http:=\"\" class=\"attachment-150x150 size-150x150\" alt=\"\" itemprop=\"image\" data-lazy- data-lazy- data-lazy-src=\"https:\/\/www.europesays.com\/fr\/wp-content\/uploads\/2025\/04\/im6-150x150.png\"\/><\/p>\n<p>Salut \u00e0 tous, je suis Eglantine. D\u00e9couvrez mes articles sur le voyage \u00e0 travers mes conseils, astuces et lieux pr\u00e9f\u00e9r\u00e9s en exclusivit\u00e9 sur News Of Marseille.<br \/>R\u00e9dactrice de coeur, je vous guide \u00e0 travers mes \u00e9crits pour vous transmettre mon expertise sur l&rsquo;aventure du voyage. Et \u00e9videmment, allez l&rsquo;OM \ud83d\ude09<\/p>\n<p>Partagez l&rsquo;article ou suivez nous !<\/p>\n<p>\n\tNos images sont \u00e0 but illustratif et peuvent ne pas repr\u00e9senter la r\u00e9alit\u00e9<\/p>\n","protected":false},"excerpt":{"rendered":"\u00c0 l\u2019ombre des projecteurs qui illuminent Rennes, cette cit\u00e9 m\u00e9di\u00e9vale bretonne cache un tr\u00e9sor architectural exceptionnel. Entre remparts&hellip;\n","protected":false},"author":2,"featured_media":244762,"comment_status":"","ping_status":"","sticky":false,"template":"","format":"standard","meta":{"footnotes":""},"categories":[2821],"tags":[1111,11,38441,829,1777,674,1011,27,12,14075,11687,584,25,38442],"class_list":{"0":"post-244761","1":"post","2":"type-post","3":"status-publish","4":"format-standard","5":"has-post-thumbnail","7":"category-rennes","8":"tag-actu","9":"tag-actualites","10":"tag-architecture-medievale","11":"tag-bretagne","12":"tag-eu","13":"tag-europe","14":"tag-fr","15":"tag-france","16":"tag-news","17":"tag-patrimoine-architectural","18":"tag-patrimoine-historique","19":"tag-rennes","20":"tag-republique-francaise","21":"tag-ville-medievale"},"share_on_mastodon":{"url":"https:\/\/pubeurope.com\/@fr\/114839928408576869","error":""},"_links":{"self":[{"href":"https:\/\/www.europesays.com\/fr\/wp-json\/wp\/v2\/posts\/244761","targetHints":{"allow":["GET"]}}],"collection":[{"href":"https:\/\/www.europesays.com\/fr\/wp-json\/wp\/v2\/posts"}],"about":[{"href":"https:\/\/www.europesays.com\/fr\/wp-json\/wp\/v2\/types\/post"}],"author":[{"embeddable":true,"href":"https:\/\/www.europesays.com\/fr\/wp-json\/wp\/v2\/users\/2"}],"replies":[{"embeddable":true,"href":"https:\/\/www.europesays.com\/fr\/wp-json\/wp\/v2\/comments?post=244761"}],"version-history":[{"count":0,"href":"https:\/\/www.europesays.com\/fr\/wp-json\/wp\/v2\/posts\/244761\/revisions"}],"wp:featuredmedia":[{"embeddable":true,"href":"https:\/\/www.europesays.com\/fr\/wp-json\/wp\/v2\/media\/244762"}],"wp:attachment":[{"href":"https:\/\/www.europesays.com\/fr\/wp-json\/wp\/v2\/media?parent=244761"}],"wp:term":[{"taxonomy":"category","embeddable":true,"href":"https:\/\/www.europesays.com\/fr\/wp-json\/wp\/v2\/categories?post=244761"},{"taxonomy":"post_tag","embeddable":true,"href":"https:\/\/www.europesays.com\/fr\/wp-json\/wp\/v2\/tags?post=244761"}],"curies":[{"name":"wp","href":"https:\/\/api.w.org\/{rel}","templated":true}]}}