{"id":244763,"date":"2025-07-12T11:03:12","date_gmt":"2025-07-12T11:03:12","guid":{"rendered":"https:\/\/www.europesays.com\/fr\/244763\/"},"modified":"2025-07-12T11:03:12","modified_gmt":"2025-07-12T11:03:12","slug":"apres-lincendie-une-cagnotte-pour-aider-une-famille-du-neuhof","status":"publish","type":"post","link":"https:\/\/www.europesays.com\/fr\/244763\/","title":{"rendered":"apr\u00e8s l\u2019incendie, une cagnotte pour aider une famille du Neuhof"},"content":{"rendered":"<p>\u00ab\u00a0En quelques instants, nous avons tout perdu. Logement, meubles, v\u00eatements, souvenirs\u2026\u00a0\u00bb, se d\u00e9sole Danielle M\u00f6ller, habitant au deuxi\u00e8me \u00e9tage d\u2019un immeuble de la rue Ingold. Soutenue par sa ni\u00e8ce, qui <a href=\"https:\/\/www.leetchi.com\/fr\/c\/soutient-apres-lincendie-1350591\" target=\"_blank\" rel=\"nofollow noopener\">a ouvert une cagnotte Leetchi<\/a> pour permettre \u00e0 sa famille de \u00ab se reloger, se r\u00e9\u00e9quiper, racheter des v\u00eatements et des affaires scolaires, payer les frais v\u00e9t\u00e9rinaires \u00bb, cette maman a v\u00e9cu un cauchemar dimanche soir. Vers 21\u00a0h, alors qu\u2019elle regarde la t\u00e9l\u00e9vision au salon avec son conjoint et ses fils de 5 et 12 ans, la m\u00e8re de famille entend des cris provenant du dehors. \u00ab\u00a0Curieuse, je me suis lev\u00e9e pour aller voir ce qu\u2019il se passait en passant par le balcon de la cuisine. Je me suis retrouv\u00e9e face \u00e0 des flammes\u00a0\u00bb, se souvient-elle, la voix tendue.<\/p>\n<p>C\u2019est en effet sur ce balcon que le feu s\u2019est d\u00e9clench\u00e9. \u00ab\u00a0Les fen\u00eatres \u00e9taient ouvertes, donc il n\u2019y avait pas d\u2019odeur. Le d\u00e9tecteur de fum\u00e9e a aussi tard\u00e9 \u00e0 s\u2019allumer, nous \u00e9tions d\u00e9j\u00e0 en train de fuir\u00a0\u00bb, ajoute-t-elle. Moins de dix minutes apr\u00e8s, les pompiers arrivent sur place. Apr\u00e8s une heure d\u2019intervention, ils r\u00e9ussissent \u00e0 r\u00e9cup\u00e9rer les trois chats et le lapin, rest\u00e9s dans l\u2019appartement, qui ont rapidement d\u00fb \u00eatre plac\u00e9s sous oxyg\u00e8ne chez un v\u00e9t\u00e9rinaire. \u00ab\u00a0Ils vont maintenant tous bien, mais l\u2019addition a \u00e9t\u00e9 sal\u00e9e.\u00a0\u00bb<\/p>\n<p>  Dix ans de vie partis en fum\u00e9e<\/p>\n<p>Depuis l\u2019incident, la famille est h\u00e9berg\u00e9e par la s\u0153ur de Danielle. \u00ab\u00a0Nous n\u2019avons pas pu retourner dans notre appartement, mais nous avons re\u00e7u des photos des pompiers. Tout est parti en fum\u00e9e, le plafond de la cuisine et du couloir s\u2019est effondr\u00e9\u2026\u00a0\u00bb, murmure-t-elle. La jeune femme vivait depuis 10 ans dans cet immeuble.<\/p>\n<p>\u00a0\u00a0La famille a rendez-vous dans les prochains jours avec son bailleur social pour \u00e9tudier les potentielles solutions.<\/p>\n<p class=\"note\">La cagnotte est ouverte jusqu\u2019\u00e0 d\u00e9but ao\u00fbt sur www.leetchi.com\/fr\/c\/soutient-apres-lincendie-1350591<\/p>\n","protected":false},"excerpt":{"rendered":"\u00ab\u00a0En quelques instants, nous avons tout perdu. Logement, meubles, v\u00eatements, souvenirs\u2026\u00a0\u00bb, se d\u00e9sole Danielle M\u00f6ller, habitant au deuxi\u00e8me&hellip;\n","protected":false},"author":2,"featured_media":244764,"comment_status":"","ping_status":"","sticky":false,"template":"","format":"standard","meta":{"footnotes":""},"categories":[2820],"tags":[1111,11,2880,1777,674,274,107,1011,27,775,1310,12,25,104,640,2879],"class_list":{"0":"post-244763","1":"post","2":"type-post","3":"status-publish","4":"format-standard","5":"has-post-thumbnail","7":"category-strasbourg","8":"tag-actu","9":"tag-actualites","10":"tag-edition-strasbourg","11":"tag-eu","12":"tag-europe","13":"tag-faits-divers-justice","14":"tag-fil-info","15":"tag-fr","16":"tag-france","17":"tag-grand-est","18":"tag-incendie","19":"tag-news","20":"tag-republique-francaise","21":"tag-societe","22":"tag-strasbourg","23":"tag-strasbourg-ville"},"share_on_mastodon":{"url":"https:\/\/pubeurope.com\/@fr\/114839932337804278","error":""},"_links":{"self":[{"href":"https:\/\/www.europesays.com\/fr\/wp-json\/wp\/v2\/posts\/244763","targetHints":{"allow":["GET"]}}],"collection":[{"href":"https:\/\/www.europesays.com\/fr\/wp-json\/wp\/v2\/posts"}],"about":[{"href":"https:\/\/www.europesays.com\/fr\/wp-json\/wp\/v2\/types\/post"}],"author":[{"embeddable":true,"href":"https:\/\/www.europesays.com\/fr\/wp-json\/wp\/v2\/users\/2"}],"replies":[{"embeddable":true,"href":"https:\/\/www.europesays.com\/fr\/wp-json\/wp\/v2\/comments?post=244763"}],"version-history":[{"count":0,"href":"https:\/\/www.europesays.com\/fr\/wp-json\/wp\/v2\/posts\/244763\/revisions"}],"wp:featuredmedia":[{"embeddable":true,"href":"https:\/\/www.europesays.com\/fr\/wp-json\/wp\/v2\/media\/244764"}],"wp:attachment":[{"href":"https:\/\/www.europesays.com\/fr\/wp-json\/wp\/v2\/media?parent=244763"}],"wp:term":[{"taxonomy":"category","embeddable":true,"href":"https:\/\/www.europesays.com\/fr\/wp-json\/wp\/v2\/categories?post=244763"},{"taxonomy":"post_tag","embeddable":true,"href":"https:\/\/www.europesays.com\/fr\/wp-json\/wp\/v2\/tags?post=244763"}],"curies":[{"name":"wp","href":"https:\/\/api.w.org\/{rel}","templated":true}]}}