{"id":244765,"date":"2025-07-12T11:04:15","date_gmt":"2025-07-12T11:04:15","guid":{"rendered":"https:\/\/www.europesays.com\/fr\/244765\/"},"modified":"2025-07-12T11:04:15","modified_gmt":"2025-07-12T11:04:15","slug":"officiel-mathis-amougou-signe-au-racing-alsasports","status":"publish","type":"post","link":"https:\/\/www.europesays.com\/fr\/244765\/","title":{"rendered":"OFFICIEL. Mathis Amougou signe au Racing ! \u2014 Alsa&rsquo;Sports"},"content":{"rendered":"<p><strong>Le Racing Club de Strasbourg a officialis\u00e9 ce samedi le transfert de Mathis Amougou (19 ans) en provenance de Chelsea. Le joueur \u00e9tait pr\u00e9sent \u00e0 l\u2019entra\u00eenement avec le groupe ce matin. <\/strong><\/p>\n<p>Quelques dizaines de minutes apr\u00e8s le d\u00e9but de son premier entra\u00eenement avec le groupe ce matin au Racing Soprema Parc, Mathis Amougou (19 ans) est officiellement Strasbourgeois. Le club l\u2019a annonc\u00e9 ce samedi midi, il s\u2019agit d\u2019un transfert sec en provenance de Chelsea avec un contrat de\u00a0cinq ans\u00a0\u00e0 la cl\u00e9. Un pr\u00eat \u00e9tait initialement \u00e9voqu\u00e9 mais son achat va permettre au club alsacien de garder une place pour un autre joueur qui sera pr\u00eat\u00e9 par le club londonien. <\/p>\n<p>Mathis Amougou est pass\u00e9 temporairement par Chelsea, o\u00f9 il a \u00e9t\u00e9 achet\u00e9 15 millions d\u2019euros en f\u00e9vrier dernier et avec lequel il a fait deux apparitions (une en Premier League et une en quart de finale aller de Ligue Conf\u00e9rence). Avant cela, le Fran\u00e7ais avait d\u00e9but\u00e9 la saison avec l\u2019AS Saint-\u00c9tienne (17 matches de Ligue 1). Amougou d\u00e9barque dans l\u2019entrejeu du Racing apr\u00e8s les d\u00e9parts des tauliers Andrey Santos et Habib Diarra. <\/p>\n","protected":false},"excerpt":{"rendered":"Le Racing Club de Strasbourg a officialis\u00e9 ce samedi le transfert de Mathis Amougou (19 ans) en provenance&hellip;\n","protected":false},"author":2,"featured_media":244633,"comment_status":"","ping_status":"","sticky":false,"template":"","format":"standard","meta":{"footnotes":""},"categories":[2820],"tags":[1111,11,1777,674,63,1011,27,775,66,12,4448,25,640],"class_list":{"0":"post-244765","1":"post","2":"type-post","3":"status-publish","4":"format-standard","5":"has-post-thumbnail","7":"category-strasbourg","8":"tag-actu","9":"tag-actualites","10":"tag-eu","11":"tag-europe","12":"tag-football","13":"tag-fr","14":"tag-france","15":"tag-grand-est","16":"tag-ligue-1","17":"tag-news","18":"tag-rc-strasbourg","19":"tag-republique-francaise","20":"tag-strasbourg"},"share_on_mastodon":{"url":"https:\/\/pubeurope.com\/@fr\/114839936266435963","error":""},"_links":{"self":[{"href":"https:\/\/www.europesays.com\/fr\/wp-json\/wp\/v2\/posts\/244765","targetHints":{"allow":["GET"]}}],"collection":[{"href":"https:\/\/www.europesays.com\/fr\/wp-json\/wp\/v2\/posts"}],"about":[{"href":"https:\/\/www.europesays.com\/fr\/wp-json\/wp\/v2\/types\/post"}],"author":[{"embeddable":true,"href":"https:\/\/www.europesays.com\/fr\/wp-json\/wp\/v2\/users\/2"}],"replies":[{"embeddable":true,"href":"https:\/\/www.europesays.com\/fr\/wp-json\/wp\/v2\/comments?post=244765"}],"version-history":[{"count":0,"href":"https:\/\/www.europesays.com\/fr\/wp-json\/wp\/v2\/posts\/244765\/revisions"}],"wp:featuredmedia":[{"embeddable":true,"href":"https:\/\/www.europesays.com\/fr\/wp-json\/wp\/v2\/media\/244633"}],"wp:attachment":[{"href":"https:\/\/www.europesays.com\/fr\/wp-json\/wp\/v2\/media?parent=244765"}],"wp:term":[{"taxonomy":"category","embeddable":true,"href":"https:\/\/www.europesays.com\/fr\/wp-json\/wp\/v2\/categories?post=244765"},{"taxonomy":"post_tag","embeddable":true,"href":"https:\/\/www.europesays.com\/fr\/wp-json\/wp\/v2\/tags?post=244765"}],"curies":[{"name":"wp","href":"https:\/\/api.w.org\/{rel}","templated":true}]}}