{"id":244766,"date":"2025-07-12T11:05:12","date_gmt":"2025-07-12T11:05:12","guid":{"rendered":"https:\/\/www.europesays.com\/fr\/244766\/"},"modified":"2025-07-12T11:05:12","modified_gmt":"2025-07-12T11:05:12","slug":"pour-chasser-les-toxicomanes-le-maire-de-nice-decide-de-fermer-une-rue-et-de-controler-les-riverains","status":"publish","type":"post","link":"https:\/\/www.europesays.com\/fr\/244766\/","title":{"rendered":"Pour chasser les toxicomanes, le maire de Nice d\u00e9cide de\u2026 fermer une rue et de contr\u00f4ler les riverains"},"content":{"rendered":"<p>Effondr\u00e9es sur le trottoir, une poign\u00e9e de personnes souffrant de toxicomanie s\u2019administrent leur dose sous les yeux blas\u00e9s des passants. Un d\u2019eux lance, narquois: \u00ab\u00a0Bienvenue rue Tiranty. C\u2019est la salle de shoot \u00e0 ciel ouvert.\u00a0\u00bb Mais peut-\u00eatre plus pour tr\u00e8s longtemps, dixit Christian Estrosi. Vendredi 11 juillet 2025, le maire de Nice a annonc\u00e9 \u00e0 la presse, la fermeture de cet axe du Carr\u00e9-d\u2019Or, entre l\u2019avenue Jean-M\u00e9decin et la rue Lamartine: \u00ab\u00a0Nous recevons depuis des ann\u00e9es des signalements sur la consommation de drogues en pleine rue, avec risques sanitaires \u00e9lev\u00e9s \u00e0 cause de la pr\u00e9sence de seringues. <strong>Mardi, je prendrai un arr\u00eat\u00e9 pour motif de salubrit\u00e9 et trouble \u00e0 l\u2019ordre public en limitant les acc\u00e8s<\/strong>. La rue ne sera d\u00e9sormais accessible qu\u2019aux ayants droit et aux personnes se rendant dans les commerces ou les cabinets m\u00e9dicaux. Cette r\u00e9gulation sera applicable de 8 \u00e0 20 heures.\u00a0\u00bb Et qui s\u2019occupera de filtrer les passages? \u00ab\u00a0Je demande \u00e0 mon directeur de police municipale d\u2019assurer sa mise en \u0153uvre.\u00a0\u00bb Y aura-t-il donc en poste des policiers municipaux? Seront-ils relev\u00e9s par des agents de s\u00e9curit\u00e9 priv\u00e9e? Pas de d\u00e9tails pour l\u2019instant.<\/p>\n<blockquote class=\"twitter-tweet\">\n<p lang=\"fr\" dir=\"ltr\">D\u00e8s mardi prochain, nous prenons un arr\u00eat\u00e9 de restriction d\u2019acc\u00e8s \u00e0 la rue Tiranty :<br \/>\u279c Acc\u00e8s r\u00e9serv\u00e9 aux ayants droit (riverains, clients\u2026)<br \/>\u279c R\u00e9gulation entre 8h et 20h<br \/>\u279c Pr\u00e9sence contr\u00f4le de s\u00e9curit\u00e9<br \/>Le tout mis en \u0153uvre par la <a href=\"https:\/\/twitter.com\/PMdeNice?ref_src=twsrc%5Etfw\" rel=\"nofollow noopener\" target=\"_blank\">@PMdeNice<\/a>. <a href=\"https:\/\/t.co\/zsHk3Uvb8J\" rel=\"nofollow\">pic.twitter.com\/zsHk3Uvb8J<\/a><\/p>\n<p>\u2014 Anthony Borr\u00e9 (@anthony_borre) <a href=\"https:\/\/twitter.com\/anthony_borre\/status\/1943756675178995767?ref_src=twsrc%5Etfw\" rel=\"nofollow noopener\" target=\"_blank\">July 11, 2025<\/a><\/p><\/blockquote>\n<p>                                <strong>Des commer\u00e7ants soulag\u00e9s<\/strong><\/p>\n<p>Mais la nouvelle suffit \u00e0 ravir les quelques commer\u00e7ants crois\u00e9s en fin de journ\u00e9e, suite aux d\u00e9clarations. \u00ab\u00a0Personne ne nous a pr\u00e9venus de cette mesure, mais si \u00e7a se fait vraiment (je parle au conditionnel parce qu\u2019il y a eu beaucoup de promesses non tenues), \u00e7a sera un sacr\u00e9 soulagement\u00a0\u00bb, applaudit une deux, qui souhaite, comme ses voisins, rester anonyme. Un autre abonde: \u00ab\u00a0C\u2019est une tr\u00e8s bonne mesure. Tous les jours, \u00e0 n\u2019importe quelle heure, il y a des comportements inacceptables. En plus de se piquer et de laisser tra\u00eener leurs seringues, ces gens d\u00e9f\u00e8quent dans la rue, vident les poubelles. Et quand on leur dit de partir, ils deviennent agressifs.\u00a0\u00bb Au m\u00eame moment, sur le trottoir d\u2019en face, un couple s\u2019enfonce dans une errance chaloup\u00e9e. \u00ab\u00a0C\u2019est triste \u00e0 voir. Malgr\u00e9 les nuisances, ce sont des humains\u00a0\u00bb, murmure le commer\u00e7ant, navr\u00e9.<\/p>\n<p><strong>Des usagers de drogue indiff\u00e9rents<\/strong><\/p>\n<p>Le couple titubant s\u2019est \u00e9chou\u00e9 sur un bout de trottoir, entra\u00een\u00e9 par l\u2019addiction lancinante, l\u2019appel de la dose. La femme se pique. Puis c\u2019est au tour de l\u2019homme. M\u00eame seringue. Juste \u00e0 c\u00f4t\u00e9, Ahmed grimace et pr\u00e9vient: \u00ab\u00a0Vous laissez rien tra\u00eener!\u00a0\u00bb Le trentenaire rend visite aux anciens copains de rue et de d\u00e9fonce. Lui, assure s\u2019en \u00eatre r\u00e9cemment sorti. Par son regard intense et sa voix grave, il balaye les d\u00e9clarations du maire: \u00ab\u00a0\u00c7a va faire plaisir aux riverains. Mais \u00e7a d\u00e9place le probl\u00e8me. Ils ont besoin d\u2019aide, pas d\u2019\u00eatre chass\u00e9s. L\u00e0, ils vont juste faire 200m et aller dans une autre rue.\u00a0\u00bb Profond silence. \u00ab\u00a0Les gens ne savent pas. C\u2019est tr\u00e8s difficile de sortir de cette situation. \u00c7a n\u2019excuse pas de se piquer devant des enfants. Mais on n\u2019a trop peu d\u2019endroits pour se shooter dans un environnement s\u00e9curis\u00e9.\u00a0\u00bb<\/p>\n<p><strong>Mise en place d\u2019un camion de sanitaire<\/strong><\/p>\n<p>Quid de la prise en charge de ces personnes? Christian Estrosi r\u00e9torque qu\u2019il \u00ab\u00a0travaille avec l\u2019ARS, le CHU et les associations comp\u00e9tentes pour mettre en \u0153uvre un \u00e9quipement mobile destin\u00e9 \u00e0 accueillir les personnes vivant \u00e0 la rue et sous l\u2019emprise de produits n\u00e9cessitant des injections.\u00a0\u00bb Concr\u00e8tement, un bus sanitaire sillonnera la ville avec, \u00e0 son bord, une infirmi\u00e8re, un coordinateur de soin et un travailleur social. \u00ab\u00a0\u00c7a sera un Caarud [Centre d\u2019accueil et d\u2019accompagnement \u00e0 la r\u00e9duction des risques pour usagers de drogues] mobile\u00a0\u00bb, avance la Ville. Sans pr\u00e9ciser les secteurs vis\u00e9s, ni la date de d\u00e9ploiement du dispositif, pr\u00e9vu \u00ab\u00a0peut-\u00eatre en septembre. L\u2019ARS devra lancer un appel d\u2019offres puis retenir une association.\u00a0\u00bb<\/p>\n<p><strong>Une mesure ill\u00e9gale?<\/strong><\/p>\n<p>Peut-on l\u00e9galement interdire l\u2019acc\u00e8s d\u2019une rue \u00e0 une personne au motif qu\u2019elle est sous l\u2019emprise de drogues? Nice-Matin a pos\u00e9 la question \u00e0 un juriste ni\u00e7ois pr\u00e9f\u00e9rant gardant l\u2019anonymat: \u00ab\u00a0En droit, trois questions permettent un triple filtre. La d\u00e9cision est-elle n\u00e9cessaire, adapt\u00e9e et proportionnelle \u00e0 l\u2019objectif poursuivi? A priori, \u00e7a n\u2019est pas le cas. S\u2019il y a un recours au tribunal administratif, et il y en aura certainement un, la mesure risque d\u2019\u00eatre cass\u00e9e. Certes, le maire est responsable de la tranquillit\u00e9 publique dans sa ville. Mais il est ici question d\u2019ordre public, ce qui est \u00e0 la charge du pr\u00e9fet.\u00a0\u00bb Quid alors des pr\u00e9rogatives de la police municipale? \u00ab\u00a0Dans ce cas de figure, elles me semblent trop limit\u00e9es. Et puis, sur quels crit\u00e8res vont-ils interdire l\u2019acc\u00e8s \u00e0 la rue? Au faci\u00e8s? \u00c7a n\u2019a pas de base l\u00e9gale.\u00a0\u00bb<\/p>\n<p><script async src=\"https:\/\/platform.twitter.com\/widgets.js\" charset=\"utf-8\"><\/script><\/p>\n","protected":false},"excerpt":{"rendered":"Effondr\u00e9es sur le trottoir, une poign\u00e9e de personnes souffrant de toxicomanie s\u2019administrent leur dose sous les yeux blas\u00e9s&hellip;\n","protected":false},"author":2,"featured_media":244767,"comment_status":"","ping_status":"","sticky":false,"template":"","format":"standard","meta":{"footnotes":""},"categories":[2819],"tags":[1111,11,1777,674,1011,27,12,2401,882,25,71,656],"class_list":{"0":"post-244766","1":"post","2":"type-post","3":"status-publish","4":"format-standard","5":"has-post-thumbnail","7":"category-nice","8":"tag-actu","9":"tag-actualites","10":"tag-eu","11":"tag-europe","12":"tag-fr","13":"tag-france","14":"tag-news","15":"tag-nice","16":"tag-provence-alpes-cote-dazur","17":"tag-republique-francaise","18":"tag-sante","19":"tag-securite"},"share_on_mastodon":{"url":"https:\/\/pubeurope.com\/@fr\/114839940204653283","error":""},"_links":{"self":[{"href":"https:\/\/www.europesays.com\/fr\/wp-json\/wp\/v2\/posts\/244766","targetHints":{"allow":["GET"]}}],"collection":[{"href":"https:\/\/www.europesays.com\/fr\/wp-json\/wp\/v2\/posts"}],"about":[{"href":"https:\/\/www.europesays.com\/fr\/wp-json\/wp\/v2\/types\/post"}],"author":[{"embeddable":true,"href":"https:\/\/www.europesays.com\/fr\/wp-json\/wp\/v2\/users\/2"}],"replies":[{"embeddable":true,"href":"https:\/\/www.europesays.com\/fr\/wp-json\/wp\/v2\/comments?post=244766"}],"version-history":[{"count":0,"href":"https:\/\/www.europesays.com\/fr\/wp-json\/wp\/v2\/posts\/244766\/revisions"}],"wp:featuredmedia":[{"embeddable":true,"href":"https:\/\/www.europesays.com\/fr\/wp-json\/wp\/v2\/media\/244767"}],"wp:attachment":[{"href":"https:\/\/www.europesays.com\/fr\/wp-json\/wp\/v2\/media?parent=244766"}],"wp:term":[{"taxonomy":"category","embeddable":true,"href":"https:\/\/www.europesays.com\/fr\/wp-json\/wp\/v2\/categories?post=244766"},{"taxonomy":"post_tag","embeddable":true,"href":"https:\/\/www.europesays.com\/fr\/wp-json\/wp\/v2\/tags?post=244766"}],"curies":[{"name":"wp","href":"https:\/\/api.w.org\/{rel}","templated":true}]}}