{"id":244769,"date":"2025-07-12T11:07:19","date_gmt":"2025-07-12T11:07:19","guid":{"rendered":"https:\/\/www.europesays.com\/fr\/244769\/"},"modified":"2025-07-12T11:07:19","modified_gmt":"2025-07-12T11:07:19","slug":"une-femme-de-53-ans-est-decedee-dans-un-accident-ce-vendredi-apres-midi-en-loire-atlantique","status":"publish","type":"post","link":"https:\/\/www.europesays.com\/fr\/244769\/","title":{"rendered":"Une femme de 53\u00a0ans est d\u00e9c\u00e9d\u00e9e dans un accident, ce vendredi apr\u00e8s-midi, en Loire-Atlantique"},"content":{"rendered":"<tr wp_automatic_readability=\"7.8536585365854\">\n<td valign=\"middle\" align=\"center\" class=\"col-logo\" wp_automatic_readability=\"5\">\n    <img decoding=\"async\" src=\"https:\/\/maville.com\/design\/images\/logo-of-monetise.svg?version=20130627\" alt=\"logo Ouest-France\" height=\"66\"\/><\/p>\n<p>Contenu r\u00e9serv\u00e9 aux abonn\u00e9s<\/p>\n<\/td>\n<td class=\"col-titre\">\n\t\t\tVendredi 11 juillet 2025 18:51<br \/>\n\t\t\t<a class=\"icon-bulle sizeL count\" href=\"#ancreAvis\"><br \/>\n\t&#8230;<br \/>\n<\/a><\/td>\n<\/tr>\n<p>\t\t<a class=\"mavillebox2 elmt-photo\" href=\"https:\/\/maville.com\/photosmvi\/2025\/07\/11\/P35351101D6896763G.jpg\" title=\" Une femme de 53\u00a0ans est morte apr\u00e8s un accident de la route, ce vendredi 11\u00a0juillet 2025, sur la RD26, \u00e0 Nort-sur-Erdre (Loire-Atlantique). Photo d\u2019illustration.  \u00a9  Archives Ouest-France  &lt;!--TAG-BLC credit--&gt;\" rel=\"galerie_actu noopener\" target=\"_blank\"><br \/>\n\t<img decoding=\"async\" src=\"https:\/\/www.europesays.com\/fr\/wp-content\/uploads\/2025\/07\/P35351101D6896763G_crop_640-330_.jpg\" alt=\"photo  une femme de 53\u00a0ans est morte apr\u00e8s un accident de la route, ce vendredi 11\u00a0juillet 2025, sur la rd26, \u00e0 nort-sur-erdre (loire-atlantique). photo d\u2019illustration.  \u00a9  archives ouest-france \"\/><br \/>\n\t1<br \/>\n<\/a><\/p>\n<p class=\"elmt-legende\"> Une femme de 53\u00a0ans est morte apr\u00e8s un accident de la route, ce vendredi 11\u00a0juillet 2025, sur la RD26, \u00e0 Nort-sur-Erdre (Loire-Atlantique). Photo d\u2019illustration.  \u00a9  Archives Ouest-France  <\/p>\n<p>\t\tUne automobiliste de 53\u00a0ans a perdu la vie ce vendredi 11\u00a0juillet 2025, dans l\u2019apr\u00e8s-midi, apr\u00e8s un choc frontal \u00e0 Nort-sur-Erdre (Loire-Atlantique), \u00e0 une trentaine de kilom\u00e8tres au nord de Nantes.<\/p>\n<p><b>Cet article est r\u00e9serv\u00e9 aux abonn\u00e9s<\/b><\/p>\n<p>Pour un acc\u00e8s imm\u00e9diat, abonnez-vous<\/p>\n<p><b>1\u00e8re semaine offerte<\/b><\/p>\n<p>\t\tOuest-France<\/p>\n<p>Retrouvez d&rsquo;autres actus sur les communes de :<\/p>\n<p>\t\t&#13;<\/p>\n","protected":false},"excerpt":{"rendered":"Contenu r\u00e9serv\u00e9 aux abonn\u00e9s Vendredi 11 juillet 2025 18:51 &#8230; 1 Une femme de 53\u00a0ans est morte apr\u00e8s&hellip;\n","protected":false},"author":2,"featured_media":244770,"comment_status":"","ping_status":"","sticky":false,"template":"","format":"standard","meta":{"footnotes":""},"categories":[2818],"tags":[38443,119,1111,11,1764,31783,38444,1777,674,1294,1011,27,3047,766,12,2636,25,6949],"class_list":{"0":"post-244769","1":"post","2":"type-post","3":"status-publish","4":"format-standard","5":"has-post-thumbnail","7":"category-nantes","8":"tag-38443","9":"tag-accident","10":"tag-actu","11":"tag-actualites","12":"tag-ans","13":"tag-apres-midi","14":"tag-decedee","15":"tag-eu","16":"tag-europe","17":"tag-femme","18":"tag-fr","19":"tag-france","20":"tag-loire-atlantique","21":"tag-nantes","22":"tag-news","23":"tag-pays-de-la-loire","24":"tag-republique-francaise","25":"tag-vendredi"},"share_on_mastodon":{"url":"https:\/\/pubeurope.com\/@fr\/114839948243309816","error":""},"_links":{"self":[{"href":"https:\/\/www.europesays.com\/fr\/wp-json\/wp\/v2\/posts\/244769","targetHints":{"allow":["GET"]}}],"collection":[{"href":"https:\/\/www.europesays.com\/fr\/wp-json\/wp\/v2\/posts"}],"about":[{"href":"https:\/\/www.europesays.com\/fr\/wp-json\/wp\/v2\/types\/post"}],"author":[{"embeddable":true,"href":"https:\/\/www.europesays.com\/fr\/wp-json\/wp\/v2\/users\/2"}],"replies":[{"embeddable":true,"href":"https:\/\/www.europesays.com\/fr\/wp-json\/wp\/v2\/comments?post=244769"}],"version-history":[{"count":0,"href":"https:\/\/www.europesays.com\/fr\/wp-json\/wp\/v2\/posts\/244769\/revisions"}],"wp:featuredmedia":[{"embeddable":true,"href":"https:\/\/www.europesays.com\/fr\/wp-json\/wp\/v2\/media\/244770"}],"wp:attachment":[{"href":"https:\/\/www.europesays.com\/fr\/wp-json\/wp\/v2\/media?parent=244769"}],"wp:term":[{"taxonomy":"category","embeddable":true,"href":"https:\/\/www.europesays.com\/fr\/wp-json\/wp\/v2\/categories?post=244769"},{"taxonomy":"post_tag","embeddable":true,"href":"https:\/\/www.europesays.com\/fr\/wp-json\/wp\/v2\/tags?post=244769"}],"curies":[{"name":"wp","href":"https:\/\/api.w.org\/{rel}","templated":true}]}}