{"id":244771,"date":"2025-07-12T11:08:16","date_gmt":"2025-07-12T11:08:16","guid":{"rendered":"https:\/\/www.europesays.com\/fr\/244771\/"},"modified":"2025-07-12T11:08:16","modified_gmt":"2025-07-12T11:08:16","slug":"fc-nantes-luis-castro-a-fait-des-premiers-choix-forts-dans-son-groupe","status":"publish","type":"post","link":"https:\/\/www.europesays.com\/fr\/244771\/","title":{"rendered":"FC Nantes : Luis Castro a fait des premiers choix forts dans son groupe\u00a0"},"content":{"rendered":"<p><strong>Pour son premier match amical \u00e0 la t\u00eate du <a href=\"https:\/\/www.butfootballclub.fr\/ligue-1\/fc-nantes\/fc-nantes-mercato-departs-imminents-pour-deux-cadres-de-leffectif\/\" rel=\"nofollow noopener\" target=\"_blank\">FC Nantes<\/a>, face au Stade Lavallois (17h30), Luis Castro a convoqu\u00e9 un groupe amoindri mais \u00e9toff\u00e9 par la pr\u00e9sence de plusieurs jeunes.\u00a0<\/strong><\/p>\n<p>Premier test pour Luis Castro sur le banc du FC Nantes. Celui-ci est programm\u00e9 \u00e0 huis clos au Stade L\u00e9o-Lagrange de Saint-Nazaire, avec un coup d\u2019envoi pr\u00e9vu \u00e0 17h30\u00a0face au Stade Lavallois.\u00a0\u00c0 cette occasion, le <a href=\"https:\/\/www.butfootballclub.fr\/ligue-1\/fc-nantes\/fc-nantes-mercato-deux-clubs-dont-un-de-l1-relancent-lafont\/\" rel=\"nofollow noopener\" target=\"_blank\">FC Nantes<\/a> doit g\u00e9rer une situation d\u00e9licate avec une s\u00e9rie d\u2019absences qui p\u00e8sent lourd sur la pr\u00e9paration. En plus d\u2019Alban Lafont, et de Jean-Charles Castelletto, annonc\u00e9 sur le d\u00e9part, les trois jeunes espoirs U21 \u2014 Abline, Z\u00e9z\u00e9 et Lepenant \u2014 ne sont pas disponibles, compliquant la mise en place du groupe.<\/p>\n<p>Derni\u00e8re mauvaise nouvelle en date : Fabien Centonze, l\u2019un des \u00e9l\u00e9ments importants dans le couloir droit, est lui aussi indisponible en raison d\u2019une blessure. Le club a l\u2019absence du joueur, pr\u00e9cisant que le lat\u00e9ral droit ne participera pas \u00e0 l\u2019entra\u00eenement collectif, ce qui pourrait entra\u00eener un d\u00e9lai suppl\u00e9mentaire avant son retour \u00e0 la comp\u00e9tition.<\/p>\n<p>Centonze d\u00e9j\u00e0 sur le flanc ?<\/p>\n<p>Malgr\u00e9 ce contexte compliqu\u00e9, le staff du <a href=\"https:\/\/www.butfootballclub.fr\/ligue-1\/fc-nantes\/fc-nantes-mercato-laborde-la-petite-bombe-des-kita-cet-ete\/\" rel=\"nofollow noopener\" target=\"_blank\">FC Nantes<\/a> mise sur la jeunesse pour compenser ces manques. Plusieurs jeunes issus du centre de formation ont \u00e9t\u00e9 int\u00e9gr\u00e9s au groupe professionnel afin d\u2019apporter du sang neuf et renforcer l\u2019effectif. Leur mont\u00e9e en puissance pourrait \u00eatre une opportunit\u00e9 pour le club de relancer sa dynamique et pr\u00e9parer l\u2019avenir.<\/p>\n<p>Cette rencontre sera une occasion pour Castro d\u2019\u00e9valuer ses joueurs, de tester ses sch\u00e9mas tactiques, et surtout d\u2019observer la progression des jeunes int\u00e9gr\u00e9s dans le groupe. La performance de ces derniers sera particuli\u00e8rement scrut\u00e9e, car ils pourraient jouer un r\u00f4le cl\u00e9 dans l\u2019\u00e9quilibre de l\u2019\u00e9quipe dans les semaines qui viennent.\u00a0<\/p>\n","protected":false},"excerpt":{"rendered":"Pour son premier match amical \u00e0 la t\u00eate du FC Nantes, face au Stade Lavallois (17h30), Luis Castro&hellip;\n","protected":false},"author":2,"featured_media":244772,"comment_status":"","ping_status":"","sticky":false,"template":"","format":"standard","meta":{"footnotes":""},"categories":[2818],"tags":[1111,11,448,1777,674,63,1011,27,66,3388,766,12,2636,25,10662],"class_list":{"0":"post-244771","1":"post","2":"type-post","3":"status-publish","4":"format-standard","5":"has-post-thumbnail","7":"category-nantes","8":"tag-actu","9":"tag-actualites","10":"tag-champions-league","11":"tag-eu","12":"tag-europe","13":"tag-football","14":"tag-fr","15":"tag-france","16":"tag-ligue-1","17":"tag-matchs","18":"tag-nantes","19":"tag-news","20":"tag-pays-de-la-loire","21":"tag-republique-francaise","22":"tag-transferts"},"share_on_mastodon":{"url":"https:\/\/pubeurope.com\/@fr\/114839951935928624","error":""},"_links":{"self":[{"href":"https:\/\/www.europesays.com\/fr\/wp-json\/wp\/v2\/posts\/244771","targetHints":{"allow":["GET"]}}],"collection":[{"href":"https:\/\/www.europesays.com\/fr\/wp-json\/wp\/v2\/posts"}],"about":[{"href":"https:\/\/www.europesays.com\/fr\/wp-json\/wp\/v2\/types\/post"}],"author":[{"embeddable":true,"href":"https:\/\/www.europesays.com\/fr\/wp-json\/wp\/v2\/users\/2"}],"replies":[{"embeddable":true,"href":"https:\/\/www.europesays.com\/fr\/wp-json\/wp\/v2\/comments?post=244771"}],"version-history":[{"count":0,"href":"https:\/\/www.europesays.com\/fr\/wp-json\/wp\/v2\/posts\/244771\/revisions"}],"wp:featuredmedia":[{"embeddable":true,"href":"https:\/\/www.europesays.com\/fr\/wp-json\/wp\/v2\/media\/244772"}],"wp:attachment":[{"href":"https:\/\/www.europesays.com\/fr\/wp-json\/wp\/v2\/media?parent=244771"}],"wp:term":[{"taxonomy":"category","embeddable":true,"href":"https:\/\/www.europesays.com\/fr\/wp-json\/wp\/v2\/categories?post=244771"},{"taxonomy":"post_tag","embeddable":true,"href":"https:\/\/www.europesays.com\/fr\/wp-json\/wp\/v2\/tags?post=244771"}],"curies":[{"name":"wp","href":"https:\/\/api.w.org\/{rel}","templated":true}]}}