{"id":24478,"date":"2025-04-14T14:41:10","date_gmt":"2025-04-14T14:41:10","guid":{"rendered":"https:\/\/www.europesays.com\/fr\/24478\/"},"modified":"2025-04-14T14:41:10","modified_gmt":"2025-04-14T14:41:10","slug":"inflation-un-tiers-des-franciliens-renoncent-a-declarer-leurs-sinistres","status":"publish","type":"post","link":"https:\/\/www.europesays.com\/fr\/24478\/","title":{"rendered":"Inflation : un tiers des Franciliens renoncent \u00e0 d\u00e9clarer leurs sinistres"},"content":{"rendered":"<p><img loading=\"lazy\" decoding=\"async\" alt=\"\u00a9 Shutterstock - \u00c0 l\u2019heure o\u00f9 l\u2019inflation impacte directement le pouvoir d\u2019achat des Fran\u00e7ais, les cons\u00e9quences de cette crise se font sentir dans des domaines inattendus.\" data-zoom-src=\"https:\/\/www.europesays.com\/fr\/wp-content\/uploads\/2025\/04\/initial-degats-eaux-logement.jpg\" data-zoomable=\"\" height=\"702\" src=\"https:\/\/www.europesays.com\/fr\/wp-content\/uploads\/2025\/04\/initial-degats-eaux-logement.jpg\" width=\"1248\"\/>  <\/p>\n<p class=\"article-desc\">\u00a9 Shutterstock &#8211; \u00c0 l\u2019heure o\u00f9 l\u2019inflation impacte directement le pouvoir d\u2019achat des Fran\u00e7ais, les cons\u00e9quences de cette crise se font sentir dans des domaines inattendus. <\/p>\n<p>En \u00cele-de-France, pr\u00e8s d\u2019<strong>un habitant sur trois<\/strong> choisit d\u00e9sormais de <strong>ne plus d\u00e9clarer certains sinistres<\/strong> \u00e0 son assurance, selon une enqu\u00eate men\u00e9e par l\u2019institut Poll&amp;Roll pour l\u2019assureur digital Leocare. <\/p>\n<p>Cette \u00e9tude, r\u00e9alis\u00e9e fin mars 2025 aupr\u00e8s d\u2019un \u00e9chantillon repr\u00e9sentatif de la population francilienne, met en lumi\u00e8re un <strong>comportement en pleine mutation<\/strong> : pour de nombreux assur\u00e9s, d\u00e9clarer un sinistre ne va plus de soi. En cause, des d\u00e9marches jug\u00e9es trop lourdes, mais surtout, la peur de voir sa <a href=\"https:\/\/mesinfos.fr\/ile-de-france\/une-majorite-de-francais-prete-a-se-passer-d-assurance-186770.html\" rel=\"noopener nofollow\" target=\"_blank\">prime d\u2019assurance<\/a> augmenter. <\/p>\n<p>Un contexte d\u2019inflation qui p\u00e8se lourdement sur les assur\u00e9s <\/p>\n<p>Depuis le d\u00e9but de l\u2019ann\u00e9e, les primes d\u2019assurance ont connu une hausse significative. Selon les chiffres avanc\u00e9s par <strong>Leocare<\/strong>, l\u2019assurance habitation a augment\u00e9 de 8 \u00e0 12 %, tandis que les contrats auto ont subi une hausse moyenne de 4 \u00e0 6 %. Dans un contexte o\u00f9 les d\u00e9penses contraintes \u2014 logement, \u00e9nergie, alimentation \u2014 accaparent une part croissante du budget des m\u00e9nages, ces augmentations passent mal. <\/p>\n<p>Pour de nombreux Franciliens, cela signifie <strong>faire des choix<\/strong>. Et certains de ces choix concernent directement la <strong>\u00ab\u00a0<\/strong>. Ainsi, 31 % des sond\u00e9s reconnaissent avoir renonc\u00e9 \u00e0 signaler un ou plusieurs sinistres au cours des derniers mois. Un chiffre significatif, qui montre \u00e0 quel point la crainte d\u2019une hausse de cotisation peut l\u2019emporter sur le recours \u00e0 un service pourtant essentiel. <\/p>\n<p>Une d\u00e9cision r\u00e9fl\u00e9chie plus qu\u2019un acte de fraude <\/p>\n<p>Contrairement \u00e0 la <strong>fraude \u00e0 l\u2019assurance<\/strong>, qui implique de fausses d\u00e9clarations ou la dissimulation volontaire d\u2019\u00e9l\u00e9ments pour en tirer profit, le ph\u00e9nom\u00e8ne mis en \u00e9vidence ici rel\u00e8ve davantage d\u2019un <strong>arbitrage personnel<\/strong>, souvent dict\u00e9 par des consid\u00e9rations \u00e9conomiques. Ainsi, 46 % des r\u00e9pondants affirment peser le pour et le contre avant de signaler un incident \u00e0 leur assureur. Et dans plus de la moiti\u00e9 des cas, ce calcul aboutit \u00e0 une non-d\u00e9claration.<\/p>\n<p>Les incidents les plus fr\u00e9quemment tus sont souvent consid\u00e9r\u00e9s comme <strong>mineurs<\/strong> : frottement contre un trottoir, impact sur un pare-brise, petite infiltration d\u2019eau ou panne d\u2019un appareil \u00e9lectrom\u00e9nager. Autant de d\u00e9sagr\u00e9ments qui, pris isol\u00e9ment, peuvent sembler anodins, mais dont l\u2019accumulation ou l\u2019aggravation peut engendrer des co\u00fbts importants. <\/p>\n<p>Des d\u00e9marches jug\u00e9es dissuasives <\/p>\n<p>Par ailleurs, les <strong>lourdeurs administratives<\/strong> sont r\u00e9guli\u00e8rement point\u00e9es du doigt. <strong>Plus de 60 %<\/strong> des Franciliens interrog\u00e9s estiment que les d\u00e9marches li\u00e9es \u00e0 une d\u00e9claration sont trop compliqu\u00e9es ou trop longues. L\u2019attente d\u2019un rendez-vous, les justificatifs \u00e0 fournir, le passage d\u2019un expert\u2026 autant d\u2019\u00e9tapes per\u00e7ues comme des freins, notamment pour des sinistres jug\u00e9s mineurs. <\/p>\n<p>Ce constat est d\u2019autant plus inqui\u00e9tant que 65 % des assur\u00e9s affirment qu\u2019ils d\u00e9clareraient davantage leurs sinistres si cela n\u2019entra\u00eenait pas <strong>une augmentation de leur prime<\/strong>. Un signal fort envoy\u00e9 aux <a href=\"https:\/\/mesinfos.fr\/assurances-les-bonnes-pratiques-pour-faire-le-bon-choix-216316.html\" rel=\"noopener nofollow\" target=\"_blank\">assureurs<\/a>, qui devront repenser leur approche s\u2019ils veulent restaurer la confiance. <\/p>\n<p>Pour <strong>Christophe Dandois<\/strong>, cofondateur de Leocare, cette tendance, si elle se g\u00e9n\u00e9ralise, risque d\u2019affaiblir le principe m\u00eame de l\u2019assurance : \u201cCe comportement met en danger l\u2019\u00e9quilibre du mod\u00e8le mutualiste. Un sinistre mineur non d\u00e9clar\u00e9 peut se transformer en un d\u00e9g\u00e2t majeur, non couvert, qui co\u00fbte plus cher \u00e0 l\u2019assur\u00e9 et affaiblit la logique de solidarit\u00e9 entre cotisants.\u201d<\/p>\n","protected":false},"excerpt":{"rendered":"\u00a9 Shutterstock &#8211; \u00c0 l\u2019heure o\u00f9 l\u2019inflation impacte directement le pouvoir d\u2019achat des Fran\u00e7ais, les cons\u00e9quences de cette&hellip;\n","protected":false},"author":2,"featured_media":24479,"comment_status":"","ping_status":"","sticky":false,"template":"","format":"standard","meta":{"footnotes":""},"categories":[1592],"tags":[1111,11,1117,1777,674,1011,27,662,12,626,25],"class_list":{"0":"post-24478","1":"post","2":"type-post","3":"status-publish","4":"format-standard","5":"has-post-thumbnail","7":"category-ile-de-france","8":"tag-actu","9":"tag-actualites","10":"tag-assurance","11":"tag-eu","12":"tag-europe","13":"tag-fr","14":"tag-france","15":"tag-ile-de-france","16":"tag-news","17":"tag-paris","18":"tag-republique-francaise"},"share_on_mastodon":{"url":"https:\/\/pubeurope.com\/@fr\/114336844193520865","error":""},"_links":{"self":[{"href":"https:\/\/www.europesays.com\/fr\/wp-json\/wp\/v2\/posts\/24478","targetHints":{"allow":["GET"]}}],"collection":[{"href":"https:\/\/www.europesays.com\/fr\/wp-json\/wp\/v2\/posts"}],"about":[{"href":"https:\/\/www.europesays.com\/fr\/wp-json\/wp\/v2\/types\/post"}],"author":[{"embeddable":true,"href":"https:\/\/www.europesays.com\/fr\/wp-json\/wp\/v2\/users\/2"}],"replies":[{"embeddable":true,"href":"https:\/\/www.europesays.com\/fr\/wp-json\/wp\/v2\/comments?post=24478"}],"version-history":[{"count":0,"href":"https:\/\/www.europesays.com\/fr\/wp-json\/wp\/v2\/posts\/24478\/revisions"}],"wp:featuredmedia":[{"embeddable":true,"href":"https:\/\/www.europesays.com\/fr\/wp-json\/wp\/v2\/media\/24479"}],"wp:attachment":[{"href":"https:\/\/www.europesays.com\/fr\/wp-json\/wp\/v2\/media?parent=24478"}],"wp:term":[{"taxonomy":"category","embeddable":true,"href":"https:\/\/www.europesays.com\/fr\/wp-json\/wp\/v2\/categories?post=24478"},{"taxonomy":"post_tag","embeddable":true,"href":"https:\/\/www.europesays.com\/fr\/wp-json\/wp\/v2\/tags?post=24478"}],"curies":[{"name":"wp","href":"https:\/\/api.w.org\/{rel}","templated":true}]}}